{"id":5405,"date":"2022-08-24T07:10:54","date_gmt":"2022-08-24T07:10:54","guid":{"rendered":"https:\/\/migrantesenigualdad.es\/?p=5405"},"modified":"2022-08-26T07:02:53","modified_gmt":"2022-08-26T07:02:53","slug":"buenas-practicas-en-prensa-2-mohamed-katir-medalla-de-bronce-para-espana-en-el-mundial-de-atletismo-20-07-22","status":"publish","type":"post","link":"https:\/\/migrantesenigualdad.es\/index.php\/2022\/08\/24\/buenas-practicas-en-prensa-2-mohamed-katir-medalla-de-bronce-para-espana-en-el-mundial-de-atletismo-20-07-22\/","title":{"rendered":"Buenas pr\u00e1cticas en prensa 2. Mohamed Katir, medalla de bronce para Espa\u00f1a en el Mundial de Atletismo (20.07.22)"},"content":{"rendered":"<p>[et_pb_section admin_label=\u00bbsection\u00bb]<br \/>\n\t\t\t[et_pb_row admin_label=\u00bbrow\u00bb]<br \/>\n\t\t\t\t[et_pb_column type=\u00bb4_4&#8243;][et_pb_text admin_label=\u00bbText\u00bb]El observatorio de prensa y redes sociales de <strong>Migrantes en igualdad<\/strong> muestra hoy una noticia publicada en <em>El Faro de Ceuta<\/em> siguiendo la <em>Gu\u00eda pr\u00e1ctica para los profesionales de los medios de comunicaci\u00f3n: tratamiento medi\u00e1tico de la inmigraci\u00f3n<\/em> publicada por el Observatorio Espa\u00f1ol del Racismo y la Xenofobia (OBERAXE) y las recomendaciones del Colegio Oficial de Periodistas de Andaluc\u00eda.<\/p>\n<p>Analizamos la noticia siguiendo las recomendaciones del colegio y la citada gu\u00eda. Se\u00f1alamos con cada color las frases del reportaje que coinciden con alguna de las recomendaciones que hace el colegio y que exponemos coloreadas a continuaci\u00f3n:<\/p>\n<ul>\n<li>Evitar utilizar un lenguaje deshumanizador.<\/li>\n<li><span style=\"color: #99cc00;\">Esforzarse en la precisi\u00f3n para evitar los prejuicios.<\/span><\/li>\n<li><span style=\"color: #ff0000;\">Poner en contexto los movimientos migratorios.<\/span><\/li>\n<li><span style=\"color: #ffcc00;\">Potenciar las noticias positivas. Hablar de las vidas de las personas migrantes mostr\u00e1ndolos en contextos de inclusi\u00f3n.<\/span><\/li>\n<li><span style=\"color: #800080;\">Incluir las voces de las personas migrantes. Evitar hacer suposiciones acerca de las intenciones. Visitar los lugares y hablar directamente con las personas implicadas.<\/span><\/li>\n<\/ul>\n<p>&nbsp;<\/p>\n<p><strong>Mohamed Katir, medalla de bronce para Espa\u00f1a en el Mundial de Atletismo<\/strong><\/p>\n<p>El atleta de Murcia de origen \u00e1rabe Mohamed Katir, tercero en la final de 1.500 metros de los Mundiales de Eugene, es el cuarto medallista mundial espa\u00f1ol, <span style=\"color: #99cc00;\">siguiendo los pasos de Jos\u00e9 Luis Gonz\u00e1lez (plata en Roma&#8217;87), Ferm\u00edn Cacho (platas en Stuttgart&#8217;93 y Atenas&#8217;97) y Reyes Est\u00e9vez (bronces en Atenas&#8217;97 y Sevilla&#8217;99), pero el primero que vino del otro lado de Estrecho ya que, en realidad, es nacido en Alcazarquivir (Marruecos) el 17 de febrero de 1998. Es decir, Katir procede de la inmigraci\u00f3n marroqu\u00ed, aunque su madre es egipcia.<\/span><\/p>\n<p>Pero nunca tuvo dudas respecto a s\u00ed mismo: <span style=\"color: #800080;\">\u00abMe siento cien por cien espa\u00f1ol. He crecido y estudiado aqu\u00ed, he pasado toda mi vida aqu\u00ed, mi carrera como atleta se ha forjado aqu\u00ed. Quiero competir como espa\u00f1ol y solo como espa\u00f1ol\u00bb, declar\u00f3 el a\u00f1o pasado antes de participar en los Juegos Ol\u00edmpicos de Tokio, donde pese a lograr un gran octavo puesto en 5.000, no alcanz\u00f3 a cumplir las enormes expectativas que hab\u00edan despertado sus marcas excepcionales.<\/span><\/p>\n<p><span style=\"color: #ff0000;\">Su padre lleg\u00f3 en patera a Espa\u00f1a a finales de la d\u00e9cada de los 90, unos a\u00f1os antes de que \u00e9l naciera, en busca de trabajo, mientras su madre esperaba en Larache el momento de reunirse con su marido. Lo hizo cuando Mohamed ten\u00eda cinco a\u00f1os.<\/span><\/p>\n<p><span style=\"color: #800080;\">Se instalaron al principio en Huesca, donde Katir empez\u00f3 a jugar al f\u00fatbol. Era muy r\u00e1pido, pero no demasiado bueno t\u00e9cnicamente, seg\u00fan confesi\u00f3n propia.<\/span><\/p>\n<p>Unos a\u00f1os despu\u00e9s la <span style=\"color: #99cc00;\">familia se traslad\u00f3 a Mula (Murcia)<\/span>. <span style=\"color: #ffcc00;\">All\u00ed un entrenador, Crist\u00f3bal Carlos, que lo vio ganar una carrera en el colegio, invit\u00f3 a sus padres a que lo apuntaran en el club de atletismo UCAM Cartagena. All\u00ed creci\u00f3 como atleta, en un pueblo sin pista de atletismo, corriendo por caminos de tierra alrededor de un peque\u00f1o lago.<\/span><\/p>\n<p>Compet\u00eda en campeonatos de Espa\u00f1a en categor\u00edas menores pero sus \u00e9xitos no contaban. Ten\u00eda la nacionalidad marroqu\u00ed, hasta que <span style=\"color: #99cc00;\">obtuvo la espa\u00f1ola en noviembre de 2019.<\/span> Ese mismo a\u00f1o hab\u00eda ganado el campeonato de Espa\u00f1a de<span style=\"color: #99cc00;\"> 3.000 en pista cubierta,<\/span> pero no pudo recibir su medalla por ser extranjero.<\/p>\n<p>Como casi todos los atletas del mundo, Mo Katir <span style=\"color: #99cc00;\">perdi\u00f3 el a\u00f1o 2020 por la pandemia,<\/span> pero no el tiempo. Sigui\u00f3 adiestr\u00e1ndose bajo la direcci\u00f3n de Gabi Lorente <span style=\"color: #99cc00;\">y en 2021<\/span>, trabajando la <span style=\"color: #99cc00;\">pretemporada en Sierra nevada<\/span>, junto al noruego Jakob Ingebrigtsen y otros grandes atletas mundiales, dio el gran salto, convirti\u00e9ndose en la sensaci\u00f3n del mediofondo y el fondo mundial.<\/p>\n<p>El murciano, <span style=\"color: #99cc00;\">de 23 a\u00f1os<\/span>, bati\u00f3 el pasado a\u00f1o, en el breve lapso de <span style=\"color: #99cc00;\">33 d\u00edas, tres r\u00e9cords<\/span> nacionales de Espa\u00f1a a cual m\u00e1s impresionante:<span style=\"color: #99cc00;\"> 3:28.76 en 1.500 (borrando de las listas a Ferm\u00edn Cacho), 7:27.64 en 3.000 (a Isaac Viciosa) y 12:50.79 en 5.000 (a Alemayehu Bezabeh).<\/span><\/p>\n<p><span style=\"color: #ffcc00;\">Katir hab\u00eda demostrado su competencia en las carreras limpias, lanzadas por liebres, de la Diamond League, en la que obtuvo tres victorias antes de llegar a Tokio. Permanec\u00eda, no obstante, la inc\u00f3gnita sobre si sabr\u00eda arregl\u00e1rselas en una carrera t\u00e1ctica, pues en el campeonato de Espa\u00f1a le bati\u00f3 Carlos Mayo en el esprint.<\/span><\/p>\n<p><span style=\"color: #ffcc00;\">El murciano, amante del boxeo, del f\u00fatbol (admira a los italianos Pirlo y Buffon) y de la poes\u00eda, lleg\u00f3 este a\u00f1o a Eugene sin tanta presi\u00f3n medi\u00e1tica, pas\u00f3 discretamente por las rondas precedentes y en la hora decisiva de la final no fall\u00f3. El mediofondo espa\u00f1ol vuelve a contar en el mundo.<\/span>[\/et_pb_text][\/et_pb_column]<br \/>\n\t\t\t[\/et_pb_row]<br \/>\n\t\t[\/et_pb_section]<\/p>\n","protected":false},"excerpt":{"rendered":"<p>El observatorio de prensa y redes sociales de Migrantes en igualdad muestra hoy una noticia publicada en El Faro de Ceuta siguiendo la Gu\u00eda pr\u00e1ctica para los profesionales de los medios de comunicaci\u00f3n: tratamiento medi\u00e1tico de la inmigraci\u00f3n publicada por el Observatorio Espa\u00f1ol del Racismo y la Xenofobia (OBERAXE) y las recomendaciones del Colegio Oficial [&hellip;]<\/p>\n","protected":false},"author":1,"featured_media":5407,"comment_status":"open","ping_status":"closed","sticky":false,"template":"","format":"standard","meta":{"_et_pb_use_builder":"on","_et_pb_old_content":"El observatorio de prensa y redes sociales de <strong>Migrantes en igualdad<\/strong> muestra hoy una noticia publicada en <em>El Faro de Ceuta<\/em> siguiendo la <em>Gu\u00eda pr\u00e1ctica para los profesionales de los medios de comunicaci\u00f3n: tratamiento medi\u00e1tico de la inmigraci\u00f3n<\/em> publicada por el Observatorio Espa\u00f1ol del Racismo y la Xenofobia (OBERAXE) y las recomendaciones del Colegio Oficial de Periodistas de Andaluc\u00eda.\r\n\r\nAnalizamos la noticia siguiendo las recomendaciones del colegio y la citada gu\u00eda. Se\u00f1alamos con cada color las frases del reportaje que coinciden con alguna de las recomendaciones que hace el colegio y que exponemos coloreadas a continuaci\u00f3n:\r\n<ul>\r\n \t<li>Evitar utilizar un lenguaje deshumanizador.<\/li>\r\n \t<li><span style=\"color: #99cc00;\">Esforzarse en la precisi\u00f3n para evitar los prejuicios.<\/span><\/li>\r\n \t<li><span style=\"color: #ff0000;\">Poner en contexto los movimientos migratorios.<\/span><\/li>\r\n \t<li><span style=\"color: #ffcc00;\">Potenciar las noticias positivas. Hablar de las vidas de las personas migrantes mostr\u00e1ndolos en contextos de inclusi\u00f3n.<\/span><\/li>\r\n \t<li><span style=\"color: #800080;\">Incluir las voces de las personas migrantes. Evitar hacer suposiciones acerca de las intenciones. Visitar los lugares y hablar directamente con las personas implicadas.<\/span><\/li>\r\n<\/ul>\r\n&nbsp;\r\n\r\n<strong>Mohamed Katir, medalla de bronce para Espa\u00f1a en el Mundial de Atletismo<\/strong>\r\n\r\nEl atleta de Murcia de origen \u00e1rabe Mohamed Katir, tercero en la final de 1.500 metros de los Mundiales de Eugene, es el cuarto medallista mundial espa\u00f1ol, <span style=\"color: #99cc00;\">siguiendo los pasos de Jos\u00e9 Luis Gonz\u00e1lez (plata en Roma'87), Ferm\u00edn Cacho (platas en Stuttgart'93 y Atenas'97) y Reyes Est\u00e9vez (bronces en Atenas'97 y Sevilla'99), pero el primero que vino del otro lado de Estrecho ya que, en realidad, es nacido en Alcazarquivir (Marruecos) el 17 de febrero de 1998. Es decir, Katir procede de la inmigraci\u00f3n marroqu\u00ed, aunque su madre es egipcia.<\/span>\r\n\r\nPero nunca tuvo dudas respecto a s\u00ed mismo: <span style=\"color: #800080;\">\"Me siento cien por cien espa\u00f1ol. He crecido y estudiado aqu\u00ed, he pasado toda mi vida aqu\u00ed, mi carrera como atleta se ha forjado aqu\u00ed. Quiero competir como espa\u00f1ol y solo como espa\u00f1ol\", declar\u00f3 el a\u00f1o pasado antes de participar en los Juegos Ol\u00edmpicos de Tokio, donde pese a lograr un gran octavo puesto en 5.000, no alcanz\u00f3 a cumplir las enormes expectativas que hab\u00edan despertado sus marcas excepcionales.<\/span>\r\n\r\n<span style=\"color: #ff0000;\">Su padre lleg\u00f3 en patera a Espa\u00f1a a finales de la d\u00e9cada de los 90, unos a\u00f1os antes de que \u00e9l naciera, en busca de trabajo, mientras su madre esperaba en Larache el momento de reunirse con su marido. Lo hizo cuando Mohamed ten\u00eda cinco a\u00f1os.<\/span>\r\n\r\n<span style=\"color: #800080;\">Se instalaron al principio en Huesca, donde Katir empez\u00f3 a jugar al f\u00fatbol. Era muy r\u00e1pido, pero no demasiado bueno t\u00e9cnicamente, seg\u00fan confesi\u00f3n propia.<\/span>\r\n\r\nUnos a\u00f1os despu\u00e9s la <span style=\"color: #99cc00;\">familia se traslad\u00f3 a Mula (Murcia)<\/span>. <span style=\"color: #ffcc00;\">All\u00ed un entrenador, Crist\u00f3bal Carlos, que lo vio ganar una carrera en el colegio, invit\u00f3 a sus padres a que lo apuntaran en el club de atletismo UCAM Cartagena. All\u00ed creci\u00f3 como atleta, en un pueblo sin pista de atletismo, corriendo por caminos de tierra alrededor de un peque\u00f1o lago.<\/span>\r\n\r\nCompet\u00eda en campeonatos de Espa\u00f1a en categor\u00edas menores pero sus \u00e9xitos no contaban. Ten\u00eda la nacionalidad marroqu\u00ed, hasta que <span style=\"color: #99cc00;\">obtuvo la espa\u00f1ola en noviembre de 2019.<\/span> Ese mismo a\u00f1o hab\u00eda ganado el campeonato de Espa\u00f1a de<span style=\"color: #99cc00;\"> 3.000 en pista cubierta,<\/span> pero no pudo recibir su medalla por ser extranjero.\r\n\r\nComo casi todos los atletas del mundo, Mo Katir <span style=\"color: #99cc00;\">perdi\u00f3 el a\u00f1o 2020 por la pandemia,<\/span> pero no el tiempo. Sigui\u00f3 adiestr\u00e1ndose bajo la direcci\u00f3n de Gabi Lorente <span style=\"color: #99cc00;\">y en 2021<\/span>, trabajando la <span style=\"color: #99cc00;\">pretemporada en Sierra nevada<\/span>, junto al noruego Jakob Ingebrigtsen y otros grandes atletas mundiales, dio el gran salto, convirti\u00e9ndose en la sensaci\u00f3n del mediofondo y el fondo mundial.\r\n\r\nEl murciano, <span style=\"color: #99cc00;\">de 23 a\u00f1os<\/span>, bati\u00f3 el pasado a\u00f1o, en el breve lapso de <span style=\"color: #99cc00;\">33 d\u00edas, tres r\u00e9cords<\/span> nacionales de Espa\u00f1a a cual m\u00e1s impresionante:<span style=\"color: #99cc00;\"> 3:28.76 en 1.500 (borrando de las listas a Ferm\u00edn Cacho), 7:27.64 en 3.000 (a Isaac Viciosa) y 12:50.79 en 5.000 (a Alemayehu Bezabeh).<\/span>\r\n\r\n<span style=\"color: #ffcc00;\">Katir hab\u00eda demostrado su competencia en las carreras limpias, lanzadas por liebres, de la Diamond League, en la que obtuvo tres victorias antes de llegar a Tokio. Permanec\u00eda, no obstante, la inc\u00f3gnita sobre si sabr\u00eda arregl\u00e1rselas en una carrera t\u00e1ctica, pues en el campeonato de Espa\u00f1a le bati\u00f3 Carlos Mayo en el esprint.<\/span>\r\n\r\n<span style=\"color: #ffcc00;\">El murciano, amante del boxeo, del f\u00fatbol (admira a los italianos Pirlo y Buffon) y de la poes\u00eda, lleg\u00f3 este a\u00f1o a Eugene sin tanta presi\u00f3n medi\u00e1tica, pas\u00f3 discretamente por las rondas precedentes y en la hora decisiva de la final no fall\u00f3. El mediofondo espa\u00f1ol vuelve a contar en el mundo.<\/span>","_et_gb_content_width":"","_jetpack_newsletter_access":"","_jetpack_dont_email_post_to_subs":false,"_jetpack_newsletter_tier_id":0,"_jetpack_memberships_contains_paywalled_content":false,"_jetpack_feature_clip_id":0,"_jetpack_memberships_contains_paid_content":false,"footnotes":"","jetpack_post_was_ever_published":false},"categories":[26],"tags":[46,157,156],"class_list":["post-5405","post","type-post","status-publish","format-standard","has-post-thumbnail","hentry","category-observatorio","tag-buenas-practicas","tag-integracion","tag-voces-migrantes"],"jetpack_sharing_enabled":true,"jetpack_featured_media_url":"https:\/\/i0.wp.com\/migrantesenigualdad.es\/wp-content\/uploads\/2022\/08\/buenas-practicas.webp?fit=999%2C563&ssl=1","post_mailing_queue_ids":[],"_links":{"self":[{"href":"https:\/\/migrantesenigualdad.es\/index.php\/wp-json\/wp\/v2\/posts\/5405","targetHints":{"allow":["GET"]}}],"collection":[{"href":"https:\/\/migrantesenigualdad.es\/index.php\/wp-json\/wp\/v2\/posts"}],"about":[{"href":"https:\/\/migrantesenigualdad.es\/index.php\/wp-json\/wp\/v2\/types\/post"}],"author":[{"embeddable":true,"href":"https:\/\/migrantesenigualdad.es\/index.php\/wp-json\/wp\/v2\/users\/1"}],"replies":[{"embeddable":true,"href":"https:\/\/migrantesenigualdad.es\/index.php\/wp-json\/wp\/v2\/comments?post=5405"}],"version-history":[{"count":0,"href":"https:\/\/migrantesenigualdad.es\/index.php\/wp-json\/wp\/v2\/posts\/5405\/revisions"}],"wp:featuredmedia":[{"embeddable":true,"href":"https:\/\/migrantesenigualdad.es\/index.php\/wp-json\/wp\/v2\/media\/5407"}],"wp:attachment":[{"href":"https:\/\/migrantesenigualdad.es\/index.php\/wp-json\/wp\/v2\/media?parent=5405"}],"wp:term":[{"taxonomy":"category","embeddable":true,"href":"https:\/\/migrantesenigualdad.es\/index.php\/wp-json\/wp\/v2\/categories?post=5405"},{"taxonomy":"post_tag","embeddable":true,"href":"https:\/\/migrantesenigualdad.es\/index.php\/wp-json\/wp\/v2\/tags?post=5405"}],"curies":[{"name":"wp","href":"https:\/\/api.w.org\/{rel}","templated":true}]}}