{"id":5400,"date":"2022-08-23T12:23:36","date_gmt":"2022-08-23T12:23:36","guid":{"rendered":"https:\/\/migrantesenigualdad.es\/?p=5400"},"modified":"2022-08-23T12:23:36","modified_gmt":"2022-08-23T12:23:36","slug":"el-derecho-a-la-salud-aspiracion-universal","status":"publish","type":"post","link":"https:\/\/migrantesenigualdad.es\/index.php\/2022\/08\/23\/el-derecho-a-la-salud-aspiracion-universal\/","title":{"rendered":"El derecho a la salud, aspiraci\u00f3n universal"},"content":{"rendered":"<p>El a\u00f1o<span style=\"color: #ff9900;\"><strong> 2022<\/strong><\/span> ha tra\u00eddo un cierto alivio al mundo tras la devastadora pandemia del <strong>Covid-19<\/strong>. Cient\u00edficos del mundo entero y el personal sanitario trabajaron duro para acabar con la pandemia y devolver algo de normalidad a un mundo que sigue enfrentado a retos globales. Las<strong> guerras<\/strong>, el <strong>calentamiento del planeta<\/strong> o la <strong>pobreza<\/strong> siguen condicionando la vida de millones de personas. La Covid-19 tambi\u00e9n sirvi\u00f3 para hacer m\u00e1s evidente c\u00f3mo las dificultades repercuten en las personas de forma diferente, seg\u00fan sus condiciones sociales, econ\u00f3micas o pol\u00edticas. La desventaja en la atenci\u00f3n sanitaria de las personas migrantes qued\u00f3 tambi\u00e9n reflejada en la crisis sanitaria que trajo el Covid-19.<\/p>\n<p>El <a href=\"https:\/\/worldmigrationreport.iom.int\/wmr-2022-interactive\/?lang=ES\"><strong><em>Informe sobre las migraciones en el mundo<\/em><\/strong><\/a> hecho por la <strong>Organizaci\u00f3n Internacional para las Migraciones \u00a0(OIM)<\/strong> \u00a0cifraba en<strong><span style=\"color: #ff9900;\"> 281 millones<\/span><\/strong> el n\u00famero de <span style=\"color: #ff9900;\"><strong>migrantes<\/strong> <\/span>que hab\u00eda en el mundo en 2020, lo que equivale al <strong>3,6<\/strong> \u00a0por ciento de la poblaci\u00f3n mundial. Los m\u00e1s pobres y en mayor riesgo, como <span style=\"color: #ff9900;\"><strong>las\/os migrantes<\/strong><\/span>,<strong> las\/os refugiados<\/strong> y <strong><span style=\"color: #ff9900;\">las\/os solicitantes de asilo<\/span><\/strong> siguen siendo las personas m\u00e1s desatendidas y las menos capaces de acceder a la informaci\u00f3n y los servicios de salud con garant\u00edas.<\/p>\n<blockquote><p>Los redactores del informe de la <span style=\"color: #ff9900;\"><strong>OIM<\/strong><\/span> se\u00f1alan: \u201cQueda mucho por hacer si queremos lograr un mundo donde la cobertura de salud sea verdaderamente universal y donde ning\u00fan migrante se quede atr\u00e1s. No pararemos. A medida que persiste la brecha de equidad en salud, tambi\u00e9n lo hace nuestra ambici\u00f3n de vencerla\u201d.<\/p><\/blockquote>\n<p>En 2021, <strong><span style=\"color: #ff9900;\">OIM<\/span><\/strong> celebr\u00f3 los 70 a\u00f1os de su existencia y servicio. El \u00e1mbito y el alcance geogr\u00e1fico de su trabajo en <strong><span style=\"color: #ff9900;\">migraci\u00f3n y salud<\/span><\/strong> se ha ampliado a unos 110 pa\u00edses en los que ofrece a las\/os migrantes atenci\u00f3n primaria, apoyo psicol\u00f3gico, o lucha contra enfermedades de alto contagio como el <strong>VIH<\/strong>, la <strong>tuberculosis<\/strong> y la <strong>malaria<\/strong>. Tambi\u00e9n desarrolla campa\u00f1as de vacunaci\u00f3n de la poblaci\u00f3n contra el Covid-19.<\/p>\n","protected":false},"excerpt":{"rendered":"<p>El a\u00f1o 2022 ha tra\u00eddo un cierto alivio al mundo tras la devastadora pandemia del Covid-19. Cient\u00edficos del mundo entero y el personal sanitario trabajaron duro para acabar con la pandemia y devolver algo de normalidad a un mundo que sigue enfrentado a retos globales. Las guerras, el calentamiento del planeta o la pobreza siguen [&hellip;]<\/p>\n","protected":false},"author":1,"featured_media":5401,"comment_status":"open","ping_status":"closed","sticky":false,"template":"","format":"standard","meta":{"_et_pb_use_builder":"","_et_pb_old_content":"","_et_gb_content_width":"","_jetpack_newsletter_access":"","_jetpack_dont_email_post_to_subs":false,"_jetpack_newsletter_tier_id":0,"_jetpack_memberships_contains_paywalled_content":false,"_jetpack_feature_clip_id":0,"_jetpack_memberships_contains_paid_content":false,"footnotes":"","jetpack_post_was_ever_published":false},"categories":[104],"tags":[51,119,14,161],"class_list":["post-5400","post","type-post","status-publish","format-standard","has-post-thumbnail","hentry","category-mundo-global","tag-ciudadanos-extranjeros","tag-migracion","tag-migrantes","tag-oim"],"jetpack_sharing_enabled":true,"jetpack_featured_media_url":"https:\/\/i0.wp.com\/migrantesenigualdad.es\/wp-content\/uploads\/2022\/08\/OIM.png?fit=318%2C159&ssl=1","post_mailing_queue_ids":[],"_links":{"self":[{"href":"https:\/\/migrantesenigualdad.es\/index.php\/wp-json\/wp\/v2\/posts\/5400","targetHints":{"allow":["GET"]}}],"collection":[{"href":"https:\/\/migrantesenigualdad.es\/index.php\/wp-json\/wp\/v2\/posts"}],"about":[{"href":"https:\/\/migrantesenigualdad.es\/index.php\/wp-json\/wp\/v2\/types\/post"}],"author":[{"embeddable":true,"href":"https:\/\/migrantesenigualdad.es\/index.php\/wp-json\/wp\/v2\/users\/1"}],"replies":[{"embeddable":true,"href":"https:\/\/migrantesenigualdad.es\/index.php\/wp-json\/wp\/v2\/comments?post=5400"}],"version-history":[{"count":0,"href":"https:\/\/migrantesenigualdad.es\/index.php\/wp-json\/wp\/v2\/posts\/5400\/revisions"}],"wp:featuredmedia":[{"embeddable":true,"href":"https:\/\/migrantesenigualdad.es\/index.php\/wp-json\/wp\/v2\/media\/5401"}],"wp:attachment":[{"href":"https:\/\/migrantesenigualdad.es\/index.php\/wp-json\/wp\/v2\/media?parent=5400"}],"wp:term":[{"taxonomy":"category","embeddable":true,"href":"https:\/\/migrantesenigualdad.es\/index.php\/wp-json\/wp\/v2\/categories?post=5400"},{"taxonomy":"post_tag","embeddable":true,"href":"https:\/\/migrantesenigualdad.es\/index.php\/wp-json\/wp\/v2\/tags?post=5400"}],"curies":[{"name":"wp","href":"https:\/\/api.w.org\/{rel}","templated":true}]}}