{"id":5393,"date":"2022-08-26T06:00:01","date_gmt":"2022-08-26T06:00:01","guid":{"rendered":"https:\/\/migrantesenigualdad.es\/?p=5393"},"modified":"2022-08-24T11:52:28","modified_gmt":"2022-08-24T11:52:28","slug":"5393","status":"publish","type":"post","link":"https:\/\/migrantesenigualdad.es\/index.php\/2022\/08\/26\/5393\/","title":{"rendered":"La historia de Sof\u00eda"},"content":{"rendered":"<p>Sof\u00eda es una mujer de 20 a\u00f1os que vive en Casablanca con sus padres. Se da cuenta de que est\u00e1 embarazada y es ah\u00ed cuando comienzan sus problemas. En Marruecos est\u00e1 prohibido dar a luz si los padres no est\u00e1n casados. Sof\u00eda busca ayuda en su amiga Lena para ocultar a su hija reci\u00e9n nacida y la verdad sobre c\u00f3mo fue concebida. La pel\u00edcula muestra una cultura y una sociedad en la que la mujer vive una serie de dificultades a\u00f1adidas al proceso de ser madre. En apenas 85 minutos refleja con gran sensibilidad las relaciones que tiene la sociedad marroqu\u00ed con sus propios valores, leyes y tradiciones y c\u00f3mo esto puede afectar a las personas que la conforman.<img data-recalc-dims=\"1\" loading=\"lazy\" decoding=\"async\" class=\" wp-image-5394 alignright\" src=\"https:\/\/i0.wp.com\/migrantesenigualdad.es\/wp-content\/uploads\/2022\/08\/Sof_a-335621085-mmed.jpg?resize=251%2C330&#038;ssl=1\" alt=\"\" width=\"251\" height=\"330\" srcset=\"https:\/\/i0.wp.com\/migrantesenigualdad.es\/wp-content\/uploads\/2022\/08\/Sof_a-335621085-mmed.jpg?w=300&amp;ssl=1 300w, https:\/\/i0.wp.com\/migrantesenigualdad.es\/wp-content\/uploads\/2022\/08\/Sof_a-335621085-mmed.jpg?resize=228%2C300&amp;ssl=1 228w\" sizes=\"(max-width: 251px) 100vw, 251px\" \/><\/p>\n<p>Esta cinta nos muestra una realidad que sigue d\u00e1ndose en muchos pa\u00edses: la discriminaci\u00f3n de las madres solteras, que se convierten en delincuentes por dar a luz pues las leyes lo consideran delito. Afrontar estas situaciones lleva a las mujeres de estos pa\u00edses a vivir enormes dificultades y a protagonizar historias de coraje y superaci\u00f3n como la que se ve en la pel\u00edcula.<\/p>\n<p>La historia de Sof\u00eda nos hace ver cu\u00e1n necesarias son las pol\u00edticas dirigidas a las mujeres migrantes que tengan una mirada de g\u00e9nero y clase para ayudarlas a mitigar las dificultades y discriminaciones que han sufrido. Los pa\u00edses de acogida no pueden convertirse en c\u00f3mplices de aquellos en los que ellas son claramente discriminadas y en los que los la cultura patriarcal y machista sigue imperando en todos los niveles.<\/p>\n","protected":false},"excerpt":{"rendered":"<p>Sof\u00eda es una mujer de 20 a\u00f1os que vive en Casablanca con sus padres. Se da cuenta de que est\u00e1 embarazada y es ah\u00ed cuando comienzan sus problemas. En Marruecos est\u00e1 prohibido dar a luz si los padres no est\u00e1n casados. Sof\u00eda busca ayuda en su amiga Lena para ocultar a su hija reci\u00e9n nacida [&hellip;]<\/p>\n","protected":false},"author":1,"featured_media":5398,"comment_status":"open","ping_status":"closed","sticky":false,"template":"","format":"standard","meta":{"_et_pb_use_builder":"","_et_pb_old_content":"","_et_gb_content_width":"","_jetpack_newsletter_access":"","_jetpack_dont_email_post_to_subs":false,"_jetpack_newsletter_tier_id":0,"_jetpack_memberships_contains_paywalled_content":false,"_jetpack_feature_clip_id":0,"_jetpack_memberships_contains_paid_content":false,"footnotes":"","jetpack_post_was_ever_published":false},"categories":[109],"tags":[158,160,159,119],"class_list":["post-5393","post","type-post","status-publish","format-standard","has-post-thumbnail","hentry","category-cine","tag-cine","tag-dificultades","tag-genero","tag-migracion"],"jetpack_sharing_enabled":true,"jetpack_featured_media_url":"https:\/\/i0.wp.com\/migrantesenigualdad.es\/wp-content\/uploads\/2022\/08\/sofia-pelicula-1549453578.jpg?fit=1797%2C1200&ssl=1","post_mailing_queue_ids":[],"_links":{"self":[{"href":"https:\/\/migrantesenigualdad.es\/index.php\/wp-json\/wp\/v2\/posts\/5393","targetHints":{"allow":["GET"]}}],"collection":[{"href":"https:\/\/migrantesenigualdad.es\/index.php\/wp-json\/wp\/v2\/posts"}],"about":[{"href":"https:\/\/migrantesenigualdad.es\/index.php\/wp-json\/wp\/v2\/types\/post"}],"author":[{"embeddable":true,"href":"https:\/\/migrantesenigualdad.es\/index.php\/wp-json\/wp\/v2\/users\/1"}],"replies":[{"embeddable":true,"href":"https:\/\/migrantesenigualdad.es\/index.php\/wp-json\/wp\/v2\/comments?post=5393"}],"version-history":[{"count":0,"href":"https:\/\/migrantesenigualdad.es\/index.php\/wp-json\/wp\/v2\/posts\/5393\/revisions"}],"wp:featuredmedia":[{"embeddable":true,"href":"https:\/\/migrantesenigualdad.es\/index.php\/wp-json\/wp\/v2\/media\/5398"}],"wp:attachment":[{"href":"https:\/\/migrantesenigualdad.es\/index.php\/wp-json\/wp\/v2\/media?parent=5393"}],"wp:term":[{"taxonomy":"category","embeddable":true,"href":"https:\/\/migrantesenigualdad.es\/index.php\/wp-json\/wp\/v2\/categories?post=5393"},{"taxonomy":"post_tag","embeddable":true,"href":"https:\/\/migrantesenigualdad.es\/index.php\/wp-json\/wp\/v2\/tags?post=5393"}],"curies":[{"name":"wp","href":"https:\/\/api.w.org\/{rel}","templated":true}]}}