{"id":5379,"date":"2022-08-31T05:58:50","date_gmt":"2022-08-31T05:58:50","guid":{"rendered":"https:\/\/migrantesenigualdad.es\/?p=5379"},"modified":"2022-08-24T11:50:51","modified_gmt":"2022-08-24T11:50:51","slug":"5379","status":"publish","type":"post","link":"https:\/\/migrantesenigualdad.es\/index.php\/2022\/08\/31\/5379\/","title":{"rendered":"Buenas pr\u00e1cticas en prensa 3. La traves\u00eda inconclusa de Mohamed (10.08.22)"},"content":{"rendered":"<p>El observatorio de prensa y redes sociales de <strong>Migrantes en igualdad<\/strong> muestra hoy una noticia publicada en <em>El Faro de Ceuta<\/em> siguiendo la <em>Gu\u00eda pr\u00e1ctica para los profesionales de los medios de comunicaci\u00f3n: tratamiento medi\u00e1tico de la inmigraci\u00f3n<\/em> publicada por el Observatorio Espa\u00f1ol del Racismo y la Xenofobia (OBERAXE) y las recomendaciones del Colegio Oficial de Periodistas de Andaluc\u00eda.<\/p>\n<p>Analizamos la noticia siguiendo las recomendaciones del colegio y la citada gu\u00eda. Se\u00f1alamos con cada color las frases del reportaje que coinciden con alguna de las recomendaciones que hace el coelgio y que exponemos coloreadas a continuaci\u00f3n:<\/p>\n<ul>\n<li>Evitar utilizar un lenguaje deshumanizador.<\/li>\n<li><span style=\"color: #99cc00;\">Esforzarse en la precisi\u00f3n para evitar los prejuicios.<\/span><\/li>\n<li><span style=\"color: #ff0000;\">Poner en contexto los movimientos migratorios<\/span><\/li>\n<li><span style=\"color: #ff6600;\">Evitar describir a las personas migrantes con un mismo enfoque generalista.<\/span><\/li>\n<li><span style=\"color: #800080;\">Incluir las voces de las personas migrantes. Evitar hacer suposiciones acerca de las intenciones. Visitar los lugares y hablar directamente con las personas implicadas.<\/span><\/li>\n<\/ul>\n<p><strong>La traves\u00eda inconclusa de Mohamed<\/strong><\/p>\n<p><span style=\"color: #ff0000;\">Hartos de su situaci\u00f3n en Marruecos<\/span><span style=\"color: #99cc00;\"><span style=\"color: #ff0000;\">,<\/span> la noche del pasado 5 de agosto, Mohamed, dos amigos y otras 23 personas, la mayor\u00eda de ellos j\u00f3venes,<\/span> decidieron emprender un viaje que hacen muchas personas con mucha frecuencia, pero algunos con mejor suerte que otros. <span style=\"color: #99cc00;\">El grupo estaba dispuesto a entrar a Europa y lo har\u00eda nadando a Ceuta.<\/span><\/p>\n<p><span style=\"color: #ff0000;\">Si bien el Ministerio del Interior recogi\u00f3 en su \u00faltimo informe, con datos acumulados desde el 1 de enero hasta el 30 de abril de este 2022, que las entradas por v\u00eda mar\u00edtima a la ciudad hab\u00edan disminuido en comparaci\u00f3n con el mismo periodo en el 2021, los intentos contin\u00faan.<\/span><\/p>\n<p>Para este<span style=\"color: #ff6600;\"> joven pastelero de 26 a\u00f1os<\/span> el objetivo era claro: un mejor futuro. Por eso, en compa\u00f1\u00eda de otros <span style=\"color: #ff6600;\">dos j\u00f3venes de su barrio en Tetu\u00e1n<\/span>, tom\u00f3 la decisi\u00f3n de <span style=\"color: #800080;\">\u201cescapar del infierno de la vida aqu\u00ed, con la esperanza de una vida digna y con derechos en Europa\u201d<\/span>. Sin embargo, tuvieron que sortear otros obst\u00e1culos antes de el gran desaf\u00edo que significar\u00eda esa noche. <span style=\"color: #800080;\">\u201cEncontrar un trabajo para comprar un traje de neopreno era casi imposible, tuvimos que trabajar en explotaci\u00f3n y sin derechos para comprar un traje de buceo y aletas\u201d, cont\u00f3 a El Faro.<\/span><\/p>\n<p><span style=\"color: #800080;\">Fue entonces cuando la noche del 5 de agosto,<\/span><span style=\"color: #99cc00;\"> a las 11:38 horas,<\/span><span style=\"color: #800080;\"> \u201cconseguimos meternos en nuestros neoprenos sin que nadie nos viera o nos denunciara\u201d. Ten\u00edan que hacer un recorrido de unos<\/span> <span style=\"color: #99cc00;\">100 metros<\/span> <span style=\"color: #800080;\">para poder llegar al agua, pero en este trayecto se toparon con militares que los persiguieron incluso ya dentro del agua.<\/span> <span style=\"color: #99cc00;\">\u201cDos soldados<\/span> <span style=\"color: #800080;\">nos siguieron, nadando en el agua, maldiciendo y maldiciendo, atraparon a nuestro amigo, quien luego nos dijo que lo golpearon en la cara\u201d.<\/span><\/p>\n<p><span style=\"color: #ff6600;\">Mohamed y su otro amigo<\/span> continuaron a pesar de haber perdido las aletas durante la persecuci\u00f3n. <span style=\"color: #800080;\">\u201cNos quedamos y no desistimos hasta que los soldados dejaron de perseguirnos, luego seguimos nadando hasta que estuvimos muy lejos de la orilla y ya no pod\u00edamos ver a la gente\u201d.<\/span><\/p>\n<p>Continuaron hasta lograr divisar \u201cel punto de encuentro de las fronteras de Marruecos y Ceuta\u201d, pero cuando pensaron que estaban a punto de lograrlo, <span style=\"color: #800080;\">\u201capareci\u00f3 un peque\u00f1o bote de goma con motor de la Guardia Costera de Marruecos y nos ordenaron subir a \u00e9l\u201d.<\/span><\/p>\n<p>Lo siguiente fue llegar al<span style=\"color: #99cc00;\"> paso fronterizo, donde tomaron sus nombres y fotograf\u00edas, y les exigieron quitarse los trajes de buceo.<\/span> En ese lugar pudieron reencontrarse con el amigo del que se hab\u00edan separado horas antes, al inicio de la traves\u00eda, y con <span style=\"color: #99cc00;\">otras 23 personas<\/span> que esa misma noche tuvieron la misma mala suerte.<\/p>\n<p><span style=\"color: #800080;\">\u201cNo nos dieron ni comida, ni agua, a nadie, y nos ordenaron sentarnos en el suelo y no hablar, sometido a diversos tipos de insultos, tomaron nuestros nombres e informaci\u00f3n de donde entramos al mar\u201d. Mohamed no ofreci\u00f3 mayores detalles sobre cu\u00e1nto tiempo permaneci\u00f3 en este lugar ni c\u00f3mo pudo regresar a casa. Sin embargo, lo que s\u00ed recalc\u00f3 fue que \u201cs\u00ed pienso intentar cruzar otra vez, pero buscar\u00e9 en otra manera para que no me pueden ver, porque quiero ir a Europa para vivir con dignidad derecho y con paz\u201d.<\/span><\/p>\n","protected":false},"excerpt":{"rendered":"<p>El observatorio de prensa y redes sociales de Migrantes en igualdad muestra hoy una noticia publicada en El Faro de Ceuta siguiendo la Gu\u00eda pr\u00e1ctica para los profesionales de los medios de comunicaci\u00f3n: tratamiento medi\u00e1tico de la inmigraci\u00f3n publicada por el Observatorio Espa\u00f1ol del Racismo y la Xenofobia (OBERAXE) y las recomendaciones del Colegio Oficial [&hellip;]<\/p>\n","protected":false},"author":1,"featured_media":5380,"comment_status":"open","ping_status":"closed","sticky":false,"template":"","format":"standard","meta":{"_et_pb_use_builder":"","_et_pb_old_content":"","_et_gb_content_width":"","_jetpack_newsletter_access":"","_jetpack_dont_email_post_to_subs":false,"_jetpack_newsletter_tier_id":0,"_jetpack_memberships_contains_paywalled_content":false,"_jetpack_feature_clip_id":0,"_jetpack_memberships_contains_paid_content":false,"footnotes":"","jetpack_post_was_ever_published":false},"categories":[26],"tags":[],"class_list":["post-5379","post","type-post","status-publish","format-standard","has-post-thumbnail","hentry","category-observatorio"],"jetpack_sharing_enabled":true,"jetpack_featured_media_url":"https:\/\/i0.wp.com\/migrantesenigualdad.es\/wp-content\/uploads\/2022\/08\/Observatorio.jpg?fit=300%2C169&ssl=1","post_mailing_queue_ids":[],"_links":{"self":[{"href":"https:\/\/migrantesenigualdad.es\/index.php\/wp-json\/wp\/v2\/posts\/5379","targetHints":{"allow":["GET"]}}],"collection":[{"href":"https:\/\/migrantesenigualdad.es\/index.php\/wp-json\/wp\/v2\/posts"}],"about":[{"href":"https:\/\/migrantesenigualdad.es\/index.php\/wp-json\/wp\/v2\/types\/post"}],"author":[{"embeddable":true,"href":"https:\/\/migrantesenigualdad.es\/index.php\/wp-json\/wp\/v2\/users\/1"}],"replies":[{"embeddable":true,"href":"https:\/\/migrantesenigualdad.es\/index.php\/wp-json\/wp\/v2\/comments?post=5379"}],"version-history":[{"count":0,"href":"https:\/\/migrantesenigualdad.es\/index.php\/wp-json\/wp\/v2\/posts\/5379\/revisions"}],"wp:featuredmedia":[{"embeddable":true,"href":"https:\/\/migrantesenigualdad.es\/index.php\/wp-json\/wp\/v2\/media\/5380"}],"wp:attachment":[{"href":"https:\/\/migrantesenigualdad.es\/index.php\/wp-json\/wp\/v2\/media?parent=5379"}],"wp:term":[{"taxonomy":"category","embeddable":true,"href":"https:\/\/migrantesenigualdad.es\/index.php\/wp-json\/wp\/v2\/categories?post=5379"},{"taxonomy":"post_tag","embeddable":true,"href":"https:\/\/migrantesenigualdad.es\/index.php\/wp-json\/wp\/v2\/tags?post=5379"}],"curies":[{"name":"wp","href":"https:\/\/api.w.org\/{rel}","templated":true}]}}