{"id":5325,"date":"2022-08-09T20:07:51","date_gmt":"2022-08-09T20:07:51","guid":{"rendered":"https:\/\/migrantesenigualdad.es\/?p=5325"},"modified":"2022-08-09T20:07:51","modified_gmt":"2022-08-09T20:07:51","slug":"marvel-rompe-las-reglas-la-nueva-heroina-es-migrante-y-musulmana","status":"publish","type":"post","link":"https:\/\/migrantesenigualdad.es\/index.php\/2022\/08\/09\/marvel-rompe-las-reglas-la-nueva-heroina-es-migrante-y-musulmana\/","title":{"rendered":"Marvel rompe las reglas: La nueva hero\u00edna es migrante y musulmana"},"content":{"rendered":"<p class=\"p1\">\n<p class=\"p3\">El universo de<b> Marvel<\/b> ha revolucionado el mundo de la ficci\u00f3n, la influencia de sus pel\u00edculas y especialmente, de sus superh\u00e9roes han marcado la sociedad en su totalidad sin importar el sexo y la edad. Esta vez,<span class=\"Apple-converted-space\">\u00a0 <\/span>su impacto lejos de los recaudos y los galardones que logran sus pel\u00edculas y serie,<span class=\"Apple-converted-space\">\u00a0 <\/span>Marvel en coproducci\u00f3n con <b>Disey+<\/b> ha soprendido al p\u00fablico en las \u00faltimas semanas al anunciar que una de sus hero\u00ednas sea una joven musulmana de<span class=\"Apple-converted-space\">\u00a0<\/span>16 a\u00f1os : <strong>Ms. Marvel<\/strong><span class=\"Apple-converted-space\"> (intrerpretda por Iman Villani).\u00a0<\/span><\/p>\n<p class=\"p3\">La serie se basa en la vida de una hija de migrantes paquistan\u00edes en New Jersey y que es fan\u00e1tica de otra saga y, personajes de Marvel, <strong><i>Los Vengadores<\/i>.<\/strong> Su fanatismo por el mundo de <b>Marvel<\/b> la inspira a escribir historias de ficci\u00f3n inspiradas en sus \u00eddolos. Ella, solo emprende una aventura personal con el fin de adquirir los superpoderes de sus \u00eddolos.<span class=\"Apple-converted-space\">\u00a0<\/span><\/p>\n<p class=\"p3\">Con esto, Marvel quiso apostar por un espacio inclusivo. Aunque ya a priori, en materia de igualdad de g\u00e9nero, lo cual no ha sido recibido bien por el p\u00fablico var\u00f3n, al igual que pas\u00f3 cuando en<span class=\"Apple-converted-space\">\u00a0 <\/span>2019, se escogi\u00f3 a la actriz Natalie Portman para ser la hero\u00edna de <span style=\"color: #ff9900;\"><em>Thor: Love and Thunder .<\/em><\/span> Muchos la ve\u00edan como \u201cdemasiado femenina\u201d como para poseer poderes similares a los superh\u00e9roes varones.<span class=\"Apple-converted-space\">\u00a0<\/span><\/p>\n<p class=\"p3\">Este cambio y giro en la pol\u00edtica cinemato-medi\u00e1tica de Marvel no est\u00e1 siendo muy bien recibida por parte de la audiencia, sea por motivos <span style=\"color: #ff9900;\"><strong>machistas, racistas o xenof\u00f3bicos.<\/strong><\/span><\/p>\n<p class=\"p3\">Sin lugar a duda, Marvel est\u00e1 rompiendo las normas que rigen este subg\u00e9nero ficticio cuyo impacto trasciende la gran pantalla y goza de mucha presencia en el mundo de los videojuegos y las consolas, otro espacio de entretenimiento \u201cde hombres\u201d. El mensaje de Marvel es bien claro:<span class=\"Apple-converted-space\">\u00a0 <\/span><strong><span style=\"color: #ff9900;\">Ya no todos los h\u00e9roes son blancos y hombres<\/span><\/strong>.<\/p>\n","protected":false},"excerpt":{"rendered":"<p>El universo de Marvel ha revolucionado el mundo de la ficci\u00f3n, la influencia de sus pel\u00edculas y especialmente, de sus superh\u00e9roes han marcado la sociedad en su totalidad sin importar el sexo y la edad. Esta vez,\u00a0 su impacto lejos de los recaudos y los galardones que logran sus pel\u00edculas y serie,\u00a0 Marvel en coproducci\u00f3n [&hellip;]<\/p>\n","protected":false},"author":1,"featured_media":5326,"comment_status":"open","ping_status":"closed","sticky":false,"template":"","format":"standard","meta":{"_et_pb_use_builder":"","_et_pb_old_content":"","_et_gb_content_width":"","_jetpack_newsletter_access":"","_jetpack_dont_email_post_to_subs":false,"_jetpack_newsletter_tier_id":0,"_jetpack_memberships_contains_paywalled_content":false,"_jetpack_feature_clip_id":0,"_jetpack_memberships_contains_paid_content":false,"footnotes":"","jetpack_post_was_ever_published":false},"categories":[104],"tags":[149,146,147,148],"class_list":["post-5325","post","type-post","status-publish","format-standard","has-post-thumbnail","hentry","category-mundo-global","tag-iman-vellani","tag-marvel","tag-ms-marvel","tag-politica-inclusiva"],"jetpack_sharing_enabled":true,"jetpack_featured_media_url":"https:\/\/i0.wp.com\/migrantesenigualdad.es\/wp-content\/uploads\/2022\/08\/iman-vellani-as-kamala-khan-aka-ms-marvel-1647363297549_kyfj.png?fit=1280%2C720&ssl=1","post_mailing_queue_ids":[],"_links":{"self":[{"href":"https:\/\/migrantesenigualdad.es\/index.php\/wp-json\/wp\/v2\/posts\/5325","targetHints":{"allow":["GET"]}}],"collection":[{"href":"https:\/\/migrantesenigualdad.es\/index.php\/wp-json\/wp\/v2\/posts"}],"about":[{"href":"https:\/\/migrantesenigualdad.es\/index.php\/wp-json\/wp\/v2\/types\/post"}],"author":[{"embeddable":true,"href":"https:\/\/migrantesenigualdad.es\/index.php\/wp-json\/wp\/v2\/users\/1"}],"replies":[{"embeddable":true,"href":"https:\/\/migrantesenigualdad.es\/index.php\/wp-json\/wp\/v2\/comments?post=5325"}],"version-history":[{"count":0,"href":"https:\/\/migrantesenigualdad.es\/index.php\/wp-json\/wp\/v2\/posts\/5325\/revisions"}],"wp:featuredmedia":[{"embeddable":true,"href":"https:\/\/migrantesenigualdad.es\/index.php\/wp-json\/wp\/v2\/media\/5326"}],"wp:attachment":[{"href":"https:\/\/migrantesenigualdad.es\/index.php\/wp-json\/wp\/v2\/media?parent=5325"}],"wp:term":[{"taxonomy":"category","embeddable":true,"href":"https:\/\/migrantesenigualdad.es\/index.php\/wp-json\/wp\/v2\/categories?post=5325"},{"taxonomy":"post_tag","embeddable":true,"href":"https:\/\/migrantesenigualdad.es\/index.php\/wp-json\/wp\/v2\/tags?post=5325"}],"curies":[{"name":"wp","href":"https:\/\/api.w.org\/{rel}","templated":true}]}}