{"id":5320,"date":"2022-08-08T12:45:36","date_gmt":"2022-08-08T12:45:36","guid":{"rendered":"https:\/\/migrantesenigualdad.es\/?p=5320"},"modified":"2022-08-08T12:48:08","modified_gmt":"2022-08-08T12:48:08","slug":"dear-white-people-2014","status":"publish","type":"post","link":"https:\/\/migrantesenigualdad.es\/index.php\/2022\/08\/08\/dear-white-people-2014\/","title":{"rendered":"Dear White People (2014)"},"content":{"rendered":"<p>Esta serie de televisi\u00f3n muestra c\u00f3mo cuatro alumnos afroamericanos tratan, en una universidad de alto prestigio y en la que mayoritariamente estudian j\u00f3venes blancos, de sortear las normas no escritas y los estereotipos de una sociedad en la que a\u00fan quedan muchos prejuicios raciales por superar.<\/p>\n<p>Un grupo de estudiantes blancos organiza una fiesta de tem\u00e1tica \u201cafroamericana\u201d y esto deriva en un aut\u00e9ntico mot\u00edn. La serie explora la identidad racial en la Am\u00e9rica de hoy y lanza una mirada provocativa y original a la invisible mirada clasista que sobre los negros sigue manteni\u00e9ndose muy viva en Estados Unidos.<\/p>\n<p>Estas son algunas de las cr\u00edticas que ha recibido <em>Dear White People<\/em>:<\/p>\n<p>\u201cUna inteligente s\u00e1tira de campus. Este enfoque angular a la clase, el racismo y el tab\u00fa del sexo interracial aborda los elefantes en la abarrotada habitaci\u00f3n del cine\u201d. Peter Bradshaw: <em>The Guardian<\/em>.<\/p>\n<p>\u201cEs tan encantadora en forma y estilo que perdonamos f\u00e1cilmente su exceso de personajes narcisistas privilegiados\u201d. Steven Boone: <em>rogerebert.com.<\/em><\/p>\n<p>La serie ha obtenido varios premios:<\/p>\n<ul>\n<li>Festival de Sundance: Premio Especial del Jurado (nuevo talento).<\/li>\n<li>Premios Gotham: Mejor int\u00e9rprete revelaci\u00f3n (Tessa Thompson).<\/li>\n<li>Premios Independent Spirit: Mejor gui\u00f3n novel. Dos nominaciones.<\/li>\n<li>Asociaci\u00f3n de Cr\u00edticos de Chicago: Nominada a Mejor director novel.<\/li>\n<\/ul>\n<div id=\"attachment_5321\" style=\"width: 1034px\" class=\"wp-caption alignnone\"><img data-recalc-dims=\"1\" loading=\"lazy\" decoding=\"async\" aria-describedby=\"caption-attachment-5321\" class=\"wp-image-5321 size-large\" src=\"https:\/\/i0.wp.com\/migrantesenigualdad.es\/wp-content\/uploads\/2022\/08\/AAAABeAb3-OprPVaEIcQRs-0F3niuwUcs6MVp114aRqIzgjlXDantCEfUFwh3ThiH0UfOd9F5lz_cqtkkFK8utNTitIte2TFvftJuXNq.jpg?resize=1024%2C576&#038;ssl=1\" alt=\"\" width=\"1024\" height=\"576\" srcset=\"https:\/\/migrantesenigualdad.es\/wp-content\/uploads\/2022\/08\/AAAABeAb3-OprPVaEIcQRs-0F3niuwUcs6MVp114aRqIzgjlXDantCEfUFwh3ThiH0UfOd9F5lz_cqtkkFK8utNTitIte2TFvftJuXNq-1024x576.jpg 1024w, https:\/\/migrantesenigualdad.es\/wp-content\/uploads\/2022\/08\/AAAABeAb3-OprPVaEIcQRs-0F3niuwUcs6MVp114aRqIzgjlXDantCEfUFwh3ThiH0UfOd9F5lz_cqtkkFK8utNTitIte2TFvftJuXNq-980x551.jpg 980w, https:\/\/migrantesenigualdad.es\/wp-content\/uploads\/2022\/08\/AAAABeAb3-OprPVaEIcQRs-0F3niuwUcs6MVp114aRqIzgjlXDantCEfUFwh3ThiH0UfOd9F5lz_cqtkkFK8utNTitIte2TFvftJuXNq-480x270.jpg 480w\" sizes=\"(min-width: 0px) and (max-width: 480px) 480px, (min-width: 481px) and (max-width: 980px) 980px, (min-width: 981px) 1024px, 100vw\" \/><p id=\"caption-attachment-5321\" class=\"wp-caption-text\">Fuente: Sitio Oficial de Netflix<\/p><\/div>\n<p><em>Dear White People<\/em> nos ayuda a reflexionar acerca de los prejuicios y estereotipos que siguen presentes, no solo en la sociedad estadounidense, sino tambi\u00e9n en la nuestra. El argumento del que parte, una fiesta con tintes racistas en una sociedad que alardea de que no lo es, tambi\u00e9n podr\u00eda muy bien ocurrir en esta parte de Europa. La protagonista es Samantha White, una presentadora de radio que observa c\u00f3mo la mayor parte de la gente que acude a la fiesta, blanca, mantiene una actitud de intolerancia y rechazo hacia la diversidad que no se pueden admitir. Pero este tipo de situaciones que perjudica a la sociedad en su conjunto tambi\u00e9n provoca que otras personas, como en este caso Samantha, reaccionen, las combata y empiecen un proceso de activismo y de cambio social que logra el apoyo de otras personas en su lucha contra el racismo, los prejuicios y los estereotipos.<\/p>\n<p>Sabemos que no es f\u00e1cil, pero los cambios sociales se consiguen con peque\u00f1as acciones de todas y todos en nuestro d\u00eda a d\u00eda. No es necesario hacer siempre grandes revoluciones para mejorar la vida de las personas y la convivencia. Poner cada una\/o nuestro granito de arena diario permitir\u00e1 construir una sociedad m\u00e1s abierta, diversa y justa.<\/p>\n","protected":false},"excerpt":{"rendered":"<p>Esta serie de televisi\u00f3n muestra c\u00f3mo cuatro alumnos afroamericanos tratan, en una universidad de alto prestigio y en la que mayoritariamente estudian j\u00f3venes blancos, de sortear las normas no escritas y los estereotipos de una sociedad en la que a\u00fan quedan muchos prejuicios raciales por superar. Un grupo de estudiantes blancos organiza una fiesta de [&hellip;]<\/p>\n","protected":false},"author":1,"featured_media":5321,"comment_status":"open","ping_status":"closed","sticky":false,"template":"","format":"standard","meta":{"_et_pb_use_builder":"","_et_pb_old_content":"","_et_gb_content_width":"","_jetpack_newsletter_access":"","_jetpack_dont_email_post_to_subs":false,"_jetpack_newsletter_tier_id":0,"_jetpack_memberships_contains_paywalled_content":false,"_jetpack_feature_clip_id":0,"_jetpack_memberships_contains_paid_content":false,"footnotes":"","jetpack_post_was_ever_published":false},"categories":[109],"tags":[145,13,144,59],"class_list":["post-5320","post","type-post","status-publish","format-standard","has-post-thumbnail","hentry","category-cine","tag-activismo","tag-antirracismo","tag-diversidad","tag-interculturalidad"],"jetpack_sharing_enabled":true,"jetpack_featured_media_url":"https:\/\/i0.wp.com\/migrantesenigualdad.es\/wp-content\/uploads\/2022\/08\/AAAABeAb3-OprPVaEIcQRs-0F3niuwUcs6MVp114aRqIzgjlXDantCEfUFwh3ThiH0UfOd9F5lz_cqtkkFK8utNTitIte2TFvftJuXNq.jpg?fit=1280%2C720&ssl=1","post_mailing_queue_ids":[],"_links":{"self":[{"href":"https:\/\/migrantesenigualdad.es\/index.php\/wp-json\/wp\/v2\/posts\/5320","targetHints":{"allow":["GET"]}}],"collection":[{"href":"https:\/\/migrantesenigualdad.es\/index.php\/wp-json\/wp\/v2\/posts"}],"about":[{"href":"https:\/\/migrantesenigualdad.es\/index.php\/wp-json\/wp\/v2\/types\/post"}],"author":[{"embeddable":true,"href":"https:\/\/migrantesenigualdad.es\/index.php\/wp-json\/wp\/v2\/users\/1"}],"replies":[{"embeddable":true,"href":"https:\/\/migrantesenigualdad.es\/index.php\/wp-json\/wp\/v2\/comments?post=5320"}],"version-history":[{"count":0,"href":"https:\/\/migrantesenigualdad.es\/index.php\/wp-json\/wp\/v2\/posts\/5320\/revisions"}],"wp:featuredmedia":[{"embeddable":true,"href":"https:\/\/migrantesenigualdad.es\/index.php\/wp-json\/wp\/v2\/media\/5321"}],"wp:attachment":[{"href":"https:\/\/migrantesenigualdad.es\/index.php\/wp-json\/wp\/v2\/media?parent=5320"}],"wp:term":[{"taxonomy":"category","embeddable":true,"href":"https:\/\/migrantesenigualdad.es\/index.php\/wp-json\/wp\/v2\/categories?post=5320"},{"taxonomy":"post_tag","embeddable":true,"href":"https:\/\/migrantesenigualdad.es\/index.php\/wp-json\/wp\/v2\/tags?post=5320"}],"curies":[{"name":"wp","href":"https:\/\/api.w.org\/{rel}","templated":true}]}}