{"id":5254,"date":"2022-07-29T07:56:38","date_gmt":"2022-07-29T07:56:38","guid":{"rendered":"https:\/\/migrantesenigualdad.es\/?p=5254"},"modified":"2022-07-29T07:56:38","modified_gmt":"2022-07-29T07:56:38","slug":"las-os-lectoras-es-de-la-biblioteca-humana-sufren-con-sus-libros-y-se-ofrecen-para-ayudarles-y-buscar-solucion-a-sus-vidas","status":"publish","type":"post","link":"https:\/\/migrantesenigualdad.es\/index.php\/2022\/07\/29\/las-os-lectoras-es-de-la-biblioteca-humana-sufren-con-sus-libros-y-se-ofrecen-para-ayudarles-y-buscar-solucion-a-sus-vidas\/","title":{"rendered":"Las\/os lectoras\/es de la biblioteca humana sufren con sus libros y se ofrecen para ayudarles y buscar soluci\u00f3n a sus vidas"},"content":{"rendered":"<p><strong>Empat\u00eda<\/strong>, <strong>conmoci\u00f3n,<\/strong> <strong>l\u00e1grimas<\/strong> y a<strong>brazos sinceros que emanan del alma<\/strong>. Eran las<strong> reacciones<\/strong> de <strong>las\/os \u201clectoras\/es\u201d<\/strong> de la \u201cbiblioteca humana\u201d que <strong>Migrantes en igualdad<\/strong> organiz\u00f3 en <strong>La L\u00ednea de la Concepci\u00f3n<\/strong> y<strong> Algeciras<\/strong> a finales del mes de julio de 2022. Todas\/os las\/os que escucharon los relatos personales en la voz de nuestros \u201clibros\u201d se vieron profundamente marcadas\/os por las historias que acababan de \u201cleer\u201d.<\/p>\n<p>Sentados en una plaza linense o algecire\u00f1a, cada libro<strong> desgran\u00f3<\/strong> para cada lector la historia de su vida, que era seguida con una <strong>atenci\u00f3n y un silencio absolutos<\/strong>. Los lectores no quer\u00edan perder ning\u00fan detalle de las historias, conmovedoras, unas veces, <strong>tr\u00e1gicas,<\/strong> otras y <strong>esperanzadoras<\/strong>, en ocasiones. Lleg\u00f3 un momento en que <strong><span style=\"color: #ff9900;\">las\/os lectoras\/es no s\u00f3lo se interesaban por las vivencias del libro, sino que se involucraban<\/span><\/strong> tanto que<strong><span style=\"color: #ff9900;\"> preguntaban, suger\u00edan o apuntaban<\/span> <\/strong>hacia alguna <span style=\"color: #000000;\"><strong>soluci\u00f3n<\/strong> <\/span>para los problemas que escuchaban en el relato y para que sus <strong>protagonistas<\/strong> tengan un nuevo ma\u00f1ana en el que vivir la vida dignamente.<\/p>\n<p>Lo que m\u00e1s conmovi\u00f3 <strong>a quienes formamos parte de Migrantes en igualdad<\/strong> fue el<strong><span style=\"color: #ff9900;\"> af\u00e1n<\/span><\/strong> de las\/os lectoras\/es <strong>por querer encontrar ya las soluciones a los problemas de los libros<\/strong>, su disposici\u00f3n a ayudarlos cuanto antes a alcanzar sus<strong> metas<\/strong> en su nueva vida en esta comarca del Campo de Gibraltar.<\/p>\n<p>Ocurri\u00f3 con<strong><span style=\"color: #3366ff;\"> Abdelkader<\/span><\/strong>, marroqu\u00ed que vino a Espa\u00f1a con un visado de turista, al que la pandemia, el confinamiento y el cierre de las fronteras con Marruecos obligaron a permanecer en Espa\u00f1a y tener que afrontar en soledad el hambre y la realidad de que no pudo ver c\u00f3mo crec\u00eda su hija peque\u00f1a. <span style=\"color: #ff9900;\"><strong>Carmen<\/strong><\/span>, la oyente de su historia, <strong><span style=\"color: #ff9900;\">hizo suya la preocupaci\u00f3n de Abdelkader,<\/span><\/strong> le pidi\u00f3 su n\u00famero de tel\u00e9fono al acabar de leer y le prometi\u00f3 jhacer todo lo posible y lo imposible para ayudarle a ver de nuevo a su familia y a mejorar su situaci\u00f3n en Espa\u00f1a. Carmen le cont\u00f3 luego a Abdelkader que su marido, Antonio, naci\u00f3 en Tetu\u00e1n y que ambos sienten un gran amor por Marruecos y sus gentes y que all\u00ed tienen muchas amigas y amigos.<\/p>\n<p><strong><span style=\"color: #ff9900;\">Algunas\/os lectoras\/es quisieron brindar su ayuda all\u00ed mismo<\/span> <span style=\"color: #ff9900;\">en la biblioteca<\/span><\/strong>, sin perder tiempo al acabar las lecturas. <strong><span style=\"color: #ff9900;\">Otras\/os nos llamaron a la oficina de M\u00e1rgenes y V\u00ednculos porque quer\u00edan ponerse en contactos con algunos libros<\/span> <\/strong>para prestarles las ayudas que hab\u00edan pensado o encontrado d\u00edas despu\u00e9s de las lecturas. Fue, por ejemplo, el caso de<strong><span style=\"color: #3366ff;\"> Ahmad<\/span><\/strong>, profesor universitario en <strong>Afganist\u00e1n<\/strong> que ahora reside en <strong>Algeciras<\/strong> y busca trabajo. <strong><span style=\"color: #ff9900;\">Merlin<\/span><\/strong>, un ingl\u00e9s residente en<strong> La L\u00ednea<\/strong> que ley\u00f3 sus historia, periodista y profesor en una academia de idiomas, llam\u00f3 d\u00edas despu\u00e9s a la oficina ofreciendo una posible salida laboral para Ahmad en una universidad.<\/p>\n<p>Los de <strong><span style=\"color: #3366ff;\">Abdelhkader y Ahmad<\/span> <\/strong>son dos ejemplos que muestran <strong>la utilidad pr\u00e1ctica que pueden tener las bibliotecas humanas<\/strong>. No s\u00f3lo son un espacio de comunicaci\u00f3n que ayuda a los libros a exteriorizar sus vivencias y pesares, y a los lectores a conocer de forma m\u00e1s cercana y detallada historias de vida de otras personas que no lo tienen tan f\u00e1cil en nuestras sociedades. <strong>Las bibliotecas generan consciencia<\/strong>, <strong>fomentan la convivencia<\/strong> y tambi\u00e9n pueden ayudar a <strong>solucionar problemas de una forma concreta<\/strong>.<\/p>\n<p><strong>Migrantes en igualdad y la Fundaci\u00f3n M\u00e1rgenes y V\u00ednculos<\/strong> agradecen a todas\/os las\/os lectoras\/es su disposici\u00f3n a ayudar a esa\/e desconocida\/o a <strong>mejorar sus condiciones de su vida<\/strong>.<\/p>\n<p>&nbsp;<\/p>\n","protected":false},"excerpt":{"rendered":"<p>Empat\u00eda, conmoci\u00f3n, l\u00e1grimas y abrazos sinceros que emanan del alma. Eran las reacciones de las\/os \u201clectoras\/es\u201d de la \u201cbiblioteca humana\u201d que Migrantes en igualdad organiz\u00f3 en La L\u00ednea de la Concepci\u00f3n y Algeciras a finales del mes de julio de 2022. Todas\/os las\/os que escucharon los relatos personales en la voz de nuestros \u201clibros\u201d se [&hellip;]<\/p>\n","protected":false},"author":1,"featured_media":5255,"comment_status":"open","ping_status":"closed","sticky":false,"template":"","format":"standard","meta":{"_et_pb_use_builder":"","_et_pb_old_content":"","_et_gb_content_width":"","_jetpack_newsletter_access":"","_jetpack_dont_email_post_to_subs":false,"_jetpack_newsletter_tier_id":0,"_jetpack_memberships_contains_paywalled_content":false,"_jetpack_feature_clip_id":0,"_jetpack_memberships_contains_paid_content":false,"footnotes":"","jetpack_post_was_ever_published":false},"categories":[107],"tags":[130,37,131,137,92],"class_list":["post-5254","post","type-post","status-publish","format-standard","has-post-thumbnail","hentry","category-tienes-un-minuto","tag-biblioteca-humana","tag-empatia","tag-fundacion-margenes-y-vinculos","tag-ii-edicion-de-la-biblioteca-humana","tag-migrantes-en-igualdad"],"jetpack_sharing_enabled":true,"jetpack_featured_media_url":"https:\/\/i0.wp.com\/migrantesenigualdad.es\/wp-content\/uploads\/2022\/07\/BH-ALGE14.jpg?fit=1118%2C1987&ssl=1","post_mailing_queue_ids":[],"_links":{"self":[{"href":"https:\/\/migrantesenigualdad.es\/index.php\/wp-json\/wp\/v2\/posts\/5254","targetHints":{"allow":["GET"]}}],"collection":[{"href":"https:\/\/migrantesenigualdad.es\/index.php\/wp-json\/wp\/v2\/posts"}],"about":[{"href":"https:\/\/migrantesenigualdad.es\/index.php\/wp-json\/wp\/v2\/types\/post"}],"author":[{"embeddable":true,"href":"https:\/\/migrantesenigualdad.es\/index.php\/wp-json\/wp\/v2\/users\/1"}],"replies":[{"embeddable":true,"href":"https:\/\/migrantesenigualdad.es\/index.php\/wp-json\/wp\/v2\/comments?post=5254"}],"version-history":[{"count":0,"href":"https:\/\/migrantesenigualdad.es\/index.php\/wp-json\/wp\/v2\/posts\/5254\/revisions"}],"wp:featuredmedia":[{"embeddable":true,"href":"https:\/\/migrantesenigualdad.es\/index.php\/wp-json\/wp\/v2\/media\/5255"}],"wp:attachment":[{"href":"https:\/\/migrantesenigualdad.es\/index.php\/wp-json\/wp\/v2\/media?parent=5254"}],"wp:term":[{"taxonomy":"category","embeddable":true,"href":"https:\/\/migrantesenigualdad.es\/index.php\/wp-json\/wp\/v2\/categories?post=5254"},{"taxonomy":"post_tag","embeddable":true,"href":"https:\/\/migrantesenigualdad.es\/index.php\/wp-json\/wp\/v2\/tags?post=5254"}],"curies":[{"name":"wp","href":"https:\/\/api.w.org\/{rel}","templated":true}]}}