{"id":5249,"date":"2022-07-27T11:58:21","date_gmt":"2022-07-27T11:58:21","guid":{"rendered":"https:\/\/migrantesenigualdad.es\/?p=5249"},"modified":"2022-07-27T11:58:21","modified_gmt":"2022-07-27T11:58:21","slug":"algecirasalminuto-es-recibe-un-aluvion-de-criticas-por-un-tic-racista-usado-al-informar-sobre-el-algeciras-club-de-futbol","status":"publish","type":"post","link":"https:\/\/migrantesenigualdad.es\/index.php\/2022\/07\/27\/algecirasalminuto-es-recibe-un-aluvion-de-criticas-por-un-tic-racista-usado-al-informar-sobre-el-algeciras-club-de-futbol\/","title":{"rendered":"Algecirasalminuto.es recibe un aluvi\u00f3n de cr\u00edticas por un tic racista usado al informar sobre el Algeciras Club de F\u00fatbol"},"content":{"rendered":"<p>La p\u00e1gina oficial de <strong>Facebook<\/strong> del diario digital <a href=\"https:\/\/www.algecirasalminuto.es\/\">Algecirasalminuto.es<\/a> comparti\u00f3 el lunes 25 de julio una publicaci\u00f3n sobre el fichaje de dos jugadores <strong>franceses de origen africano<\/strong> por el <a href=\"https:\/\/algecirasclubdefutbol.com\/\">Algeciras Club de Futbol<\/a>: \u201cEl Algeciras C.F. tiene a prueba en su primera plantilla hoy lunes a los jugadores de color, <strong>Wind<\/strong> y <strong>Gomes<\/strong>, quienes han participado al completo en la sesi\u00f3n matinal albirroja\u201d.<\/p>\n<p>Los usuarios de la red social,<strong> indignados<\/strong> por el <strong>inter\u00e9s del peri\u00f3dico en priorizar que se trata de jugadores \u201cde color\u201d<\/strong>, tacharon de racista este proceder. Algunos de los lectores recordaron que es suficiente con decir los nombres de los jugadores sin tener que recordar el color de su piel. A\u00f1adieron que resulta rid\u00edculo que, a d\u00eda de hoy, se haga referencia a las personas de tez oscura como \u201cde color\u201d.<\/p>\n<p>Este<strong> incidente<\/strong> vuelve a traer a la actualidad la pregunta:<span style=\"color: #ff9900;\"> <strong>\u00bfCarece el resto de la humanidad de un color de piel?<\/strong><\/span> Decir <strong>\u201cde color\u201d<\/strong> no es m\u00e1s que un eufemismo de<strong> \u201cnegro\u201d<\/strong>. Para poder hablar de una sociedad <strong>diversa gen\u00e9ticamente<\/strong>, hemos de aprender a no resaltar el color de la tez de las personas de las que hablamos. <strong><span style=\"color: #ff9900;\">Todos tenemos un color<\/span><\/strong> y, por gen\u00e9tica<span style=\"color: #ff9900;\"><strong>, todas\/os somos \u201cpersonas de color\u201d<\/strong><\/span>. Usar esta expresi\u00f3n es <strong>redundante<\/strong> e <strong>in\u00fatil<\/strong> para una buena comunicaci\u00f3n, tiene un <strong>trasfondo racista<\/strong>, crea confusi\u00f3n y malestar y <strong>genera diferencias donde no las hay.<\/strong> <strong>Lo importante es que las personas fichadas por el club sean buenos jugadores, sean ejemplo de deportividad y que, con ellos, el Algeciras prospere como equipo<\/strong><\/p>\n","protected":false},"excerpt":{"rendered":"<p>La p\u00e1gina oficial de Facebook del diario digital Algecirasalminuto.es comparti\u00f3 el lunes 25 de julio una publicaci\u00f3n sobre el fichaje de dos jugadores franceses de origen africano por el Algeciras Club de Futbol: \u201cEl Algeciras C.F. tiene a prueba en su primera plantilla hoy lunes a los jugadores de color, Wind y Gomes, quienes han [&hellip;]<\/p>\n","protected":false},"author":1,"featured_media":5250,"comment_status":"open","ping_status":"closed","sticky":false,"template":"","format":"standard","meta":{"_et_pb_use_builder":"","_et_pb_old_content":"","_et_gb_content_width":"","_jetpack_newsletter_access":"","_jetpack_dont_email_post_to_subs":false,"_jetpack_newsletter_tier_id":0,"_jetpack_memberships_contains_paywalled_content":false,"_jetpack_feature_clip_id":0,"_jetpack_memberships_contains_paid_content":false,"footnotes":"","jetpack_post_was_ever_published":false},"categories":[104],"tags":[135,136],"class_list":["post-5249","post","type-post","status-publish","format-standard","has-post-thumbnail","hentry","category-mundo-global","tag-algecirasalminuto-es","tag-racismo-deportivo"],"jetpack_sharing_enabled":true,"jetpack_featured_media_url":"https:\/\/i0.wp.com\/migrantesenigualdad.es\/wp-content\/uploads\/2022\/07\/algeciras-al-min-e1658922757976.png?fit=693%2C459&ssl=1","post_mailing_queue_ids":[],"_links":{"self":[{"href":"https:\/\/migrantesenigualdad.es\/index.php\/wp-json\/wp\/v2\/posts\/5249","targetHints":{"allow":["GET"]}}],"collection":[{"href":"https:\/\/migrantesenigualdad.es\/index.php\/wp-json\/wp\/v2\/posts"}],"about":[{"href":"https:\/\/migrantesenigualdad.es\/index.php\/wp-json\/wp\/v2\/types\/post"}],"author":[{"embeddable":true,"href":"https:\/\/migrantesenigualdad.es\/index.php\/wp-json\/wp\/v2\/users\/1"}],"replies":[{"embeddable":true,"href":"https:\/\/migrantesenigualdad.es\/index.php\/wp-json\/wp\/v2\/comments?post=5249"}],"version-history":[{"count":0,"href":"https:\/\/migrantesenigualdad.es\/index.php\/wp-json\/wp\/v2\/posts\/5249\/revisions"}],"wp:featuredmedia":[{"embeddable":true,"href":"https:\/\/migrantesenigualdad.es\/index.php\/wp-json\/wp\/v2\/media\/5250"}],"wp:attachment":[{"href":"https:\/\/migrantesenigualdad.es\/index.php\/wp-json\/wp\/v2\/media?parent=5249"}],"wp:term":[{"taxonomy":"category","embeddable":true,"href":"https:\/\/migrantesenigualdad.es\/index.php\/wp-json\/wp\/v2\/categories?post=5249"},{"taxonomy":"post_tag","embeddable":true,"href":"https:\/\/migrantesenigualdad.es\/index.php\/wp-json\/wp\/v2\/tags?post=5249"}],"curies":[{"name":"wp","href":"https:\/\/api.w.org\/{rel}","templated":true}]}}