{"id":5245,"date":"2022-07-26T11:20:23","date_gmt":"2022-07-26T11:20:23","guid":{"rendered":"https:\/\/migrantesenigualdad.es\/?p=5245"},"modified":"2022-07-26T11:20:23","modified_gmt":"2022-07-26T11:20:23","slug":"la-uca-el-ayto-de-jerez-presentaran-la-guia-sobre-el-derecho-islamico-en-el-dia-del-migrante","status":"publish","type":"post","link":"https:\/\/migrantesenigualdad.es\/index.php\/2022\/07\/26\/la-uca-el-ayto-de-jerez-presentaran-la-guia-sobre-el-derecho-islamico-en-el-dia-del-migrante\/","title":{"rendered":"La UCA &#038; el Ayto. de Jerez presentar\u00e1n la Gu\u00eda sobre el derecho isl\u00e1mico en el D\u00eda del Migrante"},"content":{"rendered":"<p>&nbsp;<\/p>\n<p>Con el intento de luchar contra la<strong> islamofobia<\/strong> a favor de la <strong>convivencia<\/strong>, la <strong>Universidad de C\u00e1diz<\/strong> (UCA) colaborar\u00e1 en un proyecto con el <strong>Ayuntamiento de Jerez<\/strong> para la elaboraci\u00f3n de una gu\u00eda divulgativa sobre la identidad isl\u00e1mica o el derecho isl\u00e1mico y el orden p\u00fablico espa\u00f1ol en una sociedad civil inclusiva y que, tiene previsto presentar con motivo del <strong>D\u00eda Internacional del Migrante<\/strong>, el pr\u00f3ximo 18 de diciembre.<\/p>\n<p>Esta gu\u00eda ser\u00e1 dirigida a <strong>profesionales<\/strong> que atienden a <strong>migrantes musulmanes<\/strong> de distintas procedencias. La gu\u00eda brindar\u00e1 las herramientas para que dichos profesionales sepan c\u00f3mo atender mejor a la <strong>comunidad migrante musulmana<\/strong> dado que contar\u00e1n con nociones\u00a0 sobre el derecho isl\u00e1mico.<\/p>\n<p>La gu\u00eda se difundir\u00e1 entre asociaciones, ONGs\u00a0y agentes del tercer sector que trabajan con personas migrantes, y tambi\u00e9n entre la misma <strong>comunidad\u00a0 musulmana<\/strong>.<\/p>\n","protected":false},"excerpt":{"rendered":"<p>&nbsp; Con el intento de luchar contra la islamofobia a favor de la convivencia, la Universidad de C\u00e1diz (UCA) colaborar\u00e1 en un proyecto con el Ayuntamiento de Jerez para la elaboraci\u00f3n de una gu\u00eda divulgativa sobre la identidad isl\u00e1mica o el derecho isl\u00e1mico y el orden p\u00fablico espa\u00f1ol en una sociedad civil inclusiva y que, [&hellip;]<\/p>\n","protected":false},"author":1,"featured_media":5247,"comment_status":"open","ping_status":"closed","sticky":false,"template":"","format":"standard","meta":{"_et_pb_use_builder":"","_et_pb_old_content":"","_et_gb_content_width":"","_jetpack_newsletter_access":"","_jetpack_dont_email_post_to_subs":false,"_jetpack_newsletter_tier_id":0,"_jetpack_memberships_contains_paywalled_content":false,"_jetpack_feature_clip_id":0,"_jetpack_memberships_contains_paid_content":false,"footnotes":"","jetpack_post_was_ever_published":false},"categories":[104],"tags":[134,133],"class_list":["post-5245","post","type-post","status-publish","format-standard","has-post-thumbnail","hentry","category-mundo-global","tag-comunidad-musulmana","tag-derecho-islamico"],"jetpack_sharing_enabled":true,"jetpack_featured_media_url":"https:\/\/i0.wp.com\/migrantesenigualdad.es\/wp-content\/uploads\/2022\/07\/foto.jpeg?fit=1280%2C720&ssl=1","post_mailing_queue_ids":[],"_links":{"self":[{"href":"https:\/\/migrantesenigualdad.es\/index.php\/wp-json\/wp\/v2\/posts\/5245","targetHints":{"allow":["GET"]}}],"collection":[{"href":"https:\/\/migrantesenigualdad.es\/index.php\/wp-json\/wp\/v2\/posts"}],"about":[{"href":"https:\/\/migrantesenigualdad.es\/index.php\/wp-json\/wp\/v2\/types\/post"}],"author":[{"embeddable":true,"href":"https:\/\/migrantesenigualdad.es\/index.php\/wp-json\/wp\/v2\/users\/1"}],"replies":[{"embeddable":true,"href":"https:\/\/migrantesenigualdad.es\/index.php\/wp-json\/wp\/v2\/comments?post=5245"}],"version-history":[{"count":0,"href":"https:\/\/migrantesenigualdad.es\/index.php\/wp-json\/wp\/v2\/posts\/5245\/revisions"}],"wp:featuredmedia":[{"embeddable":true,"href":"https:\/\/migrantesenigualdad.es\/index.php\/wp-json\/wp\/v2\/media\/5247"}],"wp:attachment":[{"href":"https:\/\/migrantesenigualdad.es\/index.php\/wp-json\/wp\/v2\/media?parent=5245"}],"wp:term":[{"taxonomy":"category","embeddable":true,"href":"https:\/\/migrantesenigualdad.es\/index.php\/wp-json\/wp\/v2\/categories?post=5245"},{"taxonomy":"post_tag","embeddable":true,"href":"https:\/\/migrantesenigualdad.es\/index.php\/wp-json\/wp\/v2\/tags?post=5245"}],"curies":[{"name":"wp","href":"https:\/\/api.w.org\/{rel}","templated":true}]}}