{"id":5239,"date":"2022-07-26T07:29:11","date_gmt":"2022-07-26T07:29:11","guid":{"rendered":"https:\/\/migrantesenigualdad.es\/?p=5239"},"modified":"2022-07-26T07:45:02","modified_gmt":"2022-07-26T07:45:02","slug":"la-biblioteca-humana-trajo-a-algeciras-y-la-linea-historias-de-superacion-llegadas-de-afganistan-nicaragua-o-sevilla","status":"publish","type":"post","link":"https:\/\/migrantesenigualdad.es\/index.php\/2022\/07\/26\/la-biblioteca-humana-trajo-a-algeciras-y-la-linea-historias-de-superacion-llegadas-de-afganistan-nicaragua-o-sevilla\/","title":{"rendered":"La biblioteca humana trajo a Algeciras y La L\u00ednea historias de superaci\u00f3n llegadas de Afganist\u00e1n, Nicaragua o Sevilla"},"content":{"rendered":"<p><span data-contrast=\"auto\">La br\u00fajula del destino las\/os trajo hasta <strong>Algeciras<\/strong>. Todas\/os han llegado <span style=\"color: #ff9900;\"><strong>de diferentes rincones del mundo<\/strong><\/span>. Algunas\/os han huido de la <span style=\"color: #3366ff;\"><strong>pobreza<\/strong><\/span>, otras\/os de la<span style=\"color: #3366ff;\"><strong> guerra<\/strong> <\/span>y la<span style=\"color: #3366ff;\"><strong> represi\u00f3n<\/strong><\/span>; otras\/os para escapar del <span style=\"color: #3366ff;\">maltrato<\/span> y la<span style=\"color: #3366ff;\"><strong> violencia de g\u00e9nero<\/strong><\/span>; otras\/os, por<strong> retar a la sociedad<\/strong> y luchar por sus sue\u00f1os. Y algunas\/os llegaron a esta tierra por<strong><span style=\"color: #3366ff;\"> amor a la cultura andaluza<\/span><\/strong>. Algeciras y todo el Campo de Gibraltar acogieron a estas personas que han enriquecido, a\u00fan m\u00e1s, a <strong><span style=\"color: #ff9900;\">una zona con habitantes de 120 nacionalidades diferentes<\/span><\/strong>. Estas\/os nuevas\/os vecinas\/os se unieron a <strong>M\u00e1rgenes y V\u00ednculos<\/strong> para relatar de manera <strong>personal historias<\/strong> que han conmovido a quienes, individualmente, las escuchaban. Ocho personas se convirtieron, as\u00ed, en \u201clibros\u201d de una \u201cbiblioteca humana\u201d que M\u00e1rgenes y V\u00ednculos mont\u00f3 en el paseo <strong>Fari\u00f1as de La L\u00ednea<\/strong>, primero, y en la <strong>Plaza Alta de Algeciras<\/strong>, despu\u00e9s.<\/span><span data-ccp-props=\"{&quot;201341983&quot;:0,&quot;335551550&quot;:6,&quot;335551620&quot;:6,&quot;335559737&quot;:-285,&quot;335559739&quot;:160,&quot;335559740&quot;:259}\"> <img data-recalc-dims=\"1\" loading=\"lazy\" decoding=\"async\" class=\"size-medium wp-image-5240 alignright\" src=\"https:\/\/i0.wp.com\/migrantesenigualdad.es\/wp-content\/uploads\/2022\/07\/WhatsApp-Image-2022-07-21-at-11.31.38-AM.jpeg?resize=169%2C300&#038;ssl=1\" alt=\"\" width=\"169\" height=\"300\" \/><\/span><\/p>\n<p><span data-contrast=\"auto\"><strong><span style=\"color: #ff9900;\">Abdelkad<\/span><span style=\"color: #ff9900;\">e<\/span><span style=\"color: #ff9900;\">r<\/span><\/strong> tuvo que permanecer en Espa\u00f1a tras<strong> el cierre de fronteras con Marruecos<\/strong> decretado a ra\u00edz de la pandemia del Covid-19; <strong><span style=\"color: #ff9900;\">Kike<\/span><\/strong>, un joven gaditano, sufri\u00f3 desde ni\u00f1o varios <strong>abusos<\/strong> por su <strong><span style=\"color: #3366ff;\">orientaci\u00f3n sexual<\/span><\/strong>; <strong><span style=\"color: #ff9900;\">Naima<\/span><\/strong>, tras recorrer casi todo Europa durante m\u00e1s de 20 a\u00f1os, se qued\u00f3 en Algeciras porque simplemente<span style=\"color: #3366ff;\"><strong> se siente andaluza<\/strong><\/span>; <span style=\"color: #ff9900;\"><strong>Alondra<\/strong><\/span> es una joven nicarag\u00fcense que decidi\u00f3 emprender el camino migratorio <strong><span style=\"color: #3366ff;\">para huir del maltrato<\/span><\/strong>; <strong><span style=\"color: #ff9900;\">Sonia<\/span><\/strong> decidi\u00f3 dejar El Salvador para huir de las <strong><span style=\"color: #3366ff;\">mafias y la delincuencia<\/span><\/strong>; <strong><span style=\"color: #ff9900;\">Zoraida<\/span><\/strong> abandon\u00f3 <strong><span style=\"color: #3366ff;\">un barrio problem\u00e1tico de Sevilla<\/span><\/strong> para encontrar un futuro mejor y <strong>seguir estudiando en Algeciras<\/strong>; <strong><span style=\"color: #ff9900;\">Ahmad<\/span><\/strong>, profesor universitario, <strong><span style=\"color: #3366ff;\">dej\u00f3 la terrible situaci\u00f3n de Afganist\u00e1n<\/span><\/strong> para empezar una vida nueva en Algeciras.\u00a0<\/span><span data-ccp-props=\"{&quot;201341983&quot;:0,&quot;335551550&quot;:6,&quot;335551620&quot;:6,&quot;335559737&quot;:-285,&quot;335559739&quot;:160,&quot;335559740&quot;:259}\">\u00a0<\/span><\/p>\n<p><span data-contrast=\"auto\">La biblioteca humana ha estado marcada profundamente por los <strong>relatos conmovedores<\/strong> <strong>en primera persona<\/strong> de los \u201clibros\u201d. Ellas\/os se abrieron en canal para relatar sus vivencias sin filtros, pero s\u00ed con emoci\u00f3n, ganas de compartir, y, sobre todo, con la esperanza de que el \u201clector\u201d les entendiera y <strong>empatizara<\/strong> con ellos. La biblioteca humana pint\u00f3 las plazas Fari\u00f1a y Alta de <strong>multiculturalidad<\/strong>, las convirti\u00f3 en un <strong>espacio de di\u00e1logo y convivencia<\/strong>. Los libros parlantes encontraron una <strong>v\u00eda de acercamiento<\/strong> a la sociedad de acogida y <strong>alimentaron las esperanzas que habitan en el coraz\u00f3n de toda persona migrante<\/strong> o perteneciente a una minor\u00eda y que sue\u00f1a con el d\u00eda en que no existan el rechazo ni la exclusi\u00f3n social.<\/span><span data-ccp-props=\"{&quot;201341983&quot;:0,&quot;335551550&quot;:6,&quot;335551620&quot;:6,&quot;335559737&quot;:-285,&quot;335559739&quot;:160,&quot;335559740&quot;:259}\"> <img data-recalc-dims=\"1\" loading=\"lazy\" decoding=\"async\" class=\"alignleft wp-image-5241 size-full\" src=\"https:\/\/i0.wp.com\/migrantesenigualdad.es\/wp-content\/uploads\/2022\/07\/farina.png?resize=806%2C414&#038;ssl=1\" alt=\"\" width=\"806\" height=\"414\" srcset=\"https:\/\/migrantesenigualdad.es\/wp-content\/uploads\/2022\/07\/farina.png 806w, https:\/\/migrantesenigualdad.es\/wp-content\/uploads\/2022\/07\/farina-480x247.png 480w\" sizes=\"(min-width: 0px) and (max-width: 480px) 480px, (min-width: 481px) 806px, 100vw\" \/><\/span><\/p>\n<p><span data-contrast=\"auto\"><strong>Los relatos vitales<\/strong> de nuestros \u00ablibros\u00bb <strong>permitieron abordar asuntos que generan a\u00fan mucho debate y reflexi\u00f3n<\/strong>. El caso de Alondra permiti\u00f3 ver que el maltrato diario que ejerc\u00eda su abuelo sobre su abuela es una pr\u00e1ctica que se puede convertir en algo hereditario, que pasa de una generaci\u00f3n a la siguiente. Otros asuntos fueron la <\/span><strong>homofobia, que sigue arraigada en la sociedad espa\u00f1ola<\/strong><span data-contrast=\"auto\">; la situaci\u00f3n sanitaria, la crisis econ\u00f3mica y social generada por la pandemia y las consecuencias tuvo en las fronteras; o la situaci\u00f3n pol\u00edtica internacional que se vive, desde Afganist\u00e1n a Am\u00e9rica Latina.<\/span><span data-ccp-props=\"{&quot;201341983&quot;:0,&quot;335551550&quot;:6,&quot;335551620&quot;:6,&quot;335559737&quot;:-285,&quot;335559739&quot;:160,&quot;335559740&quot;:259}\"> <img data-recalc-dims=\"1\" loading=\"lazy\" decoding=\"async\" class=\"size-medium wp-image-5242 alignright\" src=\"https:\/\/i0.wp.com\/migrantesenigualdad.es\/wp-content\/uploads\/2022\/07\/WhatsApp-Image-2022-07-25-at-9.11.28-AM.jpeg?resize=169%2C300&#038;ssl=1\" alt=\"\" width=\"169\" height=\"300\" \/><\/span><\/p>\n<p><span data-contrast=\"auto\">Las conversaciones surgidas entre \u00ablibro\u00bb y \u00ablectores\u00bb trataron \u00e9stos y otros asuntos e hicieron que se crearan<strong> v\u00ednculos entre las\/os interlocutoras\/es<\/strong>. Fueron momentos de comunicaci\u00f3n personal que permitieron <strong>llenar los m\u00e1rgenes vac\u00edos que, otras veces, ocupan la intolerancia y la discriminaci\u00f3n<\/strong>. <\/span><span data-ccp-props=\"{&quot;201341983&quot;:0,&quot;335551550&quot;:6,&quot;335551620&quot;:6,&quot;335559737&quot;:-285,&quot;335559739&quot;:160,&quot;335559740&quot;:259}\">\u00a0<\/span><\/p>\n<p><span data-contrast=\"auto\">Fueron dos jornadas muy fruct\u00edferas en lo personal y en lo social que sirvieron para celebrar el <\/span><b><span data-contrast=\"auto\">D\u00eda Europeo de las V\u00edctimas de los delitos de odio <\/span><\/b><span data-contrast=\"auto\">organizadas por <\/span><b><span data-contrast=\"auto\">Migrantes en igualdad<\/span><\/b><span data-contrast=\"auto\">, proyecto de la <strong>Fundaci\u00f3n M\u00e1rgenes y V\u00ednculos<\/strong> que lucha contra la xenofobia, la discriminaci\u00f3n y otras formas de intolerancia asociadas.\u00a0\u00a0<\/span><span data-ccp-props=\"{&quot;201341983&quot;:0,&quot;335551550&quot;:6,&quot;335551620&quot;:6,&quot;335559737&quot;:-285,&quot;335559739&quot;:160,&quot;335559740&quot;:259}\">\u00a0<\/span><\/p>\n","protected":false},"excerpt":{"rendered":"<p>La br\u00fajula del destino las\/os trajo hasta Algeciras. Todas\/os han llegado de diferentes rincones del mundo. Algunas\/os han huido de la pobreza, otras\/os de la guerra y la represi\u00f3n; otras\/os para escapar del maltrato y la violencia de g\u00e9nero; otras\/os, por retar a la sociedad y luchar por sus sue\u00f1os. Y algunas\/os llegaron a esta [&hellip;]<\/p>\n","protected":false},"author":1,"featured_media":5243,"comment_status":"open","ping_status":"closed","sticky":false,"template":"","format":"standard","meta":{"_et_pb_use_builder":"","_et_pb_old_content":"","_et_gb_content_width":"","_jetpack_newsletter_access":"","_jetpack_dont_email_post_to_subs":false,"_jetpack_newsletter_tier_id":0,"_jetpack_memberships_contains_paywalled_content":false,"_jetpack_feature_clip_id":0,"_jetpack_memberships_contains_paid_content":false,"footnotes":"","jetpack_post_was_ever_published":false},"categories":[104],"tags":[49,130,132,131,92],"class_list":["post-5239","post","type-post","status-publish","format-standard","has-post-thumbnail","hentry","category-mundo-global","tag-algeciras","tag-biblioteca-humana","tag-dia-europeo-de-las-victimas-de-los-delitos-de-odio","tag-fundacion-margenes-y-vinculos","tag-migrantes-en-igualdad"],"jetpack_sharing_enabled":true,"jetpack_featured_media_url":"https:\/\/i0.wp.com\/migrantesenigualdad.es\/wp-content\/uploads\/2022\/07\/2.jpg?fit=2000%2C1600&ssl=1","post_mailing_queue_ids":[],"_links":{"self":[{"href":"https:\/\/migrantesenigualdad.es\/index.php\/wp-json\/wp\/v2\/posts\/5239","targetHints":{"allow":["GET"]}}],"collection":[{"href":"https:\/\/migrantesenigualdad.es\/index.php\/wp-json\/wp\/v2\/posts"}],"about":[{"href":"https:\/\/migrantesenigualdad.es\/index.php\/wp-json\/wp\/v2\/types\/post"}],"author":[{"embeddable":true,"href":"https:\/\/migrantesenigualdad.es\/index.php\/wp-json\/wp\/v2\/users\/1"}],"replies":[{"embeddable":true,"href":"https:\/\/migrantesenigualdad.es\/index.php\/wp-json\/wp\/v2\/comments?post=5239"}],"version-history":[{"count":0,"href":"https:\/\/migrantesenigualdad.es\/index.php\/wp-json\/wp\/v2\/posts\/5239\/revisions"}],"wp:featuredmedia":[{"embeddable":true,"href":"https:\/\/migrantesenigualdad.es\/index.php\/wp-json\/wp\/v2\/media\/5243"}],"wp:attachment":[{"href":"https:\/\/migrantesenigualdad.es\/index.php\/wp-json\/wp\/v2\/media?parent=5239"}],"wp:term":[{"taxonomy":"category","embeddable":true,"href":"https:\/\/migrantesenigualdad.es\/index.php\/wp-json\/wp\/v2\/categories?post=5239"},{"taxonomy":"post_tag","embeddable":true,"href":"https:\/\/migrantesenigualdad.es\/index.php\/wp-json\/wp\/v2\/tags?post=5239"}],"curies":[{"name":"wp","href":"https:\/\/api.w.org\/{rel}","templated":true}]}}