{"id":5234,"date":"2022-07-20T11:46:18","date_gmt":"2022-07-20T11:46:18","guid":{"rendered":"https:\/\/migrantesenigualdad.es\/?p=5234"},"modified":"2022-09-20T11:55:28","modified_gmt":"2022-09-20T11:55:28","slug":"no-hagas-lo-que-no-te-gusta-que-te-hagan","status":"publish","type":"post","link":"https:\/\/migrantesenigualdad.es\/index.php\/2022\/07\/20\/no-hagas-lo-que-no-te-gusta-que-te-hagan\/","title":{"rendered":"\u201cNo hagas lo que no te gusta que te hagan\u201d"},"content":{"rendered":"<p>&nbsp;<\/p>\n<p>Kamal es un senegal\u00e9s de 42 a\u00f1os que deja boquiabiertos, a quienes le escuchan, por su filosof\u00eda de la vida. Su f\u00f3rmula de convivencia provoca en su interlocutor un viaje hacia el interior de ellos mismos para hallar las respuestas a lo que pasa alrededor. No siempre el \u201ct\u00fa\u201d y el \u201c\u00e9l\/ella\u2019\u2019 son los agentes del cambio. Un \u201cyo\u2019\u2019 puede ser decisivo para alcanzar la estabilidad y la seguridad que anhelamos. Enfocarnos en hablar de la integraci\u00f3n, la tolerancia, o la convivencia para afianzar una sociedad plural y multi\u00e9tnica no es suficiente. Ayuda, y mucho, encontrar a migrantes que son mensajeros de la paz. Como Kamal.<\/p>\n<p style=\"text-align: center;\">Kamal lleg\u00f3 a Espa\u00f1a desde Senegal para reencontrarse con su madre en Algeciras. Era solo un adolescente que ven\u00eda acompa\u00f1ado s\u00f3lo de un diccionario biling\u00fce. La madre hab\u00eda venido a Espa\u00f1a cuando \u00e9l ten\u00eda cinco a\u00f1os y su hermano era un beb\u00e9. Ambos se quedaron a cargo de la abuela.<\/p>\n<p><strong>Tu vida en Senegal estuvo marcada por la separaci\u00f3n de tus padres. Te quedaste con tu abuela materna cuando tu madre dej\u00f3 \u00c1frica para buscarse la vida en Espa\u00f1a. \u00bfAsumi\u00f3 tu padre un doble papel para llenar, quiz\u00e1s, el vac\u00edo que dej\u00f3 tu madre?<\/strong><\/p>\n<p>Mi padre hace vida por su cuenta. Desapareci\u00f3 durante unos diez a\u00f1os y volvi\u00f3 a aparecer en nuestra vida. Bueno, lo he buscado yo. Me levant\u00e9 un d\u00eda, recuerdo que ten\u00eda menos de 13 a\u00f1os, y decid\u00ed buscarlo. Insist\u00ed hasta que mis t\u00edos maternos aceptaron echarme una mano.<\/p>\n<p><strong>\u00bfC\u00f3mo se tom\u00f3 tu familia materna esa decisi\u00f3n?<\/strong><\/p>\n<p>Me llev\u00f3 mi t\u00edo. Mi padre trabajaba en una empresa de autobuses y ah\u00ed nos recibe una secretaria. Y mi padre me presenta a ella y mi t\u00edo se va. No quiere mantener ning\u00fan contacto con mi padre.<\/p>\n<p><strong>\u00bfC\u00f3mo fue el reencuentro?<\/strong><\/p>\n<p>\u00c9l es un hombre muy simp\u00e1tico, carism\u00e1tico y con una actitud impecable\u2026 Bueno, tiene sus cosas positivas y negativas.<\/p>\n<p><strong>\u00bfC\u00f3mo hab\u00e9is terminado en Algeciras?<\/strong><\/p>\n<p>Mi madre conoci\u00f3 a quien iba a ser su actual pareja. \u00c9l le ofreci\u00f3 toda la estabilidad y el apoyo que ella buscaba. Una vez su situaci\u00f3n ha mejorado, inici\u00f3 el proceso de traerme a m\u00ed primero y, dos a\u00f1os despu\u00e9s, a mi hermano peque\u00f1o. Y aqu\u00ed estamos todos\u2026 Mi hermano, mi madre y su marido.<\/p>\n<p><strong>\u00bfFue decisi\u00f3n exclusiva de tu madre dejar \u00c1frica y cruzar el atl\u00e1ntico para buscaros una vida mejor?<\/strong><\/p>\n<p>Mi madre, justo cuando se vio sola, con la responsabilidad de dos ni\u00f1os de muy corta edad, decide que es el momento para luchar por su familia y salir adelante. Y llega primero a Canarias.<\/p>\n<p><strong>\u00bfY c\u00f3mo fue tu infancia sin tener a tus padres contigo?<\/strong><\/p>\n<p>Cuando mi madre se march\u00f3 del pa\u00eds, nos dej\u00f3 con nuestra abuela. Ella nos ha criado. Gracias a ella he aprendido muchas cosas, como es el hablar diferentes dialectos, como el wol\u00f3f y el serer, que me han servido de gran ayuda aqu\u00ed para ejercer a veces de int\u00e9rprete en los juzgados o de mediador en la llegada de pateras. Sin duda, mi abuela era nuestra madre. Tambi\u00e9n nos hemos sentido muy arropados por nuestros t\u00edos maternos. Y mi madre ven\u00eda a vernos en las vacaciones.<\/p>\n<p><strong>\u00bfSueles echar de menos aquellos primeros a\u00f1os de tu vida?<\/strong><\/p>\n<p>Uno siempre suele echar de menos lo que ha vivido en la infancia. En \u00c1frica, la vida se hace en la calle. Nos encantaba estar todo el d\u00eda en la calle.<\/p>\n<p><strong>\u00bfA qu\u00e9 edad llegaste a Espa\u00f1a? Cu\u00e9ntanos un poco sobre tu aventura hacia Europa.<\/strong><\/p>\n<p>Sal\u00ed de Senegal acompa\u00f1ado de un diccionario biling\u00fce. Apunt\u00e9 todas las frases que podr\u00eda necesitar para pedir ayuda en el aeropuerto. En 1996, llegu\u00e9 a Algeciras. Fue la primera vez que me montaba en un avi\u00f3n. Estaba s\u00faper contento, me compr\u00e9 un diccionario biling\u00fce, un boli y un papel. Pero yo aprend\u00eda la frase y la memorizaba, sin tener que sacar mis apuntes. Quer\u00eda aprender y ver que me entend\u00edan cuando hablaba en su idioma. Y lo dec\u00eda todo a mi manera, pero me entend\u00edan perfectamente.<\/p>\n<p><strong>Est\u00e1s en \u00c1frica y a las pocas horas est\u00e1s en un mundo diferente. \u00bfC\u00f3mo has digerido o asimilado ese cambio?<\/strong><\/p>\n<p>Un poco dif\u00edcil de describir, pero al principio estaba muy desubicado. Me preguntaba c\u00f3mo es posible que en cinco horas todo cambiase: la gente, el color, los olores\u2026 Mis primeros meses fueron muy duros\u2026<\/p>\n<p><strong>Te reencontraste con tu madre en Espa\u00f1a y te enfrentas a lo desconocido. \u00bfC\u00f3mo gestionaste esa vor\u00e1gine de emociones y cambios vertiginosos?<\/strong><\/p>\n<p>El reto fue el intentar adaptarse y no perder las costumbres de ah\u00ed. En la cultura africana hay que mantener una barrera parental, no sacar temas que son tab\u00fa en presencia de tus padres\u2026<\/p>\n<p><strong>\u00bfHas llegado a tener amistades en tus primeros meses?<\/strong><\/p>\n<p>A los pocos meses empec\u00e9 a tener amistades que me han ayudado a salir de ese pozo de constantes pensamientos que me recordaban mi vida en \u00c1frica. Pero mis nuevas amistades aqu\u00ed me han ayudado mucho. Hoy en d\u00eda, sigo conservando las mismas amistades.<\/p>\n<p><strong>Pudiste tener una especie de protecci\u00f3n y has logrado romper la barrera cultural y tener muchas amistades. \u00bfCu\u00e1l fue el siguiente paso?<\/strong><\/p>\n<p>Para que pudiera apuntarme a los planes de mis amigos, me hac\u00eda falta dinero y le dije a mi madre que yo quer\u00eda trabajar. Entonces, me dijo que estudiara por la tarde y la ayudara por las ma\u00f1anas en el puesto que ten\u00eda en la plaza de abastos. Cada s\u00e1bado me daba una retribuci\u00f3n de 1.000 pesetas.<\/p>\n<p><strong>\u00bfEstando en Algeciras has llegado a tener alguien que te ayudase a mejorar ciertas cosas en ti?<\/strong><\/p>\n<p>Tratar con los migrantes no es solo el arte de ense\u00f1ar el idioma, es la mochila que traes contigo. Muchas veces, cargada de c\u00f3digos culturales no tan positivos como lo es el machista que llevaba dentro de m\u00ed. Quien me ayud\u00f3 a deshacerme de todo lo que, hoy por hoy, considero negativo fue una mujer de Algeciras Acoge que me cambi\u00f3 la mentalidad a mejor. Lo hizo sin nunca ofenderme. \u00a1Y hoy me quito el sombrero! Me dec\u00eda lo que se puede decir y lo que no\u2026<\/p>\n<p><strong>Nos has hablado de cosas positivas. \u00bfPuedes levantar el tel\u00f3n para hablar de alg\u00fan episodio que te marcara negativamente?<\/strong><\/p>\n<p>S\u00ed, en alg\u00fan momento. \u00a1Pero te digo! Siempre hay que hacer balance: \u00a1De cien personas me pueden mirar mal cinco! Yo prefiero pensar que igual me miran por otra cosa y no tiene por qu\u00e9 ser una mirada llena de racismo. Pero vuelvo a decir, a m\u00ed siempre me han mimado mucho.<\/p>\n<p><strong>\u00bfDe d\u00f3nde sacas esa fuerza para transformar algo negativo en algo positivo o, mejor dicho, no ofensivo?<\/strong><\/p>\n<p>Todo depende de una palabra clave: Colaboraci\u00f3n. En la mayor\u00eda de los casos hay falta de trato directo con los migrantes. Eso deja el terreno libre para la entrada de prejuicios e intolerancias. Por ejemplo, muchos cambian su percepci\u00f3n negativa sobre el islam solo cuando conocen a musulmanes y tratan con ellos.<\/p>\n<p><strong>\u00bfEl roce y la comunicaci\u00f3n son claves para desmontar algunos prejuicios?<\/strong><\/p>\n<p>S\u00ed, por ejemplo, y hablando desde mi propia experiencia, te puedo asegurar que siete de cada diez personas que he conocido han terminado cambiando el concepto negativo que ten\u00edan sobre mi religi\u00f3n.<\/p>\n<p><strong>\u00bfSientes tambi\u00e9n que, como migrante, es responsabilidad tuya contribuir a mejorar la convivencia y no quedarte relegado a un segundo plano, esperando a que acepten tu integraci\u00f3n en la sociedad?\u00a0<\/strong><\/p>\n<p>S\u00ed, totalmente. Tambi\u00e9n para vivir bien yo. Porque considero que hacer algo positivo siempre tiene un efecto boomerang. Puedo compartir uno de los episodios que me han marcado a bien, aunque han partido de un punto negativo: una discriminaci\u00f3n hacia m\u00ed. Esto fue cuando estaba trabajando en un bar y llegaron unos clientes de aspecto formal y uno de ellos al verme, les dijo: \u201cEse negro qu\u00e9 hace aqu\u00ed?\u201d Poco despu\u00e9s, viene mi compa\u00f1ero a decirme que ser\u00eda mejor que no atendiese a ese hombre para evitar que se produjera alg\u00fan altercado. Y fue cuando decid\u00ed ir yo mismo a atenderle. \u00bfQu\u00e9 ha pasado? A los pocos meses llegu\u00e9 a tener una muy buena relaci\u00f3n con \u00e9l hasta el punto de que un d\u00eda me pidi\u00f3 que hablase con su hija adolescente con la que ten\u00eda ciertos problemas de comunicaci\u00f3n.<\/p>\n<p><strong>\u00bfY c\u00f3mo te sientes cuando obtienes los frutos de tu f\u00f3rmula anti-prejuicios y pro-aceptaci\u00f3n?<\/strong><\/p>\n<p>La verdad que me siento muy realizado, porque, al fin y al cabo, he podido desmontar un prejuicio. Tambi\u00e9n, hay dos factores importantes: la edad y la maduraci\u00f3n. Cuanto m\u00e1s j\u00f3venes somos, menos somos capaces de ver las cosas desde otras perspectivas.<\/p>\n<p><strong>\u00bfAlguna vez no pudiste producir ese cambio?<\/strong><\/p>\n<p>S\u00ed, pocas, pero s\u00ed. Me ha dolido tener que eliminar de mi vida a algunas personas. Porque termin\u00e9 aceptando la realidad de que dentro de ellos habitan el odio y el racismo. Son pocas, afortunadamente. Pero, \u00bfSabes qu\u00e9 pasa? Que el moro, el negro, el musulm\u00e1n o el hind\u00fa viven felices lejos de ese odio. A no ser que tengan que tratar con \u00e9l y vivan esa discriminaci\u00f3n o xenofobia.<\/p>\n<p><strong>\u00bfCu\u00e1l es el lema de tu vida?<\/strong><\/p>\n<p>No hagas lo que no te gusta que te hagan. Partiendo de esta premisa, vamos por buen camino.<\/p>\n","protected":false},"excerpt":{"rendered":"<p>&nbsp; Kamal es un senegal\u00e9s de 42 a\u00f1os que deja boquiabiertos, a quienes le escuchan, por su filosof\u00eda de la vida. Su f\u00f3rmula de convivencia provoca en su interlocutor un viaje hacia el interior de ellos mismos para hallar las respuestas a lo que pasa alrededor. No siempre el \u201ct\u00fa\u201d y el \u201c\u00e9l\/ella\u2019\u2019 son los [&hellip;]<\/p>\n","protected":false},"author":1,"featured_media":5235,"comment_status":"open","ping_status":"closed","sticky":false,"template":"","format":"standard","meta":{"_et_pb_use_builder":"","_et_pb_old_content":"","_et_gb_content_width":"","_jetpack_newsletter_access":"","_jetpack_dont_email_post_to_subs":false,"_jetpack_newsletter_tier_id":0,"_jetpack_memberships_contains_paywalled_content":false,"_jetpack_feature_clip_id":0,"_jetpack_memberships_contains_paid_content":false,"footnotes":"","jetpack_post_was_ever_published":false},"categories":[189],"tags":[],"class_list":["post-5234","post","type-post","status-publish","format-standard","has-post-thumbnail","hentry","category-historias-de-vida"],"jetpack_sharing_enabled":true,"jetpack_featured_media_url":"https:\/\/i0.wp.com\/migrantesenigualdad.es\/wp-content\/uploads\/2022\/07\/WhatsApp-Image-2022-07-15-at-11.59.09-AM.jpeg?fit=1170%2C863&ssl=1","post_mailing_queue_ids":[],"_links":{"self":[{"href":"https:\/\/migrantesenigualdad.es\/index.php\/wp-json\/wp\/v2\/posts\/5234","targetHints":{"allow":["GET"]}}],"collection":[{"href":"https:\/\/migrantesenigualdad.es\/index.php\/wp-json\/wp\/v2\/posts"}],"about":[{"href":"https:\/\/migrantesenigualdad.es\/index.php\/wp-json\/wp\/v2\/types\/post"}],"author":[{"embeddable":true,"href":"https:\/\/migrantesenigualdad.es\/index.php\/wp-json\/wp\/v2\/users\/1"}],"replies":[{"embeddable":true,"href":"https:\/\/migrantesenigualdad.es\/index.php\/wp-json\/wp\/v2\/comments?post=5234"}],"version-history":[{"count":0,"href":"https:\/\/migrantesenigualdad.es\/index.php\/wp-json\/wp\/v2\/posts\/5234\/revisions"}],"wp:featuredmedia":[{"embeddable":true,"href":"https:\/\/migrantesenigualdad.es\/index.php\/wp-json\/wp\/v2\/media\/5235"}],"wp:attachment":[{"href":"https:\/\/migrantesenigualdad.es\/index.php\/wp-json\/wp\/v2\/media?parent=5234"}],"wp:term":[{"taxonomy":"category","embeddable":true,"href":"https:\/\/migrantesenigualdad.es\/index.php\/wp-json\/wp\/v2\/categories?post=5234"},{"taxonomy":"post_tag","embeddable":true,"href":"https:\/\/migrantesenigualdad.es\/index.php\/wp-json\/wp\/v2\/tags?post=5234"}],"curies":[{"name":"wp","href":"https:\/\/api.w.org\/{rel}","templated":true}]}}