{"id":5226,"date":"2022-07-22T09:01:23","date_gmt":"2022-07-22T09:01:23","guid":{"rendered":"https:\/\/migrantesenigualdad.es\/?p=5226"},"modified":"2022-07-19T11:32:56","modified_gmt":"2022-07-19T11:32:56","slug":"dia-europeo-de-las-victimas-de-los-delitos-de-odio","status":"publish","type":"post","link":"https:\/\/migrantesenigualdad.es\/index.php\/2022\/07\/22\/dia-europeo-de-las-victimas-de-los-delitos-de-odio\/","title":{"rendered":"D\u00eda Europeo de las V\u00edctimas de los Delitos de Odio"},"content":{"rendered":"<p><img data-recalc-dims=\"1\" loading=\"lazy\" decoding=\"async\" class=\" wp-image-5228 alignleft\" src=\"https:\/\/i0.wp.com\/migrantesenigualdad.es\/wp-content\/uploads\/2022\/07\/A.R-1.png?resize=484%2C271&#038;ssl=1\" alt=\"\" width=\"484\" height=\"271\" srcset=\"https:\/\/migrantesenigualdad.es\/wp-content\/uploads\/2022\/07\/A.R-1-300x168.png 484w, https:\/\/migrantesenigualdad.es\/wp-content\/uploads\/2022\/07\/A.R-1-480x269.png 480w\" sizes=\"(min-width: 0px) and (max-width: 480px) 480px, (min-width: 481px) 484px, 100vw\" \/>\u00a0En un 22 de julio, Noruega amaneci\u00f3 al son de uno de los tiroteos m\u00e1s racistas y sangrientos desde la segunda <strong>Guerra Mundial<\/strong>.<br \/>\n<a href=\"https:\/\/es.wikipedia.org\/wiki\/Anders_Breivik\"><strong>\u00a0 Andres Breivik<\/strong><\/a> un <strong>neonazi<\/strong> que se autodenomin\u00f3 <strong>extremista cristiano<\/strong> y <strong>con mucho odio hacia los musulmanes<\/strong>, explot\u00f3 fr\u00edamente una bomba cerca de la sede de gobierno en <strong>Oslo<\/strong> donde <strong>asesin\u00f3<\/strong> a <strong><span style=\"color: #ff9900;\">ocho personas<\/span><\/strong> y luego se dirigi\u00f3 a un <strong>campamento de verano<\/strong> donde mat\u00f3 de manera fr\u00eda a <strong><span style=\"color: #ff9900;\">69 personas<\/span><\/strong>, en su mayor\u00eda,<strong> j\u00f3venes<\/strong>. <strong>El crimen de odio<\/strong> de Breivik, saldado con <strong><span style=\"color: #ff9900;\">76 personas<\/span> <\/strong>en su totalidad, le cost\u00f3 solamente, <strong><span style=\"color: #ff0000;\">21 a\u00f1os<\/span><\/strong> <span style=\"color: #ff0000;\"><strong>de prisi\u00f3n<\/strong> <\/span>sin mostrar <strong><span style=\"color: #ff0000;\">remordimiento alguno<\/span><\/strong>. El criminal asegur\u00f3 en las redes sociales que su actitud est\u00e1 basada en<strong> \u00abideas nacionalistas, neonazis, antiislam, antiinmigraci\u00f3n y antimarxistas\u00bb.\u00a0\u00a0<\/strong><\/p>\n<p>&nbsp;<\/p>\n<h3><\/h3>\n<h3><\/h3>\n<h3><strong><span style=\"color: #ff9900;\">&#8216; 22 de julio&#8217; (2018)<\/span><\/strong><\/h3>\n<p>Es la pel\u00edcula que el director y guionista noruego, <strong><span style=\"color: #ff9900;\">Paul GreenGrass<\/span><\/strong> ha creado para narrar los hechos vividos en el hasta entonces, <strong><span style=\"color: #ff9900;\">pacifista<\/span><\/strong> pueblo n\u00f3rdico.<br \/>\nLa pel\u00edcula tambi\u00e9n narra <strong><span style=\"color: #3366ff;\">las secuelas<\/span><\/strong> de este crimen a trav\u00e9s de los ojos de un <strong>superviviente, <span style=\"color: #ff9900;\">Viljar<\/span><\/strong> que nos invita a ver c\u00f3mo el pa\u00eds ha emprendido su aventura hacia la sanaci\u00f3n y su determinaci\u00f3n de <strong>separar<span style=\"color: #3366ff;\"> la libertad de expresi\u00f3n<\/span><\/strong> y <span style=\"color: #3366ff;\"><strong>los discursos de odio<\/strong><\/span>.<\/p>\n<p>La pel\u00edcula est\u00e1 basada en el libro <em><strong>One of Us: The Story of Massacre In Norway.\u00a0<\/strong><\/em><\/p>\n<p><iframe loading=\"lazy\" title=\"22 JULY | Official Trailer [HD] | Netflix\" width=\"1080\" height=\"608\" src=\"https:\/\/www.youtube.com\/embed\/ZVpUZGmHJB8?feature=oembed\"  allow=\"accelerometer; autoplay; clipboard-write; encrypted-media; gyroscope; picture-in-picture\" allowfullscreen><\/iframe><\/p>\n<p>La historia comienza con el <strong>criminal ultraderechista<\/strong> terminando de crear su macabro manifiesto. Disfrazado de polic\u00eda, prepara su <strong><span style=\"color: #ff0000;\">coche- bomba<\/span><\/strong> para dirigirse al punto de explosi\u00f3n frente al <strong>Ministerio del Interior<\/strong>. Una vez cumplida su misi\u00f3n, se dirige a su <strong><span style=\"color: #ff0000;\">segundo punto<\/span><\/strong>: un campamento de verano en la isla<strong> Utoya<\/strong> cuyo \u00fanico acceso es por mar, un factor que \u00e9l <strong>aprovecha minuciosamente<\/strong> para asegurar el \u00e9xito de su plan macabro.<br \/>\nAqu\u00ed es donde viene el papel del protagonista, <span style=\"color: #ff9900;\"><strong>Viljar<\/strong><\/span> quien hace de corresponsal en el tiroteo e intenta comunicarle a su madre la determinaci\u00f3n del asesino de <strong>perseguirles<\/strong> y <strong><span style=\"color: #ff0000;\">arrebatarles la vida<\/span><\/strong> simplemente, porque son<strong><span style=\"color: #3366ff;\"> \u201cliberales<\/span><\/strong>\u201d y no comparten los mismos ideales <strong><span style=\"color: #ff0000;\">neonazis<\/span><\/strong> que \u00e9l.<br \/>\n<strong>Breivik<\/strong> encuentra al grupo de Viljar y reinicia el <strong>tiroteo<\/strong>, hiriendo al joven en<strong> cinco ocasiones<\/strong>; d\u00e1ndolo por muerto, sigue al resto de chicos que han escapado. Un equipo t\u00e1ctico policial enviado a la isla finalmente captura al <span style=\"color: #ff0000;\"><strong>terrorista<\/strong><\/span>, quien se rinde <strong>sin mayor resistencia<\/strong>.<br \/>\nLa historia sigue luego el proceso del juicio mostrando tanto la perspectiva de las<span style=\"color: #ff9900;\"> <strong>v\u00edctimas<\/strong><\/span> como la de <strong>Breivik<\/strong>, hasta su sentencia a reclusi\u00f3n solitaria por tiempo indefinido. La cual <strong>recurri\u00f3<\/strong> en 2019 acusando al pa\u00eds de<strong><span style=\"color: #3366ff;\"> asilamiento carcelario infrahumano<\/span><\/strong>.<\/p>\n<p><a href=\"http:\/\/www.movimientocontralaintolerancia.com\/\"><strong>El Movimiento contra la Intolerancia<\/strong> <\/a>(Espa\u00f1a) asegura que <strong>\u201cfue un crimen de odio por rechazo al progreso, a la tolerancia. No fue obra de un loco, sino de un lobo solitario que se alimenta del odio y se informa en Internet\u00bb<\/strong>.<\/p>\n<p><strong>Ficha T\u00e9cnica:<\/strong><\/p>\n<p>Estreno: 2018<\/p>\n<p>Director: Paul Greengrass<\/p>\n<p>Reparto: Jonas Strandt Gravli, Anders Danielsen Lie.<\/p>\n<p>&nbsp;<\/p>\n","protected":false},"excerpt":{"rendered":"<p>\u00a0En un 22 de julio, Noruega amaneci\u00f3 al son de uno de los tiroteos m\u00e1s racistas y sangrientos desde la segunda Guerra Mundial. \u00a0 Andres Breivik un neonazi que se autodenomin\u00f3 extremista cristiano y con mucho odio hacia los musulmanes, explot\u00f3 fr\u00edamente una bomba cerca de la sede de gobierno en Oslo donde asesin\u00f3 a [&hellip;]<\/p>\n","protected":false},"author":1,"featured_media":5231,"comment_status":"open","ping_status":"closed","sticky":false,"template":"","format":"standard","meta":{"_et_pb_use_builder":"","_et_pb_old_content":"","_et_gb_content_width":"","_jetpack_newsletter_access":"","_jetpack_dont_email_post_to_subs":false,"_jetpack_newsletter_tier_id":0,"_jetpack_memberships_contains_paywalled_content":false,"_jetpack_feature_clip_id":0,"_jetpack_memberships_contains_paid_content":false,"footnotes":"","jetpack_post_was_ever_published":false},"categories":[109],"tags":[125,128,126,16,129,127],"class_list":["post-5226","post","type-post","status-publish","format-standard","has-post-thumbnail","hentry","category-cine","tag-22-de-julio","tag-andres-breivik","tag-crimen-de-odioi","tag-delito-de-odio","tag-july22","tag-masacre-de-noruega"],"jetpack_sharing_enabled":true,"jetpack_featured_media_url":"https:\/\/i0.wp.com\/migrantesenigualdad.es\/wp-content\/uploads\/2022\/07\/poster-film-22-july-wikipedia.jpg?fit=880%2C495&ssl=1","post_mailing_queue_ids":[],"_links":{"self":[{"href":"https:\/\/migrantesenigualdad.es\/index.php\/wp-json\/wp\/v2\/posts\/5226","targetHints":{"allow":["GET"]}}],"collection":[{"href":"https:\/\/migrantesenigualdad.es\/index.php\/wp-json\/wp\/v2\/posts"}],"about":[{"href":"https:\/\/migrantesenigualdad.es\/index.php\/wp-json\/wp\/v2\/types\/post"}],"author":[{"embeddable":true,"href":"https:\/\/migrantesenigualdad.es\/index.php\/wp-json\/wp\/v2\/users\/1"}],"replies":[{"embeddable":true,"href":"https:\/\/migrantesenigualdad.es\/index.php\/wp-json\/wp\/v2\/comments?post=5226"}],"version-history":[{"count":0,"href":"https:\/\/migrantesenigualdad.es\/index.php\/wp-json\/wp\/v2\/posts\/5226\/revisions"}],"wp:featuredmedia":[{"embeddable":true,"href":"https:\/\/migrantesenigualdad.es\/index.php\/wp-json\/wp\/v2\/media\/5231"}],"wp:attachment":[{"href":"https:\/\/migrantesenigualdad.es\/index.php\/wp-json\/wp\/v2\/media?parent=5226"}],"wp:term":[{"taxonomy":"category","embeddable":true,"href":"https:\/\/migrantesenigualdad.es\/index.php\/wp-json\/wp\/v2\/categories?post=5226"},{"taxonomy":"post_tag","embeddable":true,"href":"https:\/\/migrantesenigualdad.es\/index.php\/wp-json\/wp\/v2\/tags?post=5226"}],"curies":[{"name":"wp","href":"https:\/\/api.w.org\/{rel}","templated":true}]}}