{"id":5223,"date":"2022-07-19T07:52:29","date_gmt":"2022-07-19T07:52:29","guid":{"rendered":"https:\/\/migrantesenigualdad.es\/?p=5223"},"modified":"2022-07-19T09:39:57","modified_gmt":"2022-07-19T09:39:57","slug":"michael-malsa-nueva-victima-de-discriminacion-racial-en-el-deporte","status":"publish","type":"post","link":"https:\/\/migrantesenigualdad.es\/index.php\/2022\/07\/19\/michael-malsa-nueva-victima-de-discriminacion-racial-en-el-deporte\/","title":{"rendered":"Michael Malsa: nueva v\u00edctima de discriminaci\u00f3n racial en el deporte"},"content":{"rendered":"<p>El <strong>f\u00fatbol<\/strong> es uno de los deportes m\u00e1s populares del mundo. Esto implica que sus estadios no se libren de comentarios y actitudes de fan\u00e1ticos\/ultras que atentan contra la integridad de los futbolistas.<\/p>\n<p>El centrocampista del Levante <strong>Michael Malsa<\/strong> es uno de lo \u00faltimos rostros en sufrir ataques racistas por su color de piel y que ha acudido a las redes sociales para denunciarlos.<\/p>\n<p><strong>\u201cNegro esclavo\u201d<\/strong> son algunas de las expresiones que ha republicado Malsa en una captura de pantalla de los mensajes racistas recibidos, en Instagram.<\/p>\n<p>Reacci\u00f3n de Malsa:<\/p>\n<p>La reacci\u00f3n de Malsa es muy sutil y valiente: primero, ha hecho p\u00fablicos dichos comentarios y segundo,\u00a0 hacer que esos comentarios no sean m\u00e1s que un bot\u00f3n de adrenalina para que el jugador de lo mejor\u00a0 : \u201c Vuelve [vuelta] a la realidad ! ???<\/p>\n<p>Este incidente subraya de nuevo en el rol de las<strong> redes sociales<\/strong> como<strong><span style=\"color: #ff9900;\"> herramienta eficiente <\/span><\/strong><span style=\"color: #ff9900;\"><span style=\"color: #000000;\">y <\/span><\/span><strong><span style=\"color: #ff9900;\">r\u00e1pida<\/span><\/strong> para denunciar y visibilizar actos racistas y xen\u00f3fobos.<\/p>\n","protected":false},"excerpt":{"rendered":"<p>El f\u00fatbol es uno de los deportes m\u00e1s populares del mundo. Esto implica que sus estadios no se libren de comentarios y actitudes de fan\u00e1ticos\/ultras que atentan contra la integridad de los futbolistas. El centrocampista del Levante Michael Malsa es uno de lo \u00faltimos rostros en sufrir ataques racistas por su color de piel y [&hellip;]<\/p>\n","protected":false},"author":1,"featured_media":5224,"comment_status":"open","ping_status":"closed","sticky":false,"template":"","format":"standard","meta":{"_et_pb_use_builder":"","_et_pb_old_content":"","_et_gb_content_width":"","_jetpack_newsletter_access":"","_jetpack_dont_email_post_to_subs":false,"_jetpack_newsletter_tier_id":0,"_jetpack_memberships_contains_paywalled_content":false,"_jetpack_feature_clip_id":0,"_jetpack_memberships_contains_paid_content":false,"footnotes":"","jetpack_post_was_ever_published":false},"categories":[104],"tags":[123,124],"class_list":["post-5223","post","type-post","status-publish","format-standard","has-post-thumbnail","hentry","category-mundo-global","tag-michael-malsa","tag-racismo-en-el-deporte"],"jetpack_sharing_enabled":true,"jetpack_featured_media_url":"https:\/\/i0.wp.com\/migrantesenigualdad.es\/wp-content\/uploads\/2022\/07\/malsa.jpeg?fit=1200%2C675&ssl=1","post_mailing_queue_ids":[],"_links":{"self":[{"href":"https:\/\/migrantesenigualdad.es\/index.php\/wp-json\/wp\/v2\/posts\/5223","targetHints":{"allow":["GET"]}}],"collection":[{"href":"https:\/\/migrantesenigualdad.es\/index.php\/wp-json\/wp\/v2\/posts"}],"about":[{"href":"https:\/\/migrantesenigualdad.es\/index.php\/wp-json\/wp\/v2\/types\/post"}],"author":[{"embeddable":true,"href":"https:\/\/migrantesenigualdad.es\/index.php\/wp-json\/wp\/v2\/users\/1"}],"replies":[{"embeddable":true,"href":"https:\/\/migrantesenigualdad.es\/index.php\/wp-json\/wp\/v2\/comments?post=5223"}],"version-history":[{"count":0,"href":"https:\/\/migrantesenigualdad.es\/index.php\/wp-json\/wp\/v2\/posts\/5223\/revisions"}],"wp:featuredmedia":[{"embeddable":true,"href":"https:\/\/migrantesenigualdad.es\/index.php\/wp-json\/wp\/v2\/media\/5224"}],"wp:attachment":[{"href":"https:\/\/migrantesenigualdad.es\/index.php\/wp-json\/wp\/v2\/media?parent=5223"}],"wp:term":[{"taxonomy":"category","embeddable":true,"href":"https:\/\/migrantesenigualdad.es\/index.php\/wp-json\/wp\/v2\/categories?post=5223"},{"taxonomy":"post_tag","embeddable":true,"href":"https:\/\/migrantesenigualdad.es\/index.php\/wp-json\/wp\/v2\/tags?post=5223"}],"curies":[{"name":"wp","href":"https:\/\/api.w.org\/{rel}","templated":true}]}}