{"id":5219,"date":"2022-07-14T10:55:09","date_gmt":"2022-07-14T10:55:09","guid":{"rendered":"https:\/\/migrantesenigualdad.es\/?p=5219"},"modified":"2022-07-14T10:55:09","modified_gmt":"2022-07-14T10:55:09","slug":"buenas-practicas-en-prensa-1-dos-adolescentes-subsaharianos-y-un-adulto-logran-saltar-la-valla-13-07-22","status":"publish","type":"post","link":"https:\/\/migrantesenigualdad.es\/index.php\/2022\/07\/14\/buenas-practicas-en-prensa-1-dos-adolescentes-subsaharianos-y-un-adulto-logran-saltar-la-valla-13-07-22\/","title":{"rendered":"Buenas pr\u00e1cticas en prensa 1. Dos adolescentes subsaharianos y un adulto logran saltar la valla (13.07.22)"},"content":{"rendered":"<p><span style=\"color: #333333;\">El <strong>observatorio<\/strong> de prensa y redes sociales de Migrantes en igualdad muestra hoy como pr\u00e1ctica period\u00edstica una noticia publicada en El Foro de Ceuta siguiendo la Gu\u00eda pr\u00e1ctica para los profesionales de los medios de comunicaci\u00f3n: tratamiento medi\u00e1tico de la inmigraci\u00f3n publicada por el Observatorio Espa\u00f1ol del Racismo y la Xenofobia (OBERAXE).<\/span><\/p>\n<p><span style=\"color: #333333;\">En el art\u00edculo objeto de nuestro an\u00e1lisis, podemos apreciar un cuidado especial en el titular y los textos destacados de la noticia: <strong>Dos adolescentes subsaharianos y un adulto logran saltar la valla. <\/strong>El titular responde al criterio de la precisi\u00f3n de datos y la f\u00e1cil ubicaci\u00f3n f\u00edsica de los hechos.<\/span><\/p>\n<p><span style=\"color: #333333;\">\u00b7 Esforzarse en la precisi\u00f3n para enmarcar apropiadamente los acontecimientos.<\/span><\/p>\n<p><span style=\"color: #99cc00;\">\u00b7 Presentar la migraci\u00f3n como un fen\u00f3meno natural de la humanidad y resaltar las pautas por las que pasan dichos migrantes para lograr entrar en Espa\u00f1a.<\/span><\/p>\n<p><span style=\"color: #00ccff;\">\u00b7 Contextualizaci\u00f3n adecuada para ofrecer m\u00e1s explicaci\u00f3n sobre el hecho tratado.<\/span><\/p>\n<p><span style=\"color: #800080;\">\u00b7 Poner en contexto los movimientos migratorios e informar sobre las pol\u00edticas de los pa\u00edses de acogida.<\/span><\/p>\n<p>&nbsp;<\/p>\n<p><span style=\"color: #993300;\">Tres subsaharianos, dos de ellos menores de edad, consiguieron sortear el vallado este martes, accediendo a Ceuta y llegando por sus propios medios hasta las inmediaciones del monte de Aranguren. All\u00ed fueron localizados y atendidos por el ERIE de Cruz Roja, cuyos voluntarios comprobaron que todos ellos se encontraban en buen estado de salud. Dos de los inmigrantes manifestaron tener 16 a\u00f1os, por lo que su traslado inicial tiene como destino el centro de Piniers<\/span> hasta que las pruebas de verificaci\u00f3n de edad determinen que realmente son adolescentes. El tercer acompa\u00f1ante manifest\u00f3 tener 40 a\u00f1os y su ingreso previsto es el CETI.<\/p>\n<p><span style=\"color: #99cc00;\">La entrada se produjo por la ma\u00f1ana cuando los subsaharianos, procedentes de Burkina Faso y el Congo, fueron encontrados en las inmediaciones del monte<\/span>. <span style=\"color: #00ccff;\">Se procedi\u00f3 a su traslado al hospital para su reconocimiento, aunque no consta que presentaran da\u00f1os que motivaran su ingreso. Exhaustos, hab\u00edan llegado hasta el monte en donde fueron localizados, recorriendo las inmediaciones confusos tras sortear la doble valla.<\/span><\/p>\n<p><span style=\"color: #00ccff;\">Los pases a Ceuta se est\u00e1n produciendo en goteo, en grupos peque\u00f1os pero constantes, integrados todos ellos por subsaharianos que logran pasar el per\u00edmetro ayudados de ganchos artesanales para superar los peines invertidos colocados en las coronas de las vallas como medio alternativo a las concertinas, retiradas en su totalidad desde hace un a\u00f1o.<\/span> <span style=\"color: #993300;\">Superar ese doble obst\u00e1culo es el objetivo de quienes, en muchos de los casos, llevan meses e incluso a\u00f1os esperando en la zona norte para poder cruzar y escapar de Marruecos.<\/span> Las \u00faltimas entradas por Melilla no han hecho sin<\/p>\n<p><span style=\"color: #800080;\">Las \u00faltimas entradas por Melilla no han hecho sino recrudecer los controles que las fuerzas marroqu\u00edes hacen por las inmediaciones de la l\u00ednea fronteriza utilizando todo tipo de medios, procediendo a detenciones y a alejar hacia el sur a todos los subsaharianos que interceptan por el camino. No se tiene en cuenta los casos de menores ni de peticionarios de asilo.<\/span><\/p>\n<p><span style=\"color: #99cc00;\">Esa inmigraci\u00f3n que llega previo salto de la valla es menor que la que se produce por v\u00eda mar\u00edtima sobre todo bordeando los espigones fronterizos o a bordo de embarcaciones.<\/span><\/p>\n","protected":false},"excerpt":{"rendered":"<p>El observatorio de prensa y redes sociales de Migrantes en igualdad muestra hoy como pr\u00e1ctica period\u00edstica una noticia publicada en El Foro de Ceuta siguiendo la Gu\u00eda pr\u00e1ctica para los profesionales de los medios de comunicaci\u00f3n: tratamiento medi\u00e1tico de la inmigraci\u00f3n publicada por el Observatorio Espa\u00f1ol del Racismo y la Xenofobia (OBERAXE). En el art\u00edculo [&hellip;]<\/p>\n","protected":false},"author":1,"featured_media":5221,"comment_status":"open","ping_status":"closed","sticky":false,"template":"","format":"standard","meta":{"_et_pb_use_builder":"","_et_pb_old_content":"","_et_gb_content_width":"","_jetpack_newsletter_access":"","_jetpack_dont_email_post_to_subs":false,"_jetpack_newsletter_tier_id":0,"_jetpack_memberships_contains_paywalled_content":false,"_jetpack_feature_clip_id":0,"_jetpack_memberships_contains_paid_content":false,"footnotes":"","jetpack_post_was_ever_published":false},"categories":[26],"tags":[],"class_list":["post-5219","post","type-post","status-publish","format-standard","has-post-thumbnail","hentry","category-observatorio"],"jetpack_sharing_enabled":true,"jetpack_featured_media_url":"https:\/\/i0.wp.com\/migrantesenigualdad.es\/wp-content\/uploads\/2022\/07\/buenas-practicas.png?fit=999%2C563&ssl=1","post_mailing_queue_ids":[],"_links":{"self":[{"href":"https:\/\/migrantesenigualdad.es\/index.php\/wp-json\/wp\/v2\/posts\/5219","targetHints":{"allow":["GET"]}}],"collection":[{"href":"https:\/\/migrantesenigualdad.es\/index.php\/wp-json\/wp\/v2\/posts"}],"about":[{"href":"https:\/\/migrantesenigualdad.es\/index.php\/wp-json\/wp\/v2\/types\/post"}],"author":[{"embeddable":true,"href":"https:\/\/migrantesenigualdad.es\/index.php\/wp-json\/wp\/v2\/users\/1"}],"replies":[{"embeddable":true,"href":"https:\/\/migrantesenigualdad.es\/index.php\/wp-json\/wp\/v2\/comments?post=5219"}],"version-history":[{"count":0,"href":"https:\/\/migrantesenigualdad.es\/index.php\/wp-json\/wp\/v2\/posts\/5219\/revisions"}],"wp:featuredmedia":[{"embeddable":true,"href":"https:\/\/migrantesenigualdad.es\/index.php\/wp-json\/wp\/v2\/media\/5221"}],"wp:attachment":[{"href":"https:\/\/migrantesenigualdad.es\/index.php\/wp-json\/wp\/v2\/media?parent=5219"}],"wp:term":[{"taxonomy":"category","embeddable":true,"href":"https:\/\/migrantesenigualdad.es\/index.php\/wp-json\/wp\/v2\/categories?post=5219"},{"taxonomy":"post_tag","embeddable":true,"href":"https:\/\/migrantesenigualdad.es\/index.php\/wp-json\/wp\/v2\/tags?post=5219"}],"curies":[{"name":"wp","href":"https:\/\/api.w.org\/{rel}","templated":true}]}}