{"id":5214,"date":"2022-07-12T12:29:18","date_gmt":"2022-07-12T12:29:18","guid":{"rendered":"https:\/\/migrantesenigualdad.es\/?p=5214"},"modified":"2022-07-12T12:38:55","modified_gmt":"2022-07-12T12:38:55","slug":"boicot-homofobo-a-danone","status":"publish","type":"post","link":"https:\/\/migrantesenigualdad.es\/index.php\/2022\/07\/12\/boicot-homofobo-a-danone\/","title":{"rendered":"BOICOT HOM\u00d3FOBO A DANONE"},"content":{"rendered":"<p>Han sido muchos los incidentes y acontecimientos que han marcado la semana del Orgullo de este a\u00f1o y sus celebraciones reivindicativas, conmemorativas y concienciadoras. La proliferaci\u00f3n de potenciales actores sociales que apuestan por la diversidad la ha seguido la aparici\u00f3n de voces que pretenden ilegitimar su mensaje.<br \/>\nDanone y su campa\u00f1a \u201cNutriendo la diversidad\u201d ha sido el \u00faltimo blanco de internautas hom\u00f3fobos que, sinti\u00e9ndose no conformes con la nueva pol\u00edtica corporativa y estrategia de marketing de la multinacional de los l\u00e1cteos que, tras 100 a\u00f1os ha decidido actualizar sus vi\u00f1etas e incluir nuevos modelos de familia; monoparentales, homosexuales, etc.<\/p>\n<p>No obstante, la campa\u00f1a que, pretend\u00eda promover los valores igualitarios a trav\u00e9s de vi\u00f1etas que tachaban t\u00e9rminos excluyentes y normalizar lo que hasta ahora era dif\u00edcil de lograr: modelos plurales de familia, a trav\u00e9s de la creaci\u00f3n de \u2018Danone Family Pride\u2019 ha causado un aluvi\u00f3n de comentarios hom\u00f3fobos en Twitter por parte de usuarios que consideran que la marca est\u00e1 cometiendo un error a la hora de dirigirse a una tasa de consumidores que representa nada mas y nada menos que un 5%. Algunos, ir\u00f3nicamente y con el fin de acentuar m\u00e1s las diferencias, han aconsejado a la multinacional vender sus productos \u201cEN Chueca\u201d. Mientras que otros han se\u00f1alado que no tendr\u00edan problema en pasarse a \u2018\u2019la marca blanca\u2019\u2019 . Y en \u00faltima instancia, algunos han usado las mismas im\u00e1genes para alentar sobre el riesgo que representa esta publicidad para el imaginario de los m\u00e1s peque\u00f1os y la alteraci\u00f3n del modelo de familia cl\u00e1sico al que est\u00e1n acostumbrados.<\/p>\n<p>Muchos internautas han calificado esta \u2018anti-campa\u00f1a\u2019 de un \u201cBoicot a la tolerancia\u2019\u2019 mediante hashtags como #AdiosDanone. Si Danone ha tardado 100 a\u00f1os en poder modificar sus carteles publicitarios y llamar abiertamente a la diversidad, podemos ver la gran labor que a\u00fan queda por llevar a cabo en materia de Derechos Humanos, especialmente en lo que se refiere a la poblaci\u00f3n juvenil.<\/p>\n","protected":false},"excerpt":{"rendered":"<p>Han sido muchos los incidentes y acontecimientos que han marcado la semana del Orgullo de este a\u00f1o y sus celebraciones reivindicativas, conmemorativas y concienciadoras. La proliferaci\u00f3n de potenciales actores sociales que apuestan por la diversidad la ha seguido la aparici\u00f3n de voces que pretenden ilegitimar su mensaje. Danone y su campa\u00f1a \u201cNutriendo la diversidad\u201d ha [&hellip;]<\/p>\n","protected":false},"author":1,"featured_media":5217,"comment_status":"open","ping_status":"closed","sticky":false,"template":"","format":"standard","meta":{"_et_pb_use_builder":"","_et_pb_old_content":"","_et_gb_content_width":"","_jetpack_newsletter_access":"","_jetpack_dont_email_post_to_subs":false,"_jetpack_newsletter_tier_id":0,"_jetpack_memberships_contains_paywalled_content":false,"_jetpack_feature_clip_id":0,"_jetpack_memberships_contains_paid_content":false,"footnotes":"","jetpack_post_was_ever_published":false},"categories":[104],"tags":[121,122],"class_list":["post-5214","post","type-post","status-publish","format-standard","has-post-thumbnail","hentry","category-mundo-global","tag-danone","tag-pride"],"jetpack_sharing_enabled":true,"jetpack_featured_media_url":"https:\/\/i0.wp.com\/migrantesenigualdad.es\/wp-content\/uploads\/2022\/07\/8e8c130d-60b9-4c80-b333-fe0314056307_alta-libre-aspect-ratio_default_0.jpg?fit=1071%2C675&ssl=1","post_mailing_queue_ids":[],"_links":{"self":[{"href":"https:\/\/migrantesenigualdad.es\/index.php\/wp-json\/wp\/v2\/posts\/5214","targetHints":{"allow":["GET"]}}],"collection":[{"href":"https:\/\/migrantesenigualdad.es\/index.php\/wp-json\/wp\/v2\/posts"}],"about":[{"href":"https:\/\/migrantesenigualdad.es\/index.php\/wp-json\/wp\/v2\/types\/post"}],"author":[{"embeddable":true,"href":"https:\/\/migrantesenigualdad.es\/index.php\/wp-json\/wp\/v2\/users\/1"}],"replies":[{"embeddable":true,"href":"https:\/\/migrantesenigualdad.es\/index.php\/wp-json\/wp\/v2\/comments?post=5214"}],"version-history":[{"count":0,"href":"https:\/\/migrantesenigualdad.es\/index.php\/wp-json\/wp\/v2\/posts\/5214\/revisions"}],"wp:featuredmedia":[{"embeddable":true,"href":"https:\/\/migrantesenigualdad.es\/index.php\/wp-json\/wp\/v2\/media\/5217"}],"wp:attachment":[{"href":"https:\/\/migrantesenigualdad.es\/index.php\/wp-json\/wp\/v2\/media?parent=5214"}],"wp:term":[{"taxonomy":"category","embeddable":true,"href":"https:\/\/migrantesenigualdad.es\/index.php\/wp-json\/wp\/v2\/categories?post=5214"},{"taxonomy":"post_tag","embeddable":true,"href":"https:\/\/migrantesenigualdad.es\/index.php\/wp-json\/wp\/v2\/tags?post=5214"}],"curies":[{"name":"wp","href":"https:\/\/api.w.org\/{rel}","templated":true}]}}