{"id":5209,"date":"2022-07-12T12:21:32","date_gmt":"2022-07-12T12:21:32","guid":{"rendered":"https:\/\/migrantesenigualdad.es\/?p=5209"},"modified":"2022-07-12T12:21:32","modified_gmt":"2022-07-12T12:21:32","slug":"el-discurso-del-odio-en-las-redes-sociales","status":"publish","type":"post","link":"https:\/\/migrantesenigualdad.es\/index.php\/2022\/07\/12\/el-discurso-del-odio-en-las-redes-sociales\/","title":{"rendered":"El discurso del odio en las redes sociales"},"content":{"rendered":"<p><strong>Los discursos de odio son mensajes<\/strong>, expresiones que incitan a la violencia, la discriminaci\u00f3n y la agresividad hacia personas o grupos que son definidas por su pertenencia a una religi\u00f3n, g\u00e9nero, orientaci\u00f3n sexual, discapacidad, nacionalidad u otra caracter\u00edstica. Estos mensajes, amparados en el ejercicio de la<strong> libertad de expresi\u00f3n<\/strong> de quienes los profesan y difunden, crean el caldo de cultivo y propician la intolerancia y la hostilidad hacia las personas.<\/p>\n<p>Amparados y promovidos por potentes plataformas de informaci\u00f3n, estos mensajes llegan a los medios de comunicaci\u00f3n o Internet y contaminan tel\u00e9fonos m\u00f3viles, ordenadores o televisiones con mensajes simples y manipulados. Pensados para sembrar miedo y confusi\u00f3n, esos mensajes se dirigen m\u00e1s a la emoci\u00f3n que a la raz\u00f3n y justifican la jerarqu\u00eda y un supuesto orden en el que ciertos grupos sociales tienen el derecho de imponerse sobre otros.<\/p>\n<p>Cuatro caracter\u00edsticas distinguen un discurso de odio. Primero, se\u00f1ala a un grupo vulnerable. Segundo, lo desprestigia o humilla. Tercero, oculta la concepci\u00f3n inhumana y antidemocr\u00e1tica que lo mueve. Y cuarto, tiene intenci\u00f3n de hacer da\u00f1o.<\/p>\n<p>Una investigaci\u00f3n de la<strong> Universidad de Oxford<\/strong>, contrast\u00f3 que uno de cada <strong>15.000 twits<\/strong> que se escrib\u00edan en ingl\u00e9s conten\u00edan insultos racistas. Internet y las redes sociales no siempre son sin\u00f3nimo de libertad y buenas pr\u00e1cticas. Por ello, algunas plataformas como Facebook, Twitter, Google, YouTube y Microsoft se preocupan por el creciente auge de estos discursos en sus plataformas. Estos cinco gigantes de las tecnolog\u00edas y la Comisi\u00f3n Europea firmaron un c\u00f3digo de conducta para eliminar de sus plataformas mensajes racistas o xen\u00f3fobos, detectar malas pr\u00e1cticas y denunciar cuentas o publicaciones cuyo contenido se estime perjudicial.<\/p>\n<p>El c\u00f3digo penal permite a los jueces y tribunales en Espa\u00f1a borrar, destruir y retirar cualquier contenido de Internet que fomente el odio. Una de las barreras a las que se enfrentan en este sentido es al anonimato, ya que los agresores se esconden bajo perfiles con nombres y fotos de perfil falsos para realizar sus ataques.<\/p>\n<p><strong>Luchar contra el racismo y la xenofobia en Internet exige mejorar la formaci\u00f3n de todas las personas en materia de igualdad y no discriminaci\u00f3n<\/strong>. Y tambi\u00e9n crear contra-narrativas en las redes sociales. Es decir, contar experiencias y vivencias que muestran lo equivocados que est\u00e1n quienes manipulan o se dejan influir por las manipulaciones. Mostrar de modo sencillo ejemplos de la vida cotidiana que prueban la falsedad de la <strong>propaganda racista y extremista<\/strong> y ense\u00f1ar lo enriquecedor y beneficioso para la sociedad que es la <strong>tolerancia<\/strong> y la <strong>convivencia<\/strong> de las personas, independientemente de su condici\u00f3n cultural, sexual o nacional. Y eso es lo que tratamos en Migrantes en igualdad.<\/p>\n","protected":false},"excerpt":{"rendered":"<p>Los discursos de odio son mensajes, expresiones que incitan a la violencia, la discriminaci\u00f3n y la agresividad hacia personas o grupos que son definidas por su pertenencia a una religi\u00f3n, g\u00e9nero, orientaci\u00f3n sexual, discapacidad, nacionalidad u otra caracter\u00edstica. Estos mensajes, amparados en el ejercicio de la libertad de expresi\u00f3n de quienes los profesan y difunden, [&hellip;]<\/p>\n","protected":false},"author":1,"featured_media":5212,"comment_status":"open","ping_status":"closed","sticky":false,"template":"","format":"standard","meta":{"_et_pb_use_builder":"","_et_pb_old_content":"","_et_gb_content_width":"","_jetpack_newsletter_access":"","_jetpack_dont_email_post_to_subs":false,"_jetpack_newsletter_tier_id":0,"_jetpack_memberships_contains_paywalled_content":false,"_jetpack_feature_clip_id":0,"_jetpack_memberships_contains_paid_content":false,"footnotes":"","jetpack_post_was_ever_published":false},"categories":[107],"tags":[17],"class_list":["post-5209","post","type-post","status-publish","format-standard","has-post-thumbnail","hentry","category-tienes-un-minuto","tag-discurso-de-odio"],"jetpack_sharing_enabled":true,"jetpack_featured_media_url":"https:\/\/i0.wp.com\/migrantesenigualdad.es\/wp-content\/uploads\/2022\/07\/DISCURSOS-DE-ODIO.png?fit=1008%2C564&ssl=1","post_mailing_queue_ids":[],"_links":{"self":[{"href":"https:\/\/migrantesenigualdad.es\/index.php\/wp-json\/wp\/v2\/posts\/5209","targetHints":{"allow":["GET"]}}],"collection":[{"href":"https:\/\/migrantesenigualdad.es\/index.php\/wp-json\/wp\/v2\/posts"}],"about":[{"href":"https:\/\/migrantesenigualdad.es\/index.php\/wp-json\/wp\/v2\/types\/post"}],"author":[{"embeddable":true,"href":"https:\/\/migrantesenigualdad.es\/index.php\/wp-json\/wp\/v2\/users\/1"}],"replies":[{"embeddable":true,"href":"https:\/\/migrantesenigualdad.es\/index.php\/wp-json\/wp\/v2\/comments?post=5209"}],"version-history":[{"count":0,"href":"https:\/\/migrantesenigualdad.es\/index.php\/wp-json\/wp\/v2\/posts\/5209\/revisions"}],"wp:featuredmedia":[{"embeddable":true,"href":"https:\/\/migrantesenigualdad.es\/index.php\/wp-json\/wp\/v2\/media\/5212"}],"wp:attachment":[{"href":"https:\/\/migrantesenigualdad.es\/index.php\/wp-json\/wp\/v2\/media?parent=5209"}],"wp:term":[{"taxonomy":"category","embeddable":true,"href":"https:\/\/migrantesenigualdad.es\/index.php\/wp-json\/wp\/v2\/categories?post=5209"},{"taxonomy":"post_tag","embeddable":true,"href":"https:\/\/migrantesenigualdad.es\/index.php\/wp-json\/wp\/v2\/tags?post=5209"}],"curies":[{"name":"wp","href":"https:\/\/api.w.org\/{rel}","templated":true}]}}