{"id":5149,"date":"2022-06-29T14:22:42","date_gmt":"2022-06-29T14:22:42","guid":{"rendered":"https:\/\/migrantesenigualdad.es\/?p=5149"},"modified":"2022-06-29T14:22:42","modified_gmt":"2022-06-29T14:22:42","slug":"mueren-51-migrantes-asfixiados-tras-cruzar-la-frontera-entre-mexico-y-eeuu","status":"publish","type":"post","link":"https:\/\/migrantesenigualdad.es\/index.php\/2022\/06\/29\/mueren-51-migrantes-asfixiados-tras-cruzar-la-frontera-entre-mexico-y-eeuu\/","title":{"rendered":"Mueren 51 migrantes asfixiados tras cruzar la frontera entre M\u00e9xico y EEUU"},"content":{"rendered":"<footer class=\"article-info\">FUENTE: <a href=\"https:\/\/www.publico.es\/internacional\/mueren-migrantes-asfixiados-cruzar-frontera-mexico-eeuu.html\">Diario P\u00fablico<\/a><\/p>\n<\/footer>\n<div class=\"article-text\">\n<p id=\"m248-247-249\" class=\"pb-article-item-iteration\">Las autoridades de\u00a0<b>San Antonio\u00a0<\/b>(Texas, EEUU) han confirmado el\u00a0<b>fallecimiento de 51 migrantes<\/b>\u00a0este lunes, que\u00a0<a title=\"Estados Unidos rescinde la norma que us\u00f3 en la pandemia para deportar a migrantes en caliente\" href=\"https:\/\/www.publico.es\/internacional\/estados-unidos-rescinde-norma-pandemia-deportar-migrantes-caliente.html#analytics-buscador:listado\">hab\u00edan cruzado la frontera desde M\u00e9xico<\/a>. Entre ellos hab\u00eda personas procedentes de M\u00e9xico, Guatemala y Honduras.\u00a0<b>Algunas de las v\u00edctimas ten\u00edan menos de 18 a\u00f1os.\u00a0<\/b><\/p>\n<p id=\"m253-1-254\" class=\"pb-article-item-iteration\">Todos ellos migraban<b>\u00a0hacinados en un cami\u00f3n<\/b>\u00a0desde M\u00e9xico en busca de \u00abuna mejor vida\u00bb, ha explicado el alcalde de San Antonio,\u00a0<b>Ron Nirenberg<\/b>, que ha lamentado la tragedia. Las temperaturas en la regi\u00f3n alcanzaron los 40\u00baC este lunes y, aunque las autoridades no saben el tiempo que pasaron los muertos en el interior del cami\u00f3n, s\u00ed que aseguran que\u00a0<b>fallecieron asfixiados<\/b>.<\/p>\n<p id=\"m268-4-269\" class=\"pb-article-item-iteration\">Seg\u00fan la prensa local, es habitual que en la zona donde se localiz\u00f3 el remolque paren veh\u00edculos para bajar a migrantes tras\u00a0<b>cruzar la frontera de manera clandestina<\/b>. Muchas familias latinoamericanas cruzan M\u00e9xico y pasan la frontera desesperadas en busca de una vida digna. Pero en el trayecto se ven atrapadas en<b>\u00a0redes de tr\u00e1fico de personas<\/b>\u00a0que controlan el paso de la frontera y son\u00a0<b>v\u00edctimas de sus enga\u00f1os<\/b>.<\/p>\n<p>Por el momento, el consulado de M\u00e9xico en San Antonio ha comunicado que brindar\u00e1 apoyo a todos los \u00abconnacionales mexicanos en caso de haberlos\u00bb. Adem\u00e1s, ha querido trasmitir sus condolencias a las v\u00edctimas y sus familias.<\/p>\n<p>&nbsp;<\/p>\n<\/div>\n<div class=\"article-text\">\n<p>&nbsp;<\/p>\n<\/div>\n","protected":false},"excerpt":{"rendered":"<p>FUENTE: Diario P\u00fablico Las autoridades de\u00a0San Antonio\u00a0(Texas, EEUU) han confirmado el\u00a0fallecimiento de 51 migrantes\u00a0este lunes, que\u00a0hab\u00edan cruzado la frontera desde M\u00e9xico. Entre ellos hab\u00eda personas procedentes de M\u00e9xico, Guatemala y Honduras.\u00a0Algunas de las v\u00edctimas ten\u00edan menos de 18 a\u00f1os.\u00a0 Todos ellos migraban\u00a0hacinados en un cami\u00f3n\u00a0desde M\u00e9xico en busca de \u00abuna mejor vida\u00bb, ha explicado el [&hellip;]<\/p>\n","protected":false},"author":1,"featured_media":5150,"comment_status":"open","ping_status":"closed","sticky":false,"template":"","format":"standard","meta":{"_et_pb_use_builder":"","_et_pb_old_content":"","_et_gb_content_width":"","_jetpack_newsletter_access":"","_jetpack_dont_email_post_to_subs":false,"_jetpack_newsletter_tier_id":0,"_jetpack_memberships_contains_paywalled_content":false,"_jetpack_feature_clip_id":0,"_jetpack_memberships_contains_paid_content":false,"footnotes":"","jetpack_post_was_ever_published":false},"categories":[104],"tags":[119,120],"class_list":["post-5149","post","type-post","status-publish","format-standard","has-post-thumbnail","hentry","category-mundo-global","tag-migracion","tag-tragedias-humanas"],"jetpack_sharing_enabled":true,"jetpack_featured_media_url":"https:\/\/i0.wp.com\/migrantesenigualdad.es\/wp-content\/uploads\/2022\/06\/62baa2a31558f.jpeg?fit=990%2C660&ssl=1","post_mailing_queue_ids":[],"_links":{"self":[{"href":"https:\/\/migrantesenigualdad.es\/index.php\/wp-json\/wp\/v2\/posts\/5149","targetHints":{"allow":["GET"]}}],"collection":[{"href":"https:\/\/migrantesenigualdad.es\/index.php\/wp-json\/wp\/v2\/posts"}],"about":[{"href":"https:\/\/migrantesenigualdad.es\/index.php\/wp-json\/wp\/v2\/types\/post"}],"author":[{"embeddable":true,"href":"https:\/\/migrantesenigualdad.es\/index.php\/wp-json\/wp\/v2\/users\/1"}],"replies":[{"embeddable":true,"href":"https:\/\/migrantesenigualdad.es\/index.php\/wp-json\/wp\/v2\/comments?post=5149"}],"version-history":[{"count":0,"href":"https:\/\/migrantesenigualdad.es\/index.php\/wp-json\/wp\/v2\/posts\/5149\/revisions"}],"wp:featuredmedia":[{"embeddable":true,"href":"https:\/\/migrantesenigualdad.es\/index.php\/wp-json\/wp\/v2\/media\/5150"}],"wp:attachment":[{"href":"https:\/\/migrantesenigualdad.es\/index.php\/wp-json\/wp\/v2\/media?parent=5149"}],"wp:term":[{"taxonomy":"category","embeddable":true,"href":"https:\/\/migrantesenigualdad.es\/index.php\/wp-json\/wp\/v2\/categories?post=5149"},{"taxonomy":"post_tag","embeddable":true,"href":"https:\/\/migrantesenigualdad.es\/index.php\/wp-json\/wp\/v2\/tags?post=5149"}],"curies":[{"name":"wp","href":"https:\/\/api.w.org\/{rel}","templated":true}]}}