{"id":5143,"date":"2022-06-28T11:46:07","date_gmt":"2022-06-28T11:46:07","guid":{"rendered":"https:\/\/migrantesenigualdad.es\/?p=5143"},"modified":"2022-06-28T11:51:40","modified_gmt":"2022-06-28T11:51:40","slug":"la-tragedia-de-melilla-las-vidas-negras-importan","status":"publish","type":"post","link":"https:\/\/migrantesenigualdad.es\/index.php\/2022\/06\/28\/la-tragedia-de-melilla-las-vidas-negras-importan\/","title":{"rendered":"La tragedia de Melilla: \u00abLas vidas negras importan\u00bb"},"content":{"rendered":"<p>Decenas de <strong>cuerpos amontonados<\/strong>, <strong>sangrientos<\/strong> y <strong>sin vida<\/strong>. Son las im\u00e1genes estremecedoras que han marcado uno de los <strong>episodios m\u00e1s tr\u00e1gicos<\/strong> de la <span style=\"color: #ff9900;\">migraci\u00f3n subsahariana hacia Europa<\/span>: <strong>El fallecimiento de 23 personas<\/strong> mientras intentaban avanzar hacia el \u00faltimo obst\u00e1culo que les separa del continente europeo: <strong>la kilom\u00e9trica valla de Melilla<\/strong>. S\u00ed, <strong>23 v\u00edctimas<\/strong>, mayoritariamente de origen sudan\u00e9s. Estos migrantes subsaharianos corrieron por el Barrio Chino de Melilla el pasado viernes 24 de junio, d\u00eda de San Juan, <strong>armados de una sola cosa<\/strong>: valor para alcanzar <strong>el sue\u00f1o europeo<\/strong>. Pero su acci\u00f3n no sali\u00f3 como esperaban y muchos terminaron <strong>perdiendo la vida<\/strong> entre las rejas del estrecho cruce fronterizo.\u00a0 Algunos de ellos s\u00ed lograron pisar el suelo espa\u00f1ol y reunirse con sus compatriotas.<\/p>\n<p>La kilom\u00e9trica valla se convirti\u00f3 el viernes en <strong>un escaparate de cuerpos apilados<\/strong>, <span style=\"color: #ff9900;\">algunos a\u00fan aferrados a la vida<\/span> y otros, desgraciadamente, <strong>cad\u00e1veres<\/strong>, <strong>v\u00edctimas mortales<\/strong> de lo que la historia recordar\u00e1 como <strong><span style=\"color: #ff9900;\">una de las mayores tragedias migratorias en el paso fronterizo Nador-Melilla<\/span><\/strong>. Este paso, rodeado por una valla de entre seis y diez metros de altura, es el<strong> \u00faltimo obst\u00e1culo<\/strong> de los migrantes subsaharianos que quieren culminar su aventura desde <strong>\u00c1frica hasta Europa<\/strong>. Espa\u00f1a es, en su conciencia y su imaginaci\u00f3n, <strong>la tierra de su salvaci\u00f3n<\/strong>, el suelo que deben pisar para estar m\u00e1s seguros de las nuevas oportunidades que buscan. Es el pasaporte a una vida digna que les permita salvar a su familia del hambre y las necesidades.<\/p>\n<p>Esta <strong>tragedia<\/strong> ha copado todos los medios de comunicaci\u00f3n y el hombre africano que desesperado quiere llegar a Europa se ha convertido en <em>trending-topic. <\/em>Su peligrosa peripecia y sus <strong>duras condiciones de vida<\/strong> han despertado<strong><span style=\"color: #ff9900;\"> la empat\u00eda<\/span><\/strong> de muchas personas, ONGs, asociaciones e instituciones.<\/p>\n<p><strong>Luchar por una vida mejor es un derecho b\u00e1sico<\/strong> y es lo que hacen estos migrantes. Por ellos mismos y por sus familias. \u00bfMovilizar\u00e1n esas tr\u00e1gicas im\u00e1genes a la sociedad civil para que deje de lado los <strong>prejuicios<\/strong> y <strong>el rechazo hacia el migrante<\/strong> y tenga m\u00e1s predisposici\u00f3n a <strong>entender la migraci\u00f3n subsahariana<\/strong> y sus causas?<\/p>\n<p>El domingo 26 de junio, en la plaza del Callao en Madrid, se congregaron cerca de 500 personas para<strong> reivindicar<\/strong> los <strong>derechos humanos<\/strong> de los <strong>migrantes<\/strong> y los <strong><span style=\"color: #ff9900;\">beneficios que la migraci\u00f3n aporta<\/span> <\/strong>a nuestras sociedades. <strong>\u201cNing\u00fan ser humano es ilegal\u201d<\/strong> o <strong>\u201cAs\u00ed se construye la riqueza europea\u201d<\/strong> fueron algunos de los textos de las pancartas que se pudieron ver. Recordando lo sucedido en a\u00f1os pasados en Estados Unidos, en otra se le\u00eda:\u00a0<strong> \u201cLas vidas negras importan\u201d<\/strong> (<em>Black lives matter<\/em>). Todas estas manifestaciones han coincidido en recordar que <strong><span style=\"color: #ff9900;\">emigrar no es delito<\/span><\/strong>, que es una necesidad de las personas que viven la <strong>dura realidad<\/strong> de<strong> \u00c1frica<\/strong> y sus dificultades:<strong> \u201c\u00c1frica explotada. Europa cerrada\u00b4\u201d,<\/strong> resum\u00eda una pancarta.<\/p>\n<p>Las <strong>v\u00edctimas<\/strong> de Melilla van a ser <strong>enterradas sin ser identificadas<\/strong>, en <strong>fosas comunes<\/strong>, <strong>sin l\u00e1pidas con sus nombres y apellidos<\/strong>. <span style=\"color: #ff9900;\">Nadie podr\u00e1 recordarlas<\/span> ni venir a <span style=\"color: #ff9900;\">rendirles el necesario homenaje<\/span> que toda familia quiere hacerle a sus muertos\/as.<strong> Decenas de miles de personas<\/strong> <strong>han fallecido<\/strong> en las \u00faltimas d\u00e9cadas en el <strong>Mediterr\u00e1neo<\/strong>, o en el<strong> Estrecho de Gibraltar<\/strong>,<span style=\"color: #ff9900;\"> tragados por las aguas del mar<\/span> cuando, <span style=\"color: #ff9900;\">empujados por las guerras<\/span>,<span style=\"color: #ff9900;\"> el hambre o la pobreza<\/span>, han intentado llegar a esta parte desarrollada del mundo. Las ciudadanas y ciudadanos de Algeciras, Tarifa, Rota o Barbate saben muy bien de qu\u00e9 estamos hablando cuando de migrantes muertos se habla.<\/p>\n<p>El art\u00edculo 13 de la Declaraci\u00f3n Universal de los<strong> Derechos Humanos<\/strong> establece que <strong>toda persona tiene derecho a circular libremente y a elegir su residencia en el territorio del Estado de su preferencia<\/strong>. La voluntad de los estados para cumplir con este principio es voluble. Se pueden tirar a\u00f1os sin voluntad alguna y, de repente, act\u00faan:<strong> 124.000 personas procedentes de Ucrania ya tienen protecci\u00f3n internacional y 8.100 ya tienen empleo<\/strong>. S\u00f3lo en unos meses. Lo cual demuestra que <strong>cuando se quiere se puede<\/strong>. Y con<span style=\"color: #ff9900;\"><strong> voluntad<\/strong><\/span>, <span style=\"color: #ff9900;\"><strong>planificaci\u00f3n<\/strong><\/span> y <strong><span style=\"color: #ff9900;\">colaboraci\u00f3n internacional<\/span><\/strong> se pueden <strong>evitar tragedias<\/strong> como las que, desde Melilla, nos ha sacudido a todos\/as.<\/p>\n<p>Un pacto internacional, global, es m\u00e1s necesario que nunca. Los estados desarrollados y los que no lo est\u00e1n tanto tienen que llegar a un acuerdo para que millones de personas en el mundo no acaben condenadas a la miseria, o a vivir tragedias como las vividas hoy en Melilla, ayer frente a las costas de Libia o Turqu\u00eda y anteayer en el Estrecho de Gibraltar. El mundo debe avanzar hacia el desarrollo de los pueblos y de las personas en sociedades m\u00e1s justas y distributivas que garanticen las necesidades b\u00e1sicas y una vida digna a todas y todos.<\/p>\n","protected":false},"excerpt":{"rendered":"<p>Decenas de cuerpos amontonados, sangrientos y sin vida. Son las im\u00e1genes estremecedoras que han marcado uno de los episodios m\u00e1s tr\u00e1gicos de la migraci\u00f3n subsahariana hacia Europa: El fallecimiento de 23 personas mientras intentaban avanzar hacia el \u00faltimo obst\u00e1culo que les separa del continente europeo: la kilom\u00e9trica valla de Melilla. S\u00ed, 23 v\u00edctimas, mayoritariamente de [&hellip;]<\/p>\n","protected":false},"author":1,"featured_media":5147,"comment_status":"open","ping_status":"closed","sticky":false,"template":"","format":"standard","meta":{"_et_pb_use_builder":"","_et_pb_old_content":"","_et_gb_content_width":"","_jetpack_newsletter_access":"","_jetpack_dont_email_post_to_subs":false,"_jetpack_newsletter_tier_id":0,"_jetpack_memberships_contains_paywalled_content":false,"_jetpack_feature_clip_id":0,"_jetpack_memberships_contains_paid_content":false,"footnotes":"","jetpack_post_was_ever_published":false},"categories":[104],"tags":[90,118,117,14,116],"class_list":["post-5143","post","type-post","status-publish","format-standard","has-post-thumbnail","hentry","category-mundo-global","tag-africa","tag-las-vidas-negras-importan","tag-melilla","tag-migrantes","tag-tragedia"],"jetpack_sharing_enabled":true,"jetpack_featured_media_url":"https:\/\/i0.wp.com\/migrantesenigualdad.es\/wp-content\/uploads\/2022\/06\/tragedia-melilla-.png?fit=1121%2C634&ssl=1","post_mailing_queue_ids":[],"_links":{"self":[{"href":"https:\/\/migrantesenigualdad.es\/index.php\/wp-json\/wp\/v2\/posts\/5143","targetHints":{"allow":["GET"]}}],"collection":[{"href":"https:\/\/migrantesenigualdad.es\/index.php\/wp-json\/wp\/v2\/posts"}],"about":[{"href":"https:\/\/migrantesenigualdad.es\/index.php\/wp-json\/wp\/v2\/types\/post"}],"author":[{"embeddable":true,"href":"https:\/\/migrantesenigualdad.es\/index.php\/wp-json\/wp\/v2\/users\/1"}],"replies":[{"embeddable":true,"href":"https:\/\/migrantesenigualdad.es\/index.php\/wp-json\/wp\/v2\/comments?post=5143"}],"version-history":[{"count":0,"href":"https:\/\/migrantesenigualdad.es\/index.php\/wp-json\/wp\/v2\/posts\/5143\/revisions"}],"wp:featuredmedia":[{"embeddable":true,"href":"https:\/\/migrantesenigualdad.es\/index.php\/wp-json\/wp\/v2\/media\/5147"}],"wp:attachment":[{"href":"https:\/\/migrantesenigualdad.es\/index.php\/wp-json\/wp\/v2\/media?parent=5143"}],"wp:term":[{"taxonomy":"category","embeddable":true,"href":"https:\/\/migrantesenigualdad.es\/index.php\/wp-json\/wp\/v2\/categories?post=5143"},{"taxonomy":"post_tag","embeddable":true,"href":"https:\/\/migrantesenigualdad.es\/index.php\/wp-json\/wp\/v2\/tags?post=5143"}],"curies":[{"name":"wp","href":"https:\/\/api.w.org\/{rel}","templated":true}]}}