{"id":5139,"date":"2022-06-28T10:05:18","date_gmt":"2022-06-28T10:05:18","guid":{"rendered":"https:\/\/migrantesenigualdad.es\/?p=5139"},"modified":"2022-06-28T10:05:18","modified_gmt":"2022-06-28T10:05:18","slug":"mi-vecina-es-gitana-y","status":"publish","type":"post","link":"https:\/\/migrantesenigualdad.es\/index.php\/2022\/06\/28\/mi-vecina-es-gitana-y\/","title":{"rendered":"Mi vecina es gitana, \u00bfy?"},"content":{"rendered":"<p>Mi vecina es una persona simp\u00e1tica, amable, muy divertida y con unas ganas de trabajar incre\u00edbles. Por circunstancias de la vida, se qued\u00f3 sin empleo hace ya algunos meses. Me llevo muy bien con ella y tiene mucha confianza en m\u00ed. Un d\u00eda, bajando en el ascensor con ella, me consult\u00f3 si podr\u00eda entregar su curr\u00edculum en el supermercado en el que yo trabajo. Tiene <strong>mucha experiencia<\/strong> en limpieza y es una<span style=\"color: #ff9900;\"> persona muy implicada y responsable en su trabajo. <\/span>Yo trabaj\u00e9 con ella hace unos a\u00f1os en un hotel. Llevaba muchos meses <span style=\"color: #ff9900;\">sin trabajar<\/span> y estaba algo agobiada. Por ello, decid\u00ed ayudarla en lo que pudiera y dej\u00e9 su curr\u00edculum en la oficina de la empresa en la que trabajo.<\/p>\n<p>La persona encargada del personal <span style=\"color: #ff9900;\">llam\u00f3 a mi vecina<\/span>, al cabo de los d\u00edas, para que fuera a probar al trabajo. Al hacer la prueba fue <strong>felicitada por haber hecho muy bien todo lo que se le orden\u00f3 que hiciera<\/strong>.<\/p>\n<p>A las pocas horas de que ella finalizara su jornada de prueba, yo recib\u00ed una llamada de la persona encargada, que me preguntaba: <strong>\u201cOye, \u00bftu vecina es gitana?\u201d<\/strong> Respond\u00ed afirmativamente. Al d\u00eda siguiente, le dijeron a mi vecina que <strong>no viniera m\u00e1s al trabajo<\/strong>.<\/p>\n<p><strong>\u00a0<\/strong><strong>REFLEXI\u00d3N<\/strong><\/p>\n<p>\u00c9ste es un caso, basado en hechos reales, en el que se refleja muy bien un tipo de <span style=\"color: #ff9900;\">discriminaci\u00f3n<\/span> que por desgracia est\u00e1 <strong>bastante normalizada<\/strong>. Estos hechos pueden pasar desapercibidos en muchas ocasiones. En el ejemplo de mi vecina, quien no conozca la llamada que me hicieron podr\u00eda pensar que la empresa no quiso contratarla porque no le gustaba su rendimiento. Sin embargo, es bastante evidente que <strong>su despido es consecuencia directa del prejuicio<\/strong> del encargado de la empresa contra<strong> las personas gitanas.<\/strong><\/p>\n<p><strong>La Fundaci\u00f3n Secretariado Gitano<\/strong> (2020) dat\u00f3 <strong>425 casos de incidentes de odio a personas gitanas<\/strong> en su \u00faltimo <strong><span style=\"color: #ff9900;\">informe anual<\/span><\/strong>, frente a los <strong>334<\/strong> que document\u00f3 <strong>el a\u00f1o anterior<\/strong>. Este <strong>incremento<\/strong> se debe a que en el informe se han comenzado a contar los <span style=\"color: #ff9900;\">casos de odio antigitano<\/span> <span style=\"color: #ff9900;\">detectados en redes sociales.<\/span> Esto reafirma una clara tendencia en<span style=\"color: #ff9900;\"> las redes sociales como medio de propagaci\u00f3n de los mensajes de odio<\/span>.<\/p>\n<p>Es importante que sepamos que este tipo de hechos se pueden<strong> denunciar<\/strong>. Tanto si ocurren <span style=\"color: #ff9900;\">discriminaciones<\/span> en el entorno laboral, como si nos<span style=\"color: #ff9900;\"> acosan y\/o insultan<\/span> en las redes sociales por nuestra <strong>nacionalidad,<\/strong> <strong>religi\u00f3n<\/strong>, <strong>creencias pol\u00edticas<\/strong>, <strong>g\u00e9nero<\/strong>, <strong>discapacidad<\/strong> o <strong>etnia<\/strong>. El art\u00edculo 4.2 c) del <strong>Estatuto del Trabajador<\/strong> establece que en la relaci\u00f3n de trabajo las personas trabajadoras tienen derecho a <span style=\"color: #ff9900;\">\u201cno ser discriminados directa o indirectamente para el empleo, o una vez empleados, por razones de sexo, estado civil, o edad, dentro de los l\u00edmites marcados por esta ley, origen racial o \u00e9tnico, condici\u00f3n social, religi\u00f3n o convicciones, ideas pol\u00edticas, orientaci\u00f3n sexual, afiliaci\u00f3n o no a un sindicato, as\u00ed como por raz\u00f3n de lengua, dentro del Estado espa\u00f1ol.<\/span>\u201d<\/p>\n<p>&nbsp;<\/p>\n","protected":false},"excerpt":{"rendered":"<p>Mi vecina es una persona simp\u00e1tica, amable, muy divertida y con unas ganas de trabajar incre\u00edbles. Por circunstancias de la vida, se qued\u00f3 sin empleo hace ya algunos meses. Me llevo muy bien con ella y tiene mucha confianza en m\u00ed. Un d\u00eda, bajando en el ascensor con ella, me consult\u00f3 si podr\u00eda entregar su [&hellip;]<\/p>\n","protected":false},"author":1,"featured_media":5141,"comment_status":"open","ping_status":"closed","sticky":false,"template":"","format":"standard","meta":{"_et_pb_use_builder":"","_et_pb_old_content":"","_et_gb_content_width":"","_jetpack_newsletter_access":"","_jetpack_dont_email_post_to_subs":false,"_jetpack_newsletter_tier_id":0,"_jetpack_memberships_contains_paywalled_content":false,"_jetpack_feature_clip_id":0,"_jetpack_memberships_contains_paid_content":false,"footnotes":"","jetpack_post_was_ever_published":false},"categories":[107],"tags":[115,20,15],"class_list":["post-5139","post","type-post","status-publish","format-standard","has-post-thumbnail","hentry","category-tienes-un-minuto","tag-antigitanismo","tag-discriminacion","tag-igualdad"],"jetpack_sharing_enabled":true,"jetpack_featured_media_url":"https:\/\/i0.wp.com\/migrantesenigualdad.es\/wp-content\/uploads\/2022\/06\/mi-vecina-es-gitana.png?fit=1006%2C567&ssl=1","post_mailing_queue_ids":[],"_links":{"self":[{"href":"https:\/\/migrantesenigualdad.es\/index.php\/wp-json\/wp\/v2\/posts\/5139","targetHints":{"allow":["GET"]}}],"collection":[{"href":"https:\/\/migrantesenigualdad.es\/index.php\/wp-json\/wp\/v2\/posts"}],"about":[{"href":"https:\/\/migrantesenigualdad.es\/index.php\/wp-json\/wp\/v2\/types\/post"}],"author":[{"embeddable":true,"href":"https:\/\/migrantesenigualdad.es\/index.php\/wp-json\/wp\/v2\/users\/1"}],"replies":[{"embeddable":true,"href":"https:\/\/migrantesenigualdad.es\/index.php\/wp-json\/wp\/v2\/comments?post=5139"}],"version-history":[{"count":0,"href":"https:\/\/migrantesenigualdad.es\/index.php\/wp-json\/wp\/v2\/posts\/5139\/revisions"}],"wp:featuredmedia":[{"embeddable":true,"href":"https:\/\/migrantesenigualdad.es\/index.php\/wp-json\/wp\/v2\/media\/5141"}],"wp:attachment":[{"href":"https:\/\/migrantesenigualdad.es\/index.php\/wp-json\/wp\/v2\/media?parent=5139"}],"wp:term":[{"taxonomy":"category","embeddable":true,"href":"https:\/\/migrantesenigualdad.es\/index.php\/wp-json\/wp\/v2\/categories?post=5139"},{"taxonomy":"post_tag","embeddable":true,"href":"https:\/\/migrantesenigualdad.es\/index.php\/wp-json\/wp\/v2\/tags?post=5139"}],"curies":[{"name":"wp","href":"https:\/\/api.w.org\/{rel}","templated":true}]}}