{"id":5129,"date":"2022-06-25T15:34:51","date_gmt":"2022-06-25T15:34:51","guid":{"rendered":"https:\/\/migrantesenigualdad.es\/?p=5129"},"modified":"2022-06-25T15:34:51","modified_gmt":"2022-06-25T15:34:51","slug":"como-funciona-la-psicologia-del-bulo","status":"publish","type":"post","link":"https:\/\/migrantesenigualdad.es\/index.php\/2022\/06\/25\/como-funciona-la-psicologia-del-bulo\/","title":{"rendered":"\u00bfC\u00f3mo funciona la psicolog\u00eda del bulo?"},"content":{"rendered":"<p class=\"p3\"><strong>Un bulo<\/strong> es una noticia falsa que se propaga con el fin de beneficiar a quien lo emite o <strong><span style=\"color: #ff9900;\">perjudicar<\/span> <\/strong>a quien lo protagoniza. El bulo tiene un <strong>prop\u00f3sito concreto<\/strong> y quien lo difunde tiene en cuenta <strong><span style=\"color: #ff9900;\">c\u00f3mo es el p\u00fablico<\/span> <\/strong>al que va <strong>dirigido.<\/strong> Lo <strong>dise\u00f1a<\/strong> para que se <strong>trague la mentira<\/strong> <span style=\"color: #ff9900;\">m\u00e1s f\u00e1cilmente.<\/span> Cuando da una <strong><span style=\"color: #ff9900;\">noticia falsa<\/span><\/strong> como <strong><span style=\"color: #ff9900;\">si fuera real,<\/span><\/strong> planifica de forma <strong>minuciosa<\/strong> su contenido para hacerla m\u00e1s cre\u00edble y su difusi\u00f3n para que tenga m\u00e1s <strong>repercusi\u00f3n<\/strong>. Estos <strong>bulos<\/strong> se suelen transmitir a trav\u00e9s de la <strong>televisi\u00f3n<\/strong>, de la <strong>radio<\/strong>, de las r<strong>edes sociales<\/strong> o en la<strong> propia calle.<\/strong><span class=\"Apple-converted-space\">\u00a0<\/span><\/p>\n<p class=\"p3\"><strong>Los bulos suelen hacer da\u00f1o<\/strong> a <strong><span style=\"color: #ff9900;\">alguien<\/span> <\/strong>o a un <strong>grupo concreto.<\/strong> Tambi\u00e9n buscan <span style=\"color: #ff9900;\"><strong>crispar<\/strong> <\/span>el ambiente en general, ya que de alguna manera el que lo divulga busca la <strong>ganancia <\/strong>que se puede derivar de esta situaci\u00f3n. Hay personas que consideran que <strong>el miedo,<\/strong> el <strong>desconcierto<\/strong> y la <strong>confusi\u00f3n<\/strong> pueden reportarle <span style=\"color: #ff9900;\">beneficios<\/span> para sus causas personales. La difusi\u00f3n de noticias, datos e informaciones falsas es el mejor <strong>medio<\/strong> que tienen los <strong>discursos de odio<\/strong> para ampliar su influencia social y su repercusi\u00f3n en la vida de las personas.<\/p>\n<p class=\"p3\">Uno de los <strong>ingredientes clave<\/strong> de los bulos es su <strong><span style=\"color: #ff9900;\">verosimilitud.<\/span><\/strong> Para que tenga<strong> efecto,<\/strong> un bulo ha de ser <strong>cre\u00edble<\/strong>, aunque no sea<strong> cierto.<\/strong> El <strong>siguiente factor esencial<\/strong> es nuestra <span style=\"color: #ff9900;\"><strong>predisposici\u00f3n<\/strong> <\/span>a <strong>creernos noticias falsas<\/strong>. Las personas tendemos a dar por bueno aquello que concuerda con nuestras<span style=\"color: #ff9900;\"> expectativas<\/span> y a poner en duda aquello que va en su <span style=\"color: #ff9900;\">contra.<\/span> Este es un <strong>presupuesto b\u00e1sico<\/strong> del funcionamiento de <strong>la mente humana.<\/strong> Por tanto, cuando una <strong>noticia falsa<\/strong> se divulga, que cale o no en mucha gente depende en gran medida de la predisposici\u00f3n de \u00e9stas a darla por buena. Esto est\u00e1 muy relacionado con la ideolog\u00eda de la persona. Estamos m\u00e1s predispuestos a <strong>o\u00edr<\/strong> cosas que concuerden con nuestra ideolog\u00eda previa y, por tanto, nos resulta <strong>agradable<\/strong>, <strong>refuerza nuestras creencias<\/strong> y nos causa una gran <span style=\"color: #ff9900;\"><strong>satisfacci\u00f3n<\/strong><\/span>.<\/p>\n<p class=\"p5\"><strong>La difusi\u00f3n, alcance e influencia social de los bulos<\/strong> depende tambi\u00e9n de si somos personas que tenemos un esp\u00edritu c<strong>r\u00edtico o no<\/strong>. En el primer caso, cuando nos <strong>llega una informaci\u00f3n<\/strong> tendemos a <strong>ponerla en duda<\/strong>, en tela de juicio, antes de darla por buena. En el segundo caso, damos por v\u00e1lidos los datos que nos llegan sin contrastarlos, sin m\u00e1s.<\/p>\n<p class=\"p5\">Las situaciones m\u00e1s propicias para<strong> lanzar bulos<\/strong> son aquellas de <strong>tensi\u00f3n<\/strong> en las que la poblaci\u00f3n est\u00e1 m\u00e1s alterada. Las personas solemos ser m\u00e1s <span style=\"color: #ff9900;\">propensas al miedo<\/span> entonces y, por tanto, m\u00e1s <strong>permeables<\/strong> a la informaci\u00f3n err\u00f3nea, pero que concuerda con nuestra mentalidad. Y esto es lo que aprovechan los divulgadores de bulos. En situaciones <span style=\"color: #ff9900;\"><strong>amenazantes<\/strong><\/span>,<strong> somos m\u00e1s vulnerables a las noticias falsas<\/strong>. Un ejemplo de ello puede ser todo lo relacionado con las <strong>migraciones<\/strong>. La repetici\u00f3n de noticias con <strong>una perspectiva negativa<\/strong> y el empleo de <strong>exageraciones<\/strong> o de palabras que <strong>no se corresponden<\/strong> con la realidad, incluso en los <strong>medios de comunicaci\u00f3n<\/strong> llamados <strong>serios,<\/strong> crean el caldo de cultivo para que los manipuladores de los bulos se sientan como peces en el agua y act\u00faen. Podr\u00edamos poner numerosos ejemplos de noticias falsas <strong>sobre menores de origen extranjero<\/strong> que se <strong>han difundido en redes sociales<\/strong>. Los\/las que las <strong>difunden<\/strong> se aprovechan de una situaci\u00f3n en las que hay personas que, previamente, parten de una <strong>mentalidad cecana<\/strong> al racismo que ha sido alimentada por <strong>informaciones<\/strong> con <strong>carga negativa<\/strong> sobre los <span style=\"color: #ff9900;\"><strong>migrantes<\/strong> <\/span>y acaban m\u00e1s alteradas y <strong>refuerzan su visi\u00f3n racista<\/strong>. Y as\u00ed esas personas son las m\u00e1s susceptibles de ser <strong>v\u00edctimas de un bulo<\/strong>.<\/p>\n<p class=\"p3\"><span style=\"color: #ff9900;\"><b>\u00bfQu\u00e9 podemos hacer para prevenir nuestra permeabilidad ante los bulos?<\/b><span class=\"Apple-converted-space\">\u00a0<\/span><\/span><\/p>\n<p class=\"p3\">Os dejamos a<strong>lgunos consejos<\/strong>:<\/p>\n<ul class=\"ul1\">\n<li class=\"li6\"><strong>Tener esp\u00edritu cr\u00edtico:<\/strong> Ante cualquier informaci\u00f3n, contrastar antes de difundir y no darla por buena sin antes comprobar.<\/li>\n<\/ul>\n<ul class=\"ul1\">\n<li class=\"li6\"><strong>Informarnos<\/strong> a trav\u00e9s de <strong>fuentes fiables<\/strong>: Cualquier lugar de Internet no es igual de riguroso que todos. Debemos <strong>ser cautos<\/strong> y comprobar que sea de una fuente oficial de la que viene su informaci\u00f3n. Algo que nos puede ayudar es: cuando veamos un dato sobre un tema concreto debemos ir a fuentes de prestigio y autoridad. Por ejemplo, podemos utilizar el <strong>Instituto Nacional de Estad\u00edsticvas (INE)<\/strong>, o el <strong>Observatorio del Racismo y la Xenofobia el (Oberaxe),<\/strong> la <strong>Junta de Andaluc\u00eda<\/strong>, etc. Este tipo de fuentes cuentan con <strong>cierto rigor<\/strong> que nos prevendr\u00e1 de dar por buenos <strong>datos falsos<\/strong>.<\/li>\n<\/ul>\n<ul class=\"ul1\">\n<li class=\"li6\"><strong>Ser cautos<\/strong>: Antes de dar un <strong><span style=\"color: #ff9900;\"><i>retuit<\/i>,<\/span><\/strong> compartir en <span style=\"color: #ff9900;\"><strong>facebook <\/strong><\/span>o reenviar en <strong><span style=\"color: #ff9900;\">WhatsApp<\/span>,<\/strong> hay que pensar en <strong>qu\u00e9 efecto<\/strong> puede tener la <strong>difusi\u00f3n<\/strong> de dicho contenido. No caer en este tipo de <strong>automatismos<\/strong> que hoy en d\u00eda hacemos casi de forma inconsciente es una de las <strong>claves<\/strong> para <span style=\"color: #ff9900;\">romper las cadenas de difusi\u00f3n<\/span> de las noticias falsas.<\/li>\n<\/ul>\n<p class=\"p10\">En base a estos consejos, vamos a pensar en algunos de los bulos m\u00e1s extendidos sobre las personas <strong>migrantes<\/strong>:<\/p>\n<ul class=\"ul2\">\n<li class=\"li6\"><span style=\"color: #ff9900;\">\u201cLa mitad de la poblaci\u00f3n espa\u00f1ola es ya inmigrante\u201d.<\/span> Aplicando<strong> los consejos<\/strong> <span style=\"color: #ff9900;\">que hemos mencionado anteriormente<\/span>, si consultamos una fuente oficial como el <strong>Instituto Nacional de Estad\u00edstica<\/strong>, podemos comprobar que a 1 de enero de 2021 <strong>la poblaci\u00f3n extranjera era de 5.375.917.<span class=\"Apple-converted-space\">\u00a0<\/span><\/strong><\/li>\n<\/ul>\n<ul class=\"ul2\">\n<li class=\"li6\"><span style=\"color: #ff9900;\">\u201cDan ayudas a todas las personas inmigrantes\u201d.<\/span> Si aplicamos el <span style=\"color: #ff9900;\"><strong>esp\u00edritu cr\u00edtico<\/strong><\/span> y contrastamos esta informaci\u00f3n a trav\u00e9s de diferentes fuentes, llegaremos a la conclusi\u00f3n de que realmente<span style=\"color: #ff9900;\"><strong> las ayudas<\/strong><\/span> no se dan por ser <span style=\"color: #ff9900;\"><strong>extranjero<\/strong><\/span> o no, sino que se aplican en base a <strong>requisitos econ\u00f3micos<\/strong> o de vulnerabilidad social. Es m\u00e1s, en ocasiones <strong>las personas migrantes<\/strong> se encuentran con <strong>mayores dificultades<\/strong> para conseguir este tipo de <strong>ayudas<\/strong> al no estar empadronadas en el lugar de destino.<\/li>\n<\/ul>\n<ul class=\"ul2\">\n<li class=\"li6\"><strong>\u201cEl Parlamento de Catalu\u00f1a ha aprobado por unanimidad ampliar hasta los 23 a\u00f1os la paga de 664\u20ac al mes a los Menores Extranjeros No Acompa\u00f1ados\u201d<\/strong>. Lo cierto es que esto en 2019 se comenz\u00f3 a publicar en varias redes sociales. Si caemos en el <strong><em>retuit<\/em> <\/strong>sin comprobar o en compartir por WhatsApp, podemos caer en <strong>aumentar<\/strong> la propagaci\u00f3n de una informaci\u00f3n que no es cierta. Si nos paramos a comprobar en distintas fuentes como <strong>\u201cMaldito Bulo\u201d<\/strong> o \u201c<strong>Stop Rumores\u201d,<\/strong> podremos ver que se trata de un bulo. La realidad es que estas ayudas econ\u00f3micas no est\u00e1n dirigidas <strong><span style=\"color: #ff9900;\">s\u00f3lo<\/span><\/strong> a <strong>menores extranjeros no acompa\u00f1ados<\/strong> sino, <strong>en general,<\/strong> para <span style=\"color: #ff9900;\">j\u00f3venes anteriormente tutelados por la administraci\u00f3n y que ya hayan cumplido los 18 a\u00f1os.<span class=\"Apple-converted-space\">\u00a0<\/span><\/span><\/li>\n<\/ul>\n<p class=\"p12\"><strong>Estas ayudas existen desde 2006<\/strong> y lo que realmente aprob\u00f3 el <strong>Parlamento de Catalu\u00f1a<\/strong> es que estas condiciones de edad fueran algo m\u00e1s flexibles para poder prolongarlas en el tiempo.<span class=\"Apple-converted-space\">\u00a0<\/span><\/p>\n<p class=\"p12\"><span style=\"color: #ff9900;\">Es m\u00e1s, con los datos entre 2013 y 2017 se comprob\u00f3 que la mayor\u00eda de los beneficiarios de estas ayudas econ\u00f3micas eran j\u00f3venes espa\u00f1oles. Concretamente el 73%, frente al 27% de j\u00f3venes migrantes<\/span>.<\/p>\n","protected":false},"excerpt":{"rendered":"<p>Un bulo es una noticia falsa que se propaga con el fin de beneficiar a quien lo emite o perjudicar a quien lo protagoniza. El bulo tiene un prop\u00f3sito concreto y quien lo difunde tiene en cuenta c\u00f3mo es el p\u00fablico al que va dirigido. Lo dise\u00f1a para que se trague la mentira m\u00e1s f\u00e1cilmente. [&hellip;]<\/p>\n","protected":false},"author":1,"featured_media":5130,"comment_status":"open","ping_status":"closed","sticky":false,"template":"","format":"standard","meta":{"_et_pb_use_builder":"","_et_pb_old_content":"","_et_gb_content_width":"","_jetpack_newsletter_access":"","_jetpack_dont_email_post_to_subs":false,"_jetpack_newsletter_tier_id":0,"_jetpack_memberships_contains_paywalled_content":false,"_jetpack_feature_clip_id":0,"_jetpack_memberships_contains_paid_content":false,"footnotes":"","jetpack_post_was_ever_published":false},"categories":[107],"tags":[113,114],"class_list":["post-5129","post","type-post","status-publish","format-standard","has-post-thumbnail","hentry","category-tienes-un-minuto","tag-bulos","tag-informacion"],"jetpack_sharing_enabled":true,"jetpack_featured_media_url":"https:\/\/i0.wp.com\/migrantesenigualdad.es\/wp-content\/uploads\/2022\/06\/Screenshot-2022-06-25-at-17.32.30-copy.png?fit=1106%2C622&ssl=1","post_mailing_queue_ids":[],"_links":{"self":[{"href":"https:\/\/migrantesenigualdad.es\/index.php\/wp-json\/wp\/v2\/posts\/5129","targetHints":{"allow":["GET"]}}],"collection":[{"href":"https:\/\/migrantesenigualdad.es\/index.php\/wp-json\/wp\/v2\/posts"}],"about":[{"href":"https:\/\/migrantesenigualdad.es\/index.php\/wp-json\/wp\/v2\/types\/post"}],"author":[{"embeddable":true,"href":"https:\/\/migrantesenigualdad.es\/index.php\/wp-json\/wp\/v2\/users\/1"}],"replies":[{"embeddable":true,"href":"https:\/\/migrantesenigualdad.es\/index.php\/wp-json\/wp\/v2\/comments?post=5129"}],"version-history":[{"count":0,"href":"https:\/\/migrantesenigualdad.es\/index.php\/wp-json\/wp\/v2\/posts\/5129\/revisions"}],"wp:featuredmedia":[{"embeddable":true,"href":"https:\/\/migrantesenigualdad.es\/index.php\/wp-json\/wp\/v2\/media\/5130"}],"wp:attachment":[{"href":"https:\/\/migrantesenigualdad.es\/index.php\/wp-json\/wp\/v2\/media?parent=5129"}],"wp:term":[{"taxonomy":"category","embeddable":true,"href":"https:\/\/migrantesenigualdad.es\/index.php\/wp-json\/wp\/v2\/categories?post=5129"},{"taxonomy":"post_tag","embeddable":true,"href":"https:\/\/migrantesenigualdad.es\/index.php\/wp-json\/wp\/v2\/tags?post=5129"}],"curies":[{"name":"wp","href":"https:\/\/api.w.org\/{rel}","templated":true}]}}