{"id":5098,"date":"2022-06-23T14:44:49","date_gmt":"2022-06-23T14:44:49","guid":{"rendered":"https:\/\/migrantesenigualdad.es\/?p=5098"},"modified":"2022-06-23T14:44:49","modified_gmt":"2022-06-23T14:44:49","slug":"aporofobia-ser-pobre-no-es-un-delito-discriminarme-por-ello-si","status":"publish","type":"post","link":"https:\/\/migrantesenigualdad.es\/index.php\/2022\/06\/23\/aporofobia-ser-pobre-no-es-un-delito-discriminarme-por-ello-si\/","title":{"rendered":"APOROFOBIA: Ser pobre no es un delito. Discriminarme por ello, s\u00ed"},"content":{"rendered":"<p>En una fr\u00eda ma\u00f1ana de enero, me dispon\u00eda a abrir la ventana, y ah\u00ed estaba ella sentada en frente de un supermercado.\u00a0 La misma mujer de tez negra que veo desde el cristal de mi ventana. <span style=\"color: #ff9900;\"><strong>T<span style=\"color: #ff9900;\">o<\/span>das las ma\u00f1anas aguarda su sitio, y a su lado, un peque\u00f1o cuenco,<\/strong><\/span> s\u00ed, ese recipiente sobre el que fija su mirada durante largos minutos, quiz\u00e1s pensando en si <strong>se llenar\u00e1 lo suficiente como para poder sobrevivir un d\u00eda m\u00e1s.<\/strong> A veces, levanta la mirada para ver pasar a los transe\u00fantes, pero r\u00e1pidamente, la vuelve a fijar en ese <strong><span style=\"color: #ff9900;\">\u00bbcuenco de esperanza\u00bb.<\/span><\/strong><\/p>\n<p>Tendr\u00eda unos 30 a\u00f1os y llevaba ah\u00ed unas 2 o 3 semanas aproximadamente. <span style=\"color: #ff9900;\"><strong>Cada ma\u00f1ana llegaba puntualmente<\/strong><\/span> para ocupar su sitio y esperar a que alguno de los transe\u00fantes le pudiese dar algo, aunque sea algo de comida.<\/p>\n<p>En ese d\u00eda, todo parec\u00eda transcurrir con <strong>normalidad;<\/strong> la mayor\u00eda de la gente <strong>la ignoraba,<\/strong> y <span style=\"color: #ff9900;\"><strong>muy pocas\/os<\/strong><\/span> se acercaban a ofrecerle ayuda. Sin embargo, me llam\u00f3 la atenci\u00f3n la actitud de un vecino de la zona que pasaba todos los d\u00edas por ah\u00ed, y que repentinamente, se par\u00f3 al lado de la mujer. Ante la mirada del resto de personas que pasaban cerca, agarr\u00f3 el recipiente donde le dejaban las monedas <strong>y apag\u00f3 su colilla dentro.<\/strong> Acto seguido, sigui\u00f3 con su camino hacia el supermercado, como si nada hubiese pasado. Yo, observando, me sent\u00eda incapaz de salir de ese estado de <em>shock<\/em> que te hace visualizar varias situaciones hipot\u00e9ticas sobre la reacci\u00f3n de la gente que <span style=\"color: #ff9900;\"><strong>le han visto en directo<\/strong><\/span> haciendo ese <strong>acto de odio<\/strong> obsceno y si alguien iba a hacer algo e incluso, si la mujer iba a reaccionar de determinada forma. Cuando la mujer <strong><span style=\"color: #ff9900;\">aterrada<\/span> <\/strong>vio que se hab\u00eda marchado aquel vecino, <strong>limpi\u00f3 el recipiente y lo volvi\u00f3 a colocar en su sitio.<\/strong> Al verle salir de nuevo del supermercado, volvi\u00f3 a sentirse bastante alterada como si al mismo tiempo, pensase en qu\u00e9 iba suceder de nuevo ahora. <strong>Otra vez<\/strong> y muy descaradamente, le profiri\u00f3 algunos<span style=\"color: #ff9900;\"> insultos<\/span> (entre ellos \u00bbnegra de m*** \u00bb) y se march\u00f3 a su casa. No pude contenerme ante esto y decid\u00ed bajar a hablar con el hombre. Muy enfadada le pregunt\u00e9 que por qu\u00e9 hab\u00eda hecho eso? y con toda la desfachatez del mundo me solt\u00f3:<\/p>\n<blockquote><p><strong>\u201cEstas personas vienen a vivir de las ayudas, las primeras en ser atendidas en la seguridad social y adem\u00e1s da una mala imagen a la ciudad. Est\u00e1 ah\u00ed tirada y no me gusta. S\u00f3lo traen problemas, inseguridad e insalubridad a los que vivimos aqu\u00ed de toda la vida. Yo no pago mis impuestos para que se lo gasten toda esta gente en ayudas y en vivir del cuento. Mi suegro, por ejemplo, lleva trabajando toda la vida y le ha quedado una m*** de pensi\u00f3n, mientras estos est\u00e1n recibiendo en ayudas el doble. Que se vayan a su pa\u00eds a que les ayuden<\/strong>.\u201d<\/p><\/blockquote>\n<p>Tras esto, indignada, le dije que iba a<span style=\"color: #ff9900;\"> <strong>denunciarle<\/strong><\/span> ya que consideraba que este tipo de actuaciones <strong>no se pod\u00eda tolerar<\/strong> y que algo hab\u00eda que hacer. Me dirig\u00ed a la<span style=\"color: #ff9900;\"><strong> polic\u00eda<\/strong><\/span> y all\u00ed me informaron de que esto podr\u00eda ser <strong><span style=\"color: #ff9900;\">un delito de odio por racismo<\/span> primero<\/strong>, y por <span style=\"color: #ff9900;\"><strong>aporofobia<\/strong><\/span>, <strong>segundo<\/strong>. Yo, sinceramente, poco me sonaba la palabra <strong><span style=\"color: #ff9900;\">aporofobia<\/span><\/strong>. Y aprovech\u00e9, mientras volv\u00eda de la comisar\u00eda, a indagar sobre ello y he encontrado un mont\u00f3n de informaci\u00f3n sobre esta<strong><span style=\"color: #ff9900;\"> forma de discriminaci\u00f3n<\/span><\/strong>.<\/p>\n<p><strong>Despu\u00e9s de informarme<\/strong>, te dejo, querido lector, mi reflexi\u00f3n:<\/p>\n<p>Como hemos visto en este caso pr\u00e1ctico, este tipo de actuaciones que en ocasiones pasan desapercibidas, realmente son humillaciones susceptibles de ser denunciadas ante las autoridades pertinentes. Incluso, pueden ser castigadas como delitos de odio por el C\u00f3digo Penal. https:\/\/www.boe.es\/diario_boe\/txt.php?id=BOE-A-2015-3439<\/p>\n<p>En este caso, estamos ante un claro ejemplo de <strong>discriminaci\u00f3n por aporofobia<\/strong> y <strong>racismo.<\/strong><\/p>\n<p>\u00bfMuchos\/as nos preguntaremos c\u00f3mo alguien puede llegar a hacer algo as\u00ed?. La respuesta est\u00e1 en que este hombre percibe una<strong> brecha social<\/strong> y <strong>una relaci\u00f3n vertical hacia las personas extranjeras<\/strong>; el perfecto paradigma de un <span style=\"color: #ff9900;\"><strong>\u2018\u2019nosotros\u2019\u2019 Vs<\/strong>. <strong>\u2018\u2019ellos\u2019\u2019<\/strong><\/span><strong>.<\/strong> En este caso, la persona en cuesti\u00f3n es una de esos muchos <span style=\"color: #ff9900;\"><strong>\u2018\u2019ellos\u2019\u2019<\/strong> <\/span>que nos <strong>\u2018\u2019invaden\u2019\u2019 a \u2018\u2019nosotros\u2019\u2019;<\/strong> es el del perfil al que el imaginario del vecino no logra admitir dentro de su concepto de c\u00f3mo ha de ser nuestro modelo social; es una <strong>persona extranjera<\/strong> sin recursos y que, adem\u00e1s vive en la calle. Obviamente, esta persona act\u00faa basada en una serie de <strong>prejuicios<\/strong> hacia la mujer que se encontraba en la calle.\u00a0 Sin ni siquiera saber exactamente c\u00f3mo es esa persona; \u00bfQu\u00e9 la ha llevado a esa situaci\u00f3n?; \u00bfpor qu\u00e9 lo hace y por qui\u00e9n lo hace? y lo m\u00e1s importante: \u00bfpor qu\u00e9 ha optado por pedir en vez de dedicarse a otras formas de ganar dinero y ganarse la vida <strong>m\u00e1s rentables<\/strong>, aunque <strong>menos decentes<\/strong>?<\/p>\n<p>Para combatir esto, lo mejor que podamos hacer es <strong>vivir <span style=\"color: #ff9900;\">experiencias directas<\/span> <\/strong>con todo tipo de personas. Y ese vecino, seguramente que, si un d\u00eda se <strong>deshiciese de su maleta de prejuicios<\/strong> y se parase <strong>5 minutos<\/strong> a hablar con la muchacha migrante, <strong>seguramente<\/strong> que<strong> cambiar\u00eda<\/strong> esa idea y tambi\u00e9n, <strong>esa actitud.<\/strong> Y estoy segura de que <strong>le ofrecer\u00e1 ayuda<\/strong>. Conocernos, sin importar nuestro <span style=\"color: #ff9900;\"><strong>origen<\/strong><\/span>, <strong><span style=\"color: #ff9900;\">cultura<\/span><\/strong>, <span style=\"color: #ff9900;\"><strong>color<\/strong><\/span> <strong><span style=\"color: #ff9900;\">de<\/span> <span style=\"color: #ff9900;\">piel, religi\u00f3n<\/span><\/strong> u<span style=\"color: #ff9900;\"><strong> orientaci\u00f3n sexual<\/strong><\/span>, nos enriquece, <span style=\"color: #3366ff;\">\u00a1al igual que viajar!<\/span> y lo comparo con el hecho de viajar, porque <strong><span style=\"color: #3366ff;\">viajar te hace descubrir nuevas culturas<\/span><\/strong> y <strong><span style=\"color: #3366ff;\">la migraci\u00f3n y los migrantes en realidad nos acercan esas culturas<\/span>,<\/strong> ellos son <strong>embajadores<\/strong> de sus <strong>propias culturas<\/strong>.<\/p>\n<p>Sin duda, la <span style=\"color: #ff9900;\"><strong>interculturalidad<\/strong><\/span> y la <span style=\"color: #ff9900;\"><strong>convivencia<\/strong><\/span> son la clave para <strong>eliminar los prejuicios<\/strong> y <strong>reducir la distancia social<\/strong> entre la sociedad civil. Nos ayudan a establecer<strong> una relaci\u00f3n<\/strong> m\u00e1s <strong>cercana y horizontal entre \u201cnosotros\u201d y \u201cellos\u201d<\/strong>. El \u00faltimo objetivo ser\u00eda entender que las oportunidades de trabajo son cosas que se logran a<strong> m\u00e9rito propio<\/strong>, independientemente, de tu nacionalidad, de hecho, en el curr\u00edculum vitae no ponemos nuestra nacionalidad, salvo si es por propia elecci\u00f3n. El hecho de que un\/a <strong>migrante<\/strong> ocupe un puesto de trabajo que una persona <strong>oriunda<\/strong> no ha logrado, no significa que se lo haya quitado, pero que lo ha conseguido\u00a0 gracias a <strong>su perfil acad\u00e9mico-profesiona<\/strong>l .\u00a0 Hemos de aprender a hacer de <strong>nuestras diferencias<\/strong>, <strong>unos nexos que nos unan,<\/strong> que hagan que nuestro espacio<strong> vital<\/strong>:<span style=\"color: #3366ff;\"><strong> la calle<\/strong><\/span>, sea tan <span style=\"color: #3366ff;\"><strong>rico<\/strong><\/span> al igual que <strong>todas las nacionalidades<\/strong> que viven en nuestra zona.<\/p>\n<p>Vamos a detenernos un poco en la <strong>actitud<\/strong> de la joven muchacha y <strong><span style=\"color: #ff9900;\">v\u00edctima<\/span> <\/strong>de este <span style=\"color: #ff9900;\"><strong>delito de odio<\/strong><\/span>; ella no reacciona ante esa <strong><span style=\"color: #ff9900;\">ofensiva discriminatoria<\/span><\/strong>. Y es que ante estas actuaciones, las<strong> v\u00edctimas<\/strong> no son conscientes de que est\u00e1n siendo <strong>discriminadas<\/strong> y presentan una <strong>elevada tolerancia a las acciones discriminatorias<\/strong>. En este ejemplo, por suerte una persona ajena lo presenci\u00f3 y <strong>denunci\u00f3<\/strong>. Pero en otras ocasiones la gente no lo hace o directamente prefiere no meterse en problemas. Y gracias a la denuncia que hice, he descubierto otro gran dato y concepto: la <strong>infradenuncia.<\/strong> Y el caso que nos interesa, es un claro ejemplo de ello, pero \u00bfa qu\u00e9 se debe? En primer lugar, los expertos subrayan el<span style=\"color: #ff9900;\"><strong> miedo a las represalias<\/strong> <\/span>como <span style=\"color: #0000ff;\"><strong>principal raz\u00f3n<\/strong><\/span> que <strong>fomentan los delitos y delitos de odio<\/strong>. Tambi\u00e9n, est\u00e1 la <span style=\"color: #ff9900;\"><strong>desconfianza<\/strong><\/span> en el rol de las instituciones por pensar que por ser<strong> migrante<\/strong> o por <strong>no disponer de un permiso de residencia<\/strong> (estar en una situaci\u00f3n irregular) no goza de sus plenos <strong>derechos civilices<\/strong>.<\/p>\n<p><strong>Recuerda que, ante este tipo de actuaciones, puedes y debes denunciar como testigo del hecho delictivo.<\/strong><\/p>\n","protected":false},"excerpt":{"rendered":"<p>En una fr\u00eda ma\u00f1ana de enero, me dispon\u00eda a abrir la ventana, y ah\u00ed estaba ella sentada en frente de un supermercado.\u00a0 La misma mujer de tez negra que veo desde el cristal de mi ventana. Todas las ma\u00f1anas aguarda su sitio, y a su lado, un peque\u00f1o cuenco, s\u00ed, ese recipiente sobre el que [&hellip;]<\/p>\n","protected":false},"author":1,"featured_media":5126,"comment_status":"open","ping_status":"closed","sticky":false,"template":"","format":"standard","meta":{"_et_pb_use_builder":"","_et_pb_old_content":"","_et_gb_content_width":"","_jetpack_newsletter_access":"","_jetpack_dont_email_post_to_subs":false,"_jetpack_newsletter_tier_id":0,"_jetpack_memberships_contains_paywalled_content":false,"_jetpack_feature_clip_id":0,"_jetpack_memberships_contains_paid_content":false,"footnotes":"","jetpack_post_was_ever_published":false},"categories":[107],"tags":[111,20,15,112,12],"class_list":["post-5098","post","type-post","status-publish","format-standard","has-post-thumbnail","hentry","category-tienes-un-minuto","tag-aporofobia","tag-discriminacion","tag-igualdad","tag-intolerancia","tag-racismo"],"jetpack_sharing_enabled":true,"jetpack_featured_media_url":"https:\/\/i0.wp.com\/migrantesenigualdad.es\/wp-content\/uploads\/2022\/06\/Screenshot-2022-06-23-at-16.41.57.png?fit=1262%2C710&ssl=1","post_mailing_queue_ids":[],"_links":{"self":[{"href":"https:\/\/migrantesenigualdad.es\/index.php\/wp-json\/wp\/v2\/posts\/5098","targetHints":{"allow":["GET"]}}],"collection":[{"href":"https:\/\/migrantesenigualdad.es\/index.php\/wp-json\/wp\/v2\/posts"}],"about":[{"href":"https:\/\/migrantesenigualdad.es\/index.php\/wp-json\/wp\/v2\/types\/post"}],"author":[{"embeddable":true,"href":"https:\/\/migrantesenigualdad.es\/index.php\/wp-json\/wp\/v2\/users\/1"}],"replies":[{"embeddable":true,"href":"https:\/\/migrantesenigualdad.es\/index.php\/wp-json\/wp\/v2\/comments?post=5098"}],"version-history":[{"count":0,"href":"https:\/\/migrantesenigualdad.es\/index.php\/wp-json\/wp\/v2\/posts\/5098\/revisions"}],"wp:featuredmedia":[{"embeddable":true,"href":"https:\/\/migrantesenigualdad.es\/index.php\/wp-json\/wp\/v2\/media\/5126"}],"wp:attachment":[{"href":"https:\/\/migrantesenigualdad.es\/index.php\/wp-json\/wp\/v2\/media?parent=5098"}],"wp:term":[{"taxonomy":"category","embeddable":true,"href":"https:\/\/migrantesenigualdad.es\/index.php\/wp-json\/wp\/v2\/categories?post=5098"},{"taxonomy":"post_tag","embeddable":true,"href":"https:\/\/migrantesenigualdad.es\/index.php\/wp-json\/wp\/v2\/tags?post=5098"}],"curies":[{"name":"wp","href":"https:\/\/api.w.org\/{rel}","templated":true}]}}