{"id":45,"date":"2021-03-26T10:25:07","date_gmt":"2021-03-26T10:25:07","guid":{"rendered":"https:\/\/migrantesenigualdad.es\/?p=45"},"modified":"2022-06-17T08:22:23","modified_gmt":"2022-06-17T08:22:23","slug":"odio-conducta-humana-delitos-discursos-incidentes","status":"publish","type":"post","link":"https:\/\/migrantesenigualdad.es\/index.php\/2021\/03\/26\/odio-conducta-humana-delitos-discursos-incidentes\/","title":{"rendered":"El odio como conducta humana"},"content":{"rendered":"<p>[et_pb_section fb_built=\u00bb1&#8243; _builder_version=\u00bb3.22&#8243; custom_padding=\u00bb0px|||||\u00bb][et_pb_row _builder_version=\u00bb4.2.2&#8243; background_size=\u00bbinitial\u00bb background_position=\u00bbtop_left\u00bb background_repeat=\u00bbrepeat\u00bb custom_margin=\u00bb|auto|-42px|auto||\u00bb custom_padding=\u00bb0px|||||\u00bb][et_pb_column type=\u00bb4_4&#8243; _builder_version=\u00bb3.25&#8243; custom_padding=\u00bb|||\u00bb custom_padding__hover=\u00bb|||\u00bb][et_pb_text _builder_version=\u00bb4.2.2&#8243; background_size=\u00bbinitial\u00bb background_position=\u00bbtop_left\u00bb background_repeat=\u00bbrepeat\u00bb inline_fonts=\u00bbAbril Fatface,Abel\u00bb]<\/p>\n<blockquote>\n<p style=\"text-align: justify;\"><span style=\"font-size: large;\"><span style=\"font-family: inherit; font-weight: normal;\">El odio es una emoci\u00f3n humana, acept\u00e9moslo. El Diccionario de la Real Academia Espa\u00f1ola lo define como<\/span> <span style=\"font-size: x-large;\"><span style=\"font-family: Abril Fatface; font-weight: normal;\">antipat\u00eda y aversi\u00f3n hacia algo o hacia alguien cuyo mal se desea<\/span>.<\/span> <a href=\"https:\/\/ctxt.es\/es\/20161109\/Firmas\/9476\/populismo-trump-democracia-alba-rico.htm\">En el odio, como en el amor, hay flechazos<\/a>. Y si del amor al odio hay un paso, de la emoci\u00f3n a la acci\u00f3n tambi\u00e9n: cuando ese deseo del mal que es el odio se materializa, aparece la violencia.<br \/> <\/span><\/p>\n<\/blockquote>\n<p>[\/et_pb_text][\/et_pb_column][\/et_pb_row][et_pb_row column_structure=\u00bb1_2,1_2&#8243; _builder_version=\u00bb4.2.2&#8243; background_size=\u00bbinitial\u00bb background_position=\u00bbtop_left\u00bb background_repeat=\u00bbrepeat\u00bb][et_pb_column type=\u00bb1_2&#8243; _builder_version=\u00bb3.25&#8243; custom_padding=\u00bb|||\u00bb custom_padding__hover=\u00bb|||\u00bb][et_pb_image src=\u00bbhttps:\/\/migrantesenigualdad.es\/wp-content\/uploads\/2021\/02\/1.jpg\u00bb _builder_version=\u00bb4.2.2&#8243;][\/et_pb_image][\/et_pb_column][et_pb_column type=\u00bb1_2&#8243; _builder_version=\u00bb3.25&#8243; custom_padding=\u00bb|||\u00bb custom_padding__hover=\u00bb|||\u00bb][et_pb_text _builder_version=\u00bb4.2.2&#8243; text_font=\u00bb||||||||\u00bb header_text_color=\u00bb#0c71c3&#8243; header_2_font=\u00bb|700|||||||\u00bb header_2_text_align=\u00bbleft\u00bb header_2_text_color=\u00bb#e0b8ff\u00bb header_2_line_height=\u00bb1.1em\u00bb header_3_font=\u00bb|600|||||||\u00bb header_3_text_color=\u00bb#0da0c5&#8243; width=\u00bb100%\u00bb module_alignment=\u00bbcenter\u00bb inline_fonts=\u00bbFredericka the Great,Annie Use Your Telescope\u00bb]<\/p>\n<h2><span style=\"font-family: Fredericka the Great; font-weight: normal; font-size: xx-large; color: #8300e9;\"><\/span><\/h2>\n<h2><span style=\"font-family: Fredericka the Great; font-weight: normal; font-size: xx-large; color: #8300e9;\"><\/span><\/h2>\n<h2><span style=\"font-family: Fredericka the Great; font-weight: normal; font-size: xx-large; color: #8300e9;\"><\/span><\/h2>\n<h2><span style=\"font-family: Fredericka the Great; font-weight: normal; font-size: xx-large; color: #8300e9;\"><\/span><\/h2>\n<h2><span style=\"font-family: Fredericka the Great; font-weight: normal; font-size: xx-large; color: #8300e9;\"><\/span><\/h2>\n<h2><span style=\"font-family: Fredericka the Great; font-weight: normal; font-size: xx-large; color: #8300e9;\"><\/span><\/h2>\n<h2><span style=\"font-family: Fredericka the Great; font-weight: normal; font-size: xx-large; color: #8300e9;\"><\/span><\/h2>\n<h2 style=\"text-align: right;\"><span style=\"font-family: Fredericka the Great; font-weight: normal; font-size: xx-large; color: #8300e9;\">No se puede dar la mano con el pu\u00f1o cerrado<\/span><\/h2>\n<h3 style=\"text-align: right;\"><span style=\"font-size: xx-large;\"><strong><span style=\"font-family: Annie Use Your Telescope;\">Indira Ghandi<\/span><\/strong><\/span><\/h3>\n<h3><\/h3>\n<p>[\/et_pb_text][\/et_pb_column][\/et_pb_row][et_pb_row column_structure=\u00bb3_4,1_4&#8243; _builder_version=\u00bb4.2.2&#8243; custom_padding=\u00bb0px|||||\u00bb][et_pb_column type=\u00bb3_4&#8243; _builder_version=\u00bb4.2.2&#8243;][et_pb_text _builder_version=\u00bb4.2.2&#8243; custom_margin=\u00bb||-99px|||\u00bb custom_padding=\u00bb4px|||||\u00bb inline_fonts=\u00bbAbril Fatface\u00bb]<\/p>\n<p style=\"text-align: justify;\"><strong><\/strong><span style=\"font-size: x-large; font-family: Abril Fatface; font-weight: normal;\"><strong>DISCURSOS DE ODIO<\/strong><\/span><\/p>\n<p>&nbsp;<\/p>\n<p style=\"text-align: justify;\"><span style=\"font-size: large;\">Todas aquellas formas de expresi\u00f3n que incitan, promueven o justifican el odio hacia un determinado grupo social, en raz\u00f3n de su religi\u00f3n, origen \u00e9tnico, nacionalidad, color, ascendencia, g\u00e9nero u otro factor de identidad. <\/span><\/p>\n<p style=\"text-align: justify;\"><span style=\"font-size: large;\">Un discurso de odio puede llegar a constituir <span style=\"font-family: Abril Fatface; font-weight: normal; font-size: x-large;\">delito<\/span> si las juezas y los jueces consideran que sobrepasa los l\u00edmites de la libertad de expresi\u00f3n.<\/span><\/p>\n<p style=\"text-align: justify;\"><span style=\"font-size: large;\">En los \u00faltimos a\u00f1os los discursos de odio han inundado las redes sociales. Esta tendencia, dominante en todos los pa\u00edses occidentales, se dispar\u00f3 durante los diferentes confinamientos domiciliarios decretados con motivo de la pandemia de Covid-19. <\/span><\/p>\n<p style=\"text-align: justify;\"><span style=\"font-size: large;\">S\u00f3lo Facebook <a href=\"https:\/\/es.statista.com\/grafico\/21710\/publicaciones-de-discurso-del-odio-eliminadas-por-facebook\">elimin\u00f3 9,6 millones de posts por delitos de odio en el primer trimestre de 2020<\/a>. En el tercer trimestre ya hab\u00edan llegado a los 22,1 millones (los mismos que en todo el a\u00f1o 2019).<\/span><\/p>\n<p>&nbsp;<\/p>\n<p>&nbsp;<\/p>\n<p>&nbsp;<\/p>\n<p>[\/et_pb_text][\/et_pb_column][et_pb_column type=\u00bb1_4&#8243; _builder_version=\u00bb4.2.2&#8243;][et_pb_gallery gallery_ids=\u00bb372&#8243; show_title_and_caption=\u00bboff\u00bb _builder_version=\u00bb4.2.2&#8243; border_radii_image=\u00bbon|20px|20px|20px|20px\u00bb][\/et_pb_gallery][et_pb_gallery gallery_ids=\u00bb365&#8243; show_title_and_caption=\u00bboff\u00bb _builder_version=\u00bb4.2.2&#8243; border_radii_image=\u00bbon|20px|20px|20px|20px\u00bb][\/et_pb_gallery][et_pb_gallery gallery_ids=\u00bb373&#8243; show_title_and_caption=\u00bboff\u00bb _builder_version=\u00bb4.2.2&#8243; border_radii_image=\u00bbon|20px|20px|20px|20px\u00bb][\/et_pb_gallery][\/et_pb_column][\/et_pb_row][et_pb_row _builder_version=\u00bb4.2.2&#8243; custom_padding=\u00bb||0px|||\u00bb][et_pb_column type=\u00bb4_4&#8243; _builder_version=\u00bb4.2.2&#8243;][et_pb_text _builder_version=\u00bb4.2.2&#8243; inline_fonts=\u00bbAbril Fatface\u00bb]<\/p>\n<p style=\"text-align: justify;\"><span style=\"font-size: x-large; font-family: Abril Fatface; font-weight: normal;\"><strong>\u00a0INCIDENTE DE ODIO<\/strong><\/span><\/p>\n<p style=\"text-align: justify;\"><span style=\"font-size: large;\">El <a href=\"https:\/\/www.inclusion.gob.es\/oberaxe\/es\/ejes\/delitosodio\/index.htm\">Observatorio Espa\u00f1ol de Racismo y Xenofobia<\/a> establece que un incidente de odio es aquel que es percibido por la v\u00edctima o por cualquier otra persona como racista, xen\u00f3fobo o de otra forma de intolerancia, aunque no sea delito. Cualquier persona puede ser v\u00edctima de un incidente o de un delito de odio, con independencia de que pertenezca realmente al grupo al que va dirigida la hostilidad o prejuicio.<\/span><\/p>\n<p>&nbsp;<\/p>\n<p>[\/et_pb_text][\/et_pb_column][\/et_pb_row][et_pb_row column_structure=\u00bb1_3,2_3&#8243; _builder_version=\u00bb4.2.2&#8243;][et_pb_column type=\u00bb1_3&#8243; _builder_version=\u00bb4.2.2&#8243;][et_pb_image src=\u00bbhttps:\/\/migrantesenigualdad.es\/wp-content\/uploads\/2021\/02\/3.jpg\u00bb _builder_version=\u00bb4.2.2&#8243; custom_css_main_element=\u00bbWIDTh:200PX;\u00bb][\/et_pb_image][et_pb_image src=\u00bbhttps:\/\/migrantesenigualdad.es\/wp-content\/uploads\/2021\/03\/iceberg.png\u00bb _builder_version=\u00bb4.2.2&#8243;][\/et_pb_image][\/et_pb_column][et_pb_column type=\u00bb2_3&#8243; _builder_version=\u00bb4.2.2&#8243;][et_pb_text _builder_version=\u00bb4.2.2&#8243; custom_padding=\u00bb||0px|||\u00bb inline_fonts=\u00bbAbril Fatface\u00bb]<\/p>\n<p style=\"text-align: justify;\"><span style=\"font-size: x-large; font-family: Abril Fatface; font-weight: normal;\"><strong>DELITO DE ODIO<\/strong><\/span><\/p>\n<p style=\"text-align: justify;\"><span style=\"font-size: large;\">La <a href=\"https:\/\/www.osce.org\/es\">Organizaci\u00f3n para la Seguridad y la Cooperaci\u00f3n en Europa<\/a> afirma que delito de odio es toda infracci\u00f3n penal contra las personas y\/o contra su propiedad, cuando la v\u00edctima, el lugar o el objeto de la infracci\u00f3n son seleccionados a causa de su conexi\u00f3n, relaci\u00f3n, afiliaci\u00f3n, apoyo o pertenencia, real o supuesta, a un grupo que pueda estar basado en la raza, origen nacional o \u00e9tnico, idioma, color, religi\u00f3n, edad, minusval\u00eda f\u00edsica o mental, orientaci\u00f3n sexual u otros factores similares, reales o supuestos. <\/span><\/p>\n<p style=\"text-align: justify;\"><span style=\"font-size: large;\">Los delitos de odio est\u00e1n previstos en el <a href=\"https:\/\/www.conceptosjuridicos.com\/codigo-penal-articulo-510\/\">art\u00edculo 510 del c\u00f3digo penal<\/a>, y pueden ser castigados con penas de uno a cuatro a\u00f1os de prisi\u00f3n y multas de seis a doce meses.\u00a0<\/span><\/p>\n<p style=\"text-align: justify;\"><span style=\"font-size: large;\">El Ministerio del Interior afirma que estos delitos han aumentado un 6,8% en 2019. La provincia de C\u00e1diz es, junto a la de Huelva, donde m\u00e1s delitos de este tipo se producen en Andaluc\u00eda (cuatro de cada 100.000 habitantes). El 20% de estos delitos est\u00e1 relacionado con racismo y xenofobia.En esta provincia hubo once denuncias por delito de odio en 2019 y en Ceuta, una. <\/span><\/p>\n<p style=\"text-align: justify;\"><span style=\"font-size: large;\">El miedo de las v\u00edctimas hace que el n\u00famero de denuncias presentadas sea inferior al n\u00famero real de delitos. Estos datos oficiales son como un iceberg: muestran s\u00f3lo una m\u00ednima parte de la gravedad real del problema.<\/span><\/p>\n<p style=\"text-align: justify;\"><span style=\"font-size: large;\">\u00a0<\/span><\/p>\n<p>&nbsp;<\/p>\n<p>[\/et_pb_text][\/et_pb_column][\/et_pb_row][\/et_pb_section]<\/p>\n","protected":false},"excerpt":{"rendered":"<p>El odio es una emoci\u00f3n humana, acept\u00e9moslo. El Diccionario de la Real Academia Espa\u00f1ola lo define como antipat\u00eda y aversi\u00f3n hacia algo o hacia alguien cuyo mal se desea. En el odio, como en el amor, hay flechazos. Y si del amor al odio hay un paso, de la emoci\u00f3n a la acci\u00f3n tambi\u00e9n: cuando [&hellip;]<\/p>\n","protected":false},"author":1,"featured_media":1016,"comment_status":"open","ping_status":"closed","sticky":false,"template":"","format":"standard","meta":{"_et_pb_use_builder":"on","_et_pb_old_content":"<blockquote><p>El odio es una emoci\u00f3n humana, y eso de primeras, hay que aceptarlo. Seguramente haya sido la emoci\u00f3n m\u00e1s vilipendiada de la humanidad y posiblemente a consecuencia de ese odio, se hayan producido muchos de los cambios importantes sufridos. Desde el \u201c\u00bfQu\u00e9 han hecho los romanos por nosotros?\u201d, de aquella genial escena de \u201cLa vida de Brian\u201d de los Monty Python en la que a trav\u00e9s del odio se invitaba a la sublevaci\u00f3n contra el imperio romano, al odio representado en el Gernika de Picasso, el odio a veces ha venido \u201ccon arte\u201d.<\/p><\/blockquote><p>[box] No se puede dar la mano con el pu\u00f1o cerrado. (Indira Gandhi)[\/box]\u00a0 <br \/>\u00a0\u00a0<\/p><p>\u00a0<\/p>","_et_gb_content_width":"","_jetpack_newsletter_access":"","_jetpack_dont_email_post_to_subs":false,"_jetpack_newsletter_tier_id":0,"_jetpack_memberships_contains_paywalled_content":false,"_jetpack_feature_clip_id":0,"_jetpack_memberships_contains_paid_content":false,"footnotes":"","jetpack_post_was_ever_published":false},"categories":[107],"tags":[16,17,15,19],"class_list":["post-45","post","type-post","status-publish","format-standard","has-post-thumbnail","hentry","category-tienes-un-minuto","tag-delito-de-odio","tag-discurso-de-odio","tag-igualdad","tag-incidente-de-odio"],"jetpack_sharing_enabled":true,"jetpack_featured_media_url":"https:\/\/i0.wp.com\/migrantesenigualdad.es\/wp-content\/uploads\/2021\/03\/Odio-como-conducta-humana.png?fit=406%2C250&ssl=1","post_mailing_queue_ids":[],"_links":{"self":[{"href":"https:\/\/migrantesenigualdad.es\/index.php\/wp-json\/wp\/v2\/posts\/45","targetHints":{"allow":["GET"]}}],"collection":[{"href":"https:\/\/migrantesenigualdad.es\/index.php\/wp-json\/wp\/v2\/posts"}],"about":[{"href":"https:\/\/migrantesenigualdad.es\/index.php\/wp-json\/wp\/v2\/types\/post"}],"author":[{"embeddable":true,"href":"https:\/\/migrantesenigualdad.es\/index.php\/wp-json\/wp\/v2\/users\/1"}],"replies":[{"embeddable":true,"href":"https:\/\/migrantesenigualdad.es\/index.php\/wp-json\/wp\/v2\/comments?post=45"}],"version-history":[{"count":0,"href":"https:\/\/migrantesenigualdad.es\/index.php\/wp-json\/wp\/v2\/posts\/45\/revisions"}],"wp:featuredmedia":[{"embeddable":true,"href":"https:\/\/migrantesenigualdad.es\/index.php\/wp-json\/wp\/v2\/media\/1016"}],"wp:attachment":[{"href":"https:\/\/migrantesenigualdad.es\/index.php\/wp-json\/wp\/v2\/media?parent=45"}],"wp:term":[{"taxonomy":"category","embeddable":true,"href":"https:\/\/migrantesenigualdad.es\/index.php\/wp-json\/wp\/v2\/categories?post=45"},{"taxonomy":"post_tag","embeddable":true,"href":"https:\/\/migrantesenigualdad.es\/index.php\/wp-json\/wp\/v2\/tags?post=45"}],"curies":[{"name":"wp","href":"https:\/\/api.w.org\/{rel}","templated":true}]}}