{"id":4241,"date":"2022-05-17T11:16:32","date_gmt":"2022-05-17T11:16:32","guid":{"rendered":"https:\/\/migrantesenigualdad.es\/?p=4241"},"modified":"2022-06-17T07:48:56","modified_gmt":"2022-06-17T07:48:56","slug":"la-nueva-portavoz-de-la-casa-blanca-mujer-migrante-y-del-colectivo-lgtbi","status":"publish","type":"post","link":"https:\/\/migrantesenigualdad.es\/index.php\/2022\/05\/17\/la-nueva-portavoz-de-la-casa-blanca-mujer-migrante-y-del-colectivo-lgtbi\/","title":{"rendered":"La nueva portavoz de la Casa Blanca: Mujer, migrante y del colectivo LGTBI"},"content":{"rendered":"<p>[et_pb_section admin_label=\u00bbsection\u00bb]<br \/>\n\t\t\t[et_pb_row admin_label=\u00bbrow\u00bb]<br \/>\n\t\t\t\t[et_pb_column type=\u00bb4_4&#8243;][et_pb_text admin_label=\u00bbText\u00bb]&nbsp;<\/p>\n<p><span style=\"color: #333333;\">Son varias las noticias que inician nuestro d\u00eda, en su mayor\u00eda, son noticias que tratan sobre los problemas y retos pol\u00edtico-sociales que vive el mundo. No obstante, y cuando aparece una noticia como la presente, simplemente, nos alegra el d\u00eda.<\/span><\/p>\n<p><span style=\"color: #333333;\">Estamos hablando de la noticia que se hizo viral hoy, martes 17 de mayo, y de la que todos los medios internacionales se han hecho eco: <u>El discurso de la nueva secretaria de Prensa de la Casa Blanca<\/u>, <strong>Karine Jean-Pierre<\/strong>:<\/span><\/p>\n<p>&nbsp;<\/p>\n<p><img data-recalc-dims=\"1\" loading=\"lazy\" decoding=\"async\" class=\"aligncenter wp-image-4243 size-full\" src=\"https:\/\/i0.wp.com\/migrantesenigualdad.es\/wp-content\/uploads\/2022\/05\/cita-karine.png?resize=831%2C397&#038;ssl=1\" alt=\"\" width=\"831\" height=\"397\" srcset=\"https:\/\/migrantesenigualdad.es\/wp-content\/uploads\/2022\/05\/cita-karine.png 831w, https:\/\/migrantesenigualdad.es\/wp-content\/uploads\/2022\/05\/cita-karine-480x229.png 480w\" sizes=\"(min-width: 0px) and (max-width: 480px) 480px, (min-width: 481px) 831px, 100vw\" \/><span style=\"color: #333333;\">Podemos ver claramente, c\u00f3mo Karine que ahora, ostenta uno de los m\u00e1s importantes puestos al frente de la Casa Blanca, se\u00f1ala que es un <\/span><u><span style=\"color: #333333;\">claro ejemplo<\/span> <\/u><span style=\"color: #333333;\">de la trilog\u00eda que m\u00e1s retos nos plantea para lograr un mundo equilibrado donde la diversidad, tolerancia y el respeto es su rasgo principal: Ser <strong>mujer<\/strong>, ser <strong>migrante<\/strong> de color y ser <strong>lesbiana<\/strong>. Lo Cual implica <span style=\"color: #ff9900;\">tres luchas<\/span> \u2013 aunque todas van en un mismo sentido: <strong>luchar contra las intolerancias<\/strong>:<\/span><\/p>\n<ul>\n<li><span style=\"color: #333333;\"><strong><span style=\"color: #ff9900;\">1<\/span><\/strong>&#8211; <strong>La lucha por la <span style=\"color: #ff9900;\">igualdad de g\u00e9nero<\/span>.<\/strong><\/span><\/li>\n<li><span style=\"color: #333333;\"><strong><span style=\"color: #ff9900;\">2<\/span><\/strong>&#8211; <strong>La lucha <span style=\"color: #ff9900;\">contra el racismo<\/span> <span style=\"color: #ff9900;\">y por los derechos de los migrantes<\/span>.<\/strong><\/span><\/li>\n<li><span style=\"color: #333333;\"><strong><span style=\"color: #ff9900;\">3<\/span><\/strong>&#8211; <strong>La lucha por los <span style=\"color: #ff9900;\">derechos LGTBI<\/span>. \u00a0<\/strong><\/span><\/li>\n<\/ul>\n<p><span style=\"color: #333333;\">Consciente de ello, Karine no dej\u00f3 escapar ninguna: aprovech\u00f3 su<em> briefing<\/em> para denunciar el crimen de odio del tiroteo de Bufalo y su teor\u00eda racista del reemplazo racial que\u00a0 acab\u00f3 con la vida de 10 personas afroamericanas.<\/span><\/p>\n<p><span style=\"color: #333333;\">Es necesario se\u00f1alar que mla nueva secretaria es la <strong>primera mujer afroamericana y lesbiana<\/strong> en ocupar este puesto. Un cargo que ella atribuye a la gran diversidad que hay en el mandato del actual presidente, Joe Biden cuya vicepresidenta, es tambi\u00e9n, mujer y migrante de color, Kamala Harris.<\/span><\/p>\n<p><span style=\"color: #333333;\">Por otra parte, admiramos su actitud al reconocer el esfuerzo de otras y otros luchador@s por los derechos humanos que la han precedido:<\/span><\/p>\n<blockquote><p><span style=\"color: #333333;\">No estar\u00eda aqu\u00ed hoy si no fuera por las generaciones de personas que rompieron barreras antes que yo. &#8230; Me beneficio de sus sacrificios, he aprendido de su grandiosidad, y les estoy eternamente agradecida.<\/span><\/p><\/blockquote>\n<p><span style=\"color: #333333;\">La noticia coincide con una conmemoraci\u00f3n internacional de igual matiz de sensibilizaci\u00f3n: \u00a0el <strong>D\u00eda Internacional contra la Homofobia, la Transfobia y la Bifobia<\/strong>.<\/span><\/p>\n<p><img data-recalc-dims=\"1\" loading=\"lazy\" decoding=\"async\" class=\"aligncenter wp-image-4244 size-large\" src=\"https:\/\/i0.wp.com\/migrantesenigualdad.es\/wp-content\/uploads\/2022\/05\/Blanco-Rosa-Azul-y-Amarillo-Formas-Organicas-Taller-de-Diversidad-Seminario-Web-Presentacion-Principal-1.jpg?resize=1024%2C576&#038;ssl=1\" alt=\"\" width=\"1024\" height=\"576\" srcset=\"https:\/\/migrantesenigualdad.es\/wp-content\/uploads\/2022\/05\/Blanco-Rosa-Azul-y-Amarillo-Formas-Organicas-Taller-de-Diversidad-Seminario-Web-Presentacion-Principal-1-980x551.jpg 980w, https:\/\/migrantesenigualdad.es\/wp-content\/uploads\/2022\/05\/Blanco-Rosa-Azul-y-Amarillo-Formas-Organicas-Taller-de-Diversidad-Seminario-Web-Presentacion-Principal-1-480x270.jpg 480w\" sizes=\"(min-width: 0px) and (max-width: 480px) 480px, (min-width: 481px) and (max-width: 980px) 980px, (min-width: 981px) 1024px, 100vw\" \/>[\/et_pb_text][\/et_pb_column]<br \/>\n\t\t\t[\/et_pb_row]<br \/>\n\t\t[\/et_pb_section]<\/p>\n","protected":false},"excerpt":{"rendered":"<p>&nbsp; Son varias las noticias que inician nuestro d\u00eda, en su mayor\u00eda, son noticias que tratan sobre los problemas y retos pol\u00edtico-sociales que vive el mundo. No obstante, y cuando aparece una noticia como la presente, simplemente, nos alegra el d\u00eda. Estamos hablando de la noticia que se hizo viral hoy, martes 17 de mayo, [&hellip;]<\/p>\n","protected":false},"author":1,"featured_media":4246,"comment_status":"open","ping_status":"closed","sticky":false,"template":"","format":"standard","meta":{"_et_pb_use_builder":"on","_et_pb_old_content":"&nbsp;\r\n\r\n<span style=\"color: #333333;\">Son varias las noticias que inician nuestro d\u00eda, en su mayor\u00eda, son noticias que tratan sobre los problemas y retos pol\u00edtico-sociales que vive el mundo. No obstante, y cuando aparece una noticia como la presente, simplemente, nos alegra el d\u00eda.<\/span>\r\n\r\n<span style=\"color: #333333;\">Estamos hablando de la noticia que se hizo viral hoy, martes 17 de mayo, y de la que todos los medios internacionales se han hecho eco: <u>El discurso de la nueva secretaria de Prensa de la Casa Blanca<\/u>, <strong>Karine Jean-Pierre<\/strong>:<\/span>\r\n\r\n&nbsp;\r\n\r\n<img class=\"aligncenter wp-image-4243 size-full\" src=\"https:\/\/migrantesenigualdad.es\/wp-content\/uploads\/2022\/05\/cita-karine.png\" alt=\"\" width=\"831\" height=\"397\" \/><span style=\"color: #333333;\">Podemos ver claramente, c\u00f3mo Karine que ahora, ostenta uno de los m\u00e1s importantes puestos al frente de la Casa Blanca, se\u00f1ala que es un <\/span><u><span style=\"color: #333333;\">claro ejemplo<\/span> <\/u><span style=\"color: #333333;\">de la trilog\u00eda que m\u00e1s retos nos plantea para lograr un mundo equilibrado donde la diversidad, tolerancia y el respeto es su rasgo principal: Ser <strong>mujer<\/strong>, ser <strong>migrante<\/strong> de color y ser <strong>lesbiana<\/strong>. Lo Cual implica <span style=\"color: #ff9900;\">tres luchas<\/span> \u2013 aunque todas van en un mismo sentido: <strong>luchar contra las intolerancias<\/strong>:<\/span>\r\n<ul>\r\n \t<li><span style=\"color: #333333;\"><strong><span style=\"color: #ff9900;\">1<\/span><\/strong>- <strong>La lucha por la <span style=\"color: #ff9900;\">igualdad de g\u00e9nero<\/span>.<\/strong><\/span><\/li>\r\n \t<li><span style=\"color: #333333;\"><strong><span style=\"color: #ff9900;\">2<\/span><\/strong>- <strong>La lucha <span style=\"color: #ff9900;\">contra el racismo<\/span> <span style=\"color: #ff9900;\">y por los derechos de los migrantes<\/span>.<\/strong><\/span><\/li>\r\n \t<li><span style=\"color: #333333;\"><strong><span style=\"color: #ff9900;\">3<\/span><\/strong>- <strong>La lucha por los <span style=\"color: #ff9900;\">derechos LGTBI<\/span>. \u00a0<\/strong><\/span><\/li>\r\n<\/ul>\r\n<span style=\"color: #333333;\">Consciente de ello, Karine no dej\u00f3 escapar ninguna: aprovech\u00f3 su<em> briefing<\/em> para denunciar el crimen de odio del tiroteo de Bufalo y su teor\u00eda racista del reemplazo racial que\u00a0 acab\u00f3 con la vida de 10 personas afroamericanas.<\/span>\r\n\r\n<span style=\"color: #333333;\">Es necesario se\u00f1alar que mla nueva secretaria es la <strong>primera mujer afroamericana y lesbiana<\/strong> en ocupar este puesto. Un cargo que ella atribuye a la gran diversidad que hay en el mandato del actual presidente, Joe Biden cuya vicepresidenta, es tambi\u00e9n, mujer y migrante de color, Kamala Harris.<\/span>\r\n\r\n<span style=\"color: #333333;\">Por otra parte, admiramos su actitud al reconocer el esfuerzo de otras y otros luchador@s por los derechos humanos que la han precedido:<\/span>\r\n<blockquote><span style=\"color: #333333;\">No estar\u00eda aqu\u00ed hoy si no fuera por las generaciones de personas que rompieron barreras antes que yo. ... Me beneficio de sus sacrificios, he aprendido de su grandiosidad, y les estoy eternamente agradecida.<\/span><\/blockquote>\r\n<span style=\"color: #333333;\">La noticia coincide con una conmemoraci\u00f3n internacional de igual matiz de sensibilizaci\u00f3n: \u00a0el <strong>D\u00eda Internacional contra la Homofobia, la Transfobia y la Bifobia<\/strong>.<\/span>\r\n\r\n<img class=\"aligncenter wp-image-4244 size-large\" src=\"https:\/\/migrantesenigualdad.es\/wp-content\/uploads\/2022\/05\/Blanco-Rosa-Azul-y-Amarillo-Formas-Organicas-Taller-de-Diversidad-Seminario-Web-Presentacion-Principal-1-1024x576.jpg\" alt=\"\" width=\"1024\" height=\"576\" \/>","_et_gb_content_width":"","_jetpack_newsletter_access":"","_jetpack_dont_email_post_to_subs":false,"_jetpack_newsletter_tier_id":0,"_jetpack_memberships_contains_paywalled_content":false,"_jetpack_feature_clip_id":0,"_jetpack_memberships_contains_paid_content":false,"footnotes":"","jetpack_post_was_ever_published":false},"categories":[104],"tags":[98,62,38,15,97,14,99,43],"class_list":["post-4241","post","type-post","status-publish","format-standard","has-post-thumbnail","hentry","category-mundo-global","tag-17-de-mayo","tag-afro","tag-convivencia","tag-igualdad","tag-karine-jean-pierre","tag-migrantes","tag-mujer","tag-prensa"],"jetpack_sharing_enabled":true,"jetpack_featured_media_url":"https:\/\/i0.wp.com\/migrantesenigualdad.es\/wp-content\/uploads\/2022\/05\/Karine-Jean-Pierre.png?fit=1277%2C731&ssl=1","post_mailing_queue_ids":[],"_links":{"self":[{"href":"https:\/\/migrantesenigualdad.es\/index.php\/wp-json\/wp\/v2\/posts\/4241","targetHints":{"allow":["GET"]}}],"collection":[{"href":"https:\/\/migrantesenigualdad.es\/index.php\/wp-json\/wp\/v2\/posts"}],"about":[{"href":"https:\/\/migrantesenigualdad.es\/index.php\/wp-json\/wp\/v2\/types\/post"}],"author":[{"embeddable":true,"href":"https:\/\/migrantesenigualdad.es\/index.php\/wp-json\/wp\/v2\/users\/1"}],"replies":[{"embeddable":true,"href":"https:\/\/migrantesenigualdad.es\/index.php\/wp-json\/wp\/v2\/comments?post=4241"}],"version-history":[{"count":0,"href":"https:\/\/migrantesenigualdad.es\/index.php\/wp-json\/wp\/v2\/posts\/4241\/revisions"}],"wp:featuredmedia":[{"embeddable":true,"href":"https:\/\/migrantesenigualdad.es\/index.php\/wp-json\/wp\/v2\/media\/4246"}],"wp:attachment":[{"href":"https:\/\/migrantesenigualdad.es\/index.php\/wp-json\/wp\/v2\/media?parent=4241"}],"wp:term":[{"taxonomy":"category","embeddable":true,"href":"https:\/\/migrantesenigualdad.es\/index.php\/wp-json\/wp\/v2\/categories?post=4241"},{"taxonomy":"post_tag","embeddable":true,"href":"https:\/\/migrantesenigualdad.es\/index.php\/wp-json\/wp\/v2\/tags?post=4241"}],"curies":[{"name":"wp","href":"https:\/\/api.w.org\/{rel}","templated":true}]}}