{"id":3834,"date":"2022-05-13T11:37:57","date_gmt":"2022-05-13T11:37:57","guid":{"rendered":"https:\/\/migrantesenigualdad.es\/?p=3834"},"modified":"2022-06-08T07:49:20","modified_gmt":"2022-06-08T07:49:20","slug":"3834","status":"publish","type":"post","link":"https:\/\/migrantesenigualdad.es\/index.php\/2022\/05\/13\/3834\/","title":{"rendered":"&#8216;CRIADAS Y SE\u00d1ORAS&#8217;: Segregaci\u00f3n racial, feminismo y una hero\u00edna blanca"},"content":{"rendered":"<p>&nbsp;<\/p>\n<p><span style=\"color: #333333;\"><strong>Segregaci\u00f3n racial<\/strong>, <strong>feminismo<\/strong>, tres mujeres de <span style=\"color: #ff9900;\">color<\/span> y una hero\u00edna<span style=\"color: #ff9900;\"> blanca<\/span>.\u00a0 Son los elementos principales de esta trama que se ha convertido en una de las pel\u00edculas de referencia sobre la lucha <strong>femenina<\/strong>\u00a0 contra la discriminaci\u00f3n racial hacia la comunidad afroamericana. <\/span><\/p>\n<p><span style=\"color: #333333;\">Mientras que, en los EE.UU.\u00a0 de los a\u00f1os 70, la comunidad de color empezaba sus andaduras hacia la reivindicaci\u00f3n de sus derechos con<strong> Martin Luther King<\/strong> frente a la <span style=\"color: #ff9900;\">supremac\u00eda<\/span> del hombre<span style=\"color: #ff9900;\"> blanco<\/span> y su \u00edmpetu por preservarla. El sur del pa\u00eds y concretamente en <strong>Mississippi<\/strong>, cuna de la <strong><u>segregaci\u00f3n racial<\/u><\/strong><\/span><span style=\"color: #333333;\">, a\u00fan se resist\u00eda a los aires de emancipaci\u00f3n y libertad.\u00a0<\/span><\/p>\n<p><span style=\"color: #333333;\"><img data-recalc-dims=\"1\" loading=\"lazy\" decoding=\"async\" class=\"size-medium wp-image-3845 alignright\" src=\"https:\/\/i0.wp.com\/migrantesenigualdad.es\/wp-content\/uploads\/2022\/05\/minny_and_pie.jpg?resize=300%2C157&#038;ssl=1\" alt=\"\" width=\"300\" height=\"157\" \/>La historia se desarrolla en una peque\u00f1a sociedad- de la clase alta-\u00a0 donde las se\u00f1oras son amigas y sus criadas tambi\u00e9n lo son.\u00a0 \u00c9stas, en su tiempo libre,\u00a0 comparten sus historias con un toque de <span style=\"color: #ff9900;\">humor<\/span> bastante n\u00edtido. No obstante, sus quejas se quedaban en una <strong>infradenuncia<\/strong>. Es en este panorama donde ocurre algo <strong>milagroso<\/strong> y poco com\u00fan: aparece la \u00bbhero\u00edna\u00bb blanca, Skeeter, una joven mujer universitaria y rebelde que se reun\u00eda cada tarde con las sirvientas, a escondidas de la sociedad<span style=\"color: #ff9900;\"> blanca<\/span> y las se\u00f1oras, para que le relatasen \u00a0sus historias y la <strong>represi\u00f3n<\/strong> que sufren por parte de las se\u00f1oras, y que m\u00e1s adelante, Skeeter \u00a0publicar\u00eda en un libro <em><strong>The Help<\/strong><\/em>. <\/span><\/p>\n<p><span style=\"color: #333333;\"><strong>\u00bfCu\u00e1l es la peculiaridad de esta peli y por qu\u00e9 os la recomendamos?<\/strong><\/span><\/p>\n<p><span style=\"color: #333333;\"><span style=\"color: #ff9900;\">Primero:<\/span>\u00a0porque a diferencia de todas las pel\u00edculas sobre el <strong>discriminaci\u00f3n racial<\/strong> en EE.UU. que en su mayor\u00eda, son interpretadas por actores varones,\u00a0 \u00e9sta es interpretada por un reparto femenino.\u00a0<\/span><\/p>\n<p><span style=\"color: #333333;\"><span style=\"color: #ff9900;\">Segundo:<\/span><span style=\"color: #333333;\">\u00a0porque se difumina la l\u00ednea que separa<\/span><span style=\"color: #ff9900;\"> la lucha contra el racismo sobre las mujeres de color<\/span><span style=\"color: #333333;\"> y la lucha por la <\/span><span style=\"color: #ff9900;\">emancipaci\u00f3n de la mujer en general<\/span><span style=\"color: #333333;\">: \u00a0Skeeter representa a aquellas mujeres sedientas de romper con los c\u00e1nones cl\u00e1sicos de la sociedad machista : rechaza ser como sus amigas cuya m\u00e1xima aspiraci\u00f3n es ser madres y tener un buen estatuto socioecon\u00f3mico. Y al mismo tiempo, intenta<\/span> <span style=\"color: #333333;\"><b>concienciar<\/b> a las sirvientas sobre su derecho a ser <strong>mujeres libres<\/strong> y<strong> orgullosas<\/strong> de su <span style=\"color: #ff9900;\">color de piel<\/span>.\u00a0<\/span><\/span><\/p>\n<p><span style=\"color: #333333;\"><span style=\"color: #ff9900;\">Tercero:<\/span> porque destaca la esencia de esas sirvientas -lejos del color de su piel y su labor- como mujeres de gran coraz\u00f3n que, pese a lo sufrido por las se\u00f1oras, y a la nueva esclavitud encubierta en el servicio dom\u00e9stico, aman, cr\u00edan y cuidan incondicionalmente a los hijos de las se\u00f1oras blancas. <img data-recalc-dims=\"1\" loading=\"lazy\" decoding=\"async\" class=\"size-medium wp-image-3842 alignleft\" src=\"https:\/\/i0.wp.com\/migrantesenigualdad.es\/wp-content\/uploads\/2022\/05\/The-Help-film.jpg?resize=300%2C169&#038;ssl=1\" alt=\"\" width=\"300\" height=\"169\" \/><\/span><\/p>\n<blockquote>\n<h1>\u00a0\u00abMi <span style=\"color: #ff9900;\">madre<\/span> era <strong>criada<\/strong>, mi <span style=\"color: #ff9900;\">abuela<\/span> fue <strong>esclava<\/strong> y <span style=\"color: #ff9900;\">yo tambi\u00e9n<\/span> soy una <strong>criada<\/strong>\u00ab.<\/h1>\n<\/blockquote>\n<p><span style=\"color: #333333;\">Como dato curioso y que destaca el papel y la valent\u00eda de la mujer en la lucha contra la segregaci\u00f3n racial en EE.UU. : En 1953, <strong>Rosa Parks<\/strong> desafi\u00f3 las leyes segregacionistas de Alabama y rechaz\u00f3 ceder su asiento de autob\u00fas a un pasajero blanco. Este acto la convertir\u00eda en una de las figuras m\u00e1s importantes en el movimiento por los derechos civiles en los EE.UU. <img data-recalc-dims=\"1\" loading=\"lazy\" decoding=\"async\" class=\"wp-image-3837 size-large alignleft\" src=\"https:\/\/i0.wp.com\/migrantesenigualdad.es\/wp-content\/uploads\/2022\/05\/Rosa-Parks-en-el-autobus.jpg?resize=1024%2C576&#038;ssl=1\" alt=\"\" width=\"1024\" height=\"576\" srcset=\"https:\/\/migrantesenigualdad.es\/wp-content\/uploads\/2022\/05\/Rosa-Parks-en-el-autobus-980x551.jpg 980w, https:\/\/migrantesenigualdad.es\/wp-content\/uploads\/2022\/05\/Rosa-Parks-en-el-autobus-480x270.jpg 480w\" sizes=\"(min-width: 0px) and (max-width: 480px) 480px, (min-width: 481px) and (max-width: 980px) 980px, (min-width: 981px) 1024px, 100vw\" \/><\/span><\/p>\n<p><span style=\"color: #333333;\">\u00a0\u00a0<\/span><\/p>\n<p>&nbsp;<\/p>\n<p>&nbsp;<\/p>\n<p>&nbsp;<\/p>\n<p>&nbsp;<\/p>\n<p>&nbsp;<\/p>\n","protected":false},"excerpt":{"rendered":"<p>&nbsp; Segregaci\u00f3n racial, feminismo, tres mujeres de color y una hero\u00edna blanca.\u00a0 Son los elementos principales de esta trama que se ha convertido en una de las pel\u00edculas de referencia sobre la lucha femenina\u00a0 contra la discriminaci\u00f3n racial hacia la comunidad afroamericana. Mientras que, en los EE.UU.\u00a0 de los a\u00f1os 70, la comunidad de color [&hellip;]<\/p>\n","protected":false},"author":1,"featured_media":3841,"comment_status":"open","ping_status":"closed","sticky":false,"template":"","format":"standard","meta":{"_et_pb_use_builder":"","_et_pb_old_content":"","_et_gb_content_width":"","_jetpack_newsletter_access":"","_jetpack_dont_email_post_to_subs":false,"_jetpack_newsletter_tier_id":0,"_jetpack_memberships_contains_paywalled_content":false,"_jetpack_feature_clip_id":0,"_jetpack_memberships_contains_paid_content":false,"footnotes":"","jetpack_post_was_ever_published":false},"categories":[1],"tags":[13,63,15,58,35,95,96],"class_list":["post-3834","post","type-post","status-publish","format-standard","has-post-thumbnail","hentry","category-actualidad","tag-antirracismo","tag-historias-de-vida","tag-igualdad","tag-mujeres","tag-prejuicios","tag-senoras-y-criadas","tag-the-help"],"jetpack_sharing_enabled":true,"jetpack_featured_media_url":"https:\/\/i0.wp.com\/migrantesenigualdad.es\/wp-content\/uploads\/2022\/05\/help.png?fit=1174%2C752&ssl=1","post_mailing_queue_ids":[],"_links":{"self":[{"href":"https:\/\/migrantesenigualdad.es\/index.php\/wp-json\/wp\/v2\/posts\/3834","targetHints":{"allow":["GET"]}}],"collection":[{"href":"https:\/\/migrantesenigualdad.es\/index.php\/wp-json\/wp\/v2\/posts"}],"about":[{"href":"https:\/\/migrantesenigualdad.es\/index.php\/wp-json\/wp\/v2\/types\/post"}],"author":[{"embeddable":true,"href":"https:\/\/migrantesenigualdad.es\/index.php\/wp-json\/wp\/v2\/users\/1"}],"replies":[{"embeddable":true,"href":"https:\/\/migrantesenigualdad.es\/index.php\/wp-json\/wp\/v2\/comments?post=3834"}],"version-history":[{"count":0,"href":"https:\/\/migrantesenigualdad.es\/index.php\/wp-json\/wp\/v2\/posts\/3834\/revisions"}],"wp:featuredmedia":[{"embeddable":true,"href":"https:\/\/migrantesenigualdad.es\/index.php\/wp-json\/wp\/v2\/media\/3841"}],"wp:attachment":[{"href":"https:\/\/migrantesenigualdad.es\/index.php\/wp-json\/wp\/v2\/media?parent=3834"}],"wp:term":[{"taxonomy":"category","embeddable":true,"href":"https:\/\/migrantesenigualdad.es\/index.php\/wp-json\/wp\/v2\/categories?post=3834"},{"taxonomy":"post_tag","embeddable":true,"href":"https:\/\/migrantesenigualdad.es\/index.php\/wp-json\/wp\/v2\/tags?post=3834"}],"curies":[{"name":"wp","href":"https:\/\/api.w.org\/{rel}","templated":true}]}}