{"id":3733,"date":"2022-05-10T10:29:12","date_gmt":"2022-05-10T10:29:12","guid":{"rendered":"https:\/\/migrantesenigualdad.es\/?p=3733"},"modified":"2022-06-17T07:52:26","modified_gmt":"2022-06-17T07:52:26","slug":"3733","status":"publish","type":"post","link":"https:\/\/migrantesenigualdad.es\/index.php\/2022\/05\/10\/3733\/","title":{"rendered":"\u00a1Bailar para luchar contra el racismo!"},"content":{"rendered":"<h4><\/h4>\n<h4><strong><span style=\"color: #ff9900;\">? No hay mejor forma de visibilizar una causa que a trav\u00e9s del arte.\u00a0<\/span><\/strong><\/h4>\n<p><span style=\"color: #333333;\">As\u00ed lo hace lo hace <strong>Yao Dapre Georges Nicol<\/strong>, \u00a0un bailar\u00edn subsahariano afincado en Barcelona y que, \u00a0por medio de su coreograf\u00eda, \u00a0intenta sensibilizar sobre la cuesti\u00f3n del <strong>racismo<\/strong> y la <strong>segregaci\u00f3n racial<\/strong>.<\/span><\/p>\n<p><span style=\"color: #333333;\">Con un traje naranja que simboliza la sequedad y el calor de \u00c1frica y una puesta en escena en la que reina la iluminaci\u00f3n tenue y una pantalla que proyecta las fotograf\u00edas m\u00e1s ic\u00f3nicas de la discriminaci\u00f3n y segregaci\u00f3n racial hacia la comunidad de color. Yao, \u00e9ste, a trav\u00e9s de la obra &#8216;Oulouy&#8217; (<em>Negro<\/em>) hace frente al racismo con el baile.\u00a0<\/span><\/p>\n<p><iframe loading=\"lazy\" title=\"Black &amp;middot; Oulouy (teaser)\" src=\"https:\/\/player.vimeo.com\/video\/508569386?h=955da0fa96&amp;dnt=1&amp;app_id=122963\" width=\"1080\" height=\"608\" frameborder=\"0\" allow=\"autoplay; fullscreen; picture-in-picture\" allowfullscreen><\/iframe><\/p>\n<p>&nbsp;<\/p>\n<p><span style=\"color: #333333;\">Conforme que las notas musicales aumentan, los movimientos del bailar\u00edn le siguen el ritmo. Toda la escena adquiere un ambiente hostil, de rabia, impotencia y rebeld\u00eda,\u00a0 para terminar despoj\u00e1ndose de la parte superior de su traje, dejando el torso desnudo y se pone un <em>Kufi<\/em> (gorro africano,) tanto para reivindicar sus ra\u00edces como para destacar la fortaleza del hombre africano y su directa relaci\u00f3n con la naturaleza.\u00a0<\/span><\/p>\n<p><img data-recalc-dims=\"1\" loading=\"lazy\" decoding=\"async\" class=\"size-medium wp-image-3736 alignleft\" src=\"https:\/\/i0.wp.com\/migrantesenigualdad.es\/wp-content\/uploads\/2022\/05\/blm.png?resize=300%2C200&#038;ssl=1\" alt=\"\" width=\"300\" height=\"200\" \/><\/p>\n<p><span style=\"color: #333333;\">\u00a0La intensificaci\u00f3n de la m\u00fasica y la coreograf\u00eda, le sigui\u00f3 una proyecci\u00f3n de im\u00e1genes que denuncian esta realidad: empezando por las de \u2018Black Lives Matter\u2019 hasta llegar al \u2018punto\u00a0culminante\u2019 de las atrocidades\u00a0 perpetuadas contra la poblaci\u00f3n africana: la esclavitud.<\/span><\/p>\n<p>&nbsp;<\/p>\n","protected":false},"excerpt":{"rendered":"<p>? No hay mejor forma de visibilizar una causa que a trav\u00e9s del arte.\u00a0 As\u00ed lo hace lo hace Yao Dapre Georges Nicol, \u00a0un bailar\u00edn subsahariano afincado en Barcelona y que, \u00a0por medio de su coreograf\u00eda, \u00a0intenta sensibilizar sobre la cuesti\u00f3n del racismo y la segregaci\u00f3n racial. Con un traje naranja que simboliza la sequedad [&hellip;]<\/p>\n","protected":false},"author":1,"featured_media":3735,"comment_status":"open","ping_status":"closed","sticky":false,"template":"","format":"standard","meta":{"_et_pb_use_builder":"","_et_pb_old_content":"","_et_gb_content_width":"","_jetpack_newsletter_access":"","_jetpack_dont_email_post_to_subs":false,"_jetpack_newsletter_tier_id":0,"_jetpack_memberships_contains_paywalled_content":false,"_jetpack_feature_clip_id":0,"_jetpack_memberships_contains_paid_content":false,"footnotes":"","jetpack_post_was_ever_published":false},"categories":[104],"tags":[13,21,63,15,14,93,94],"class_list":["post-3733","post","type-post","status-publish","format-standard","has-post-thumbnail","hentry","category-mundo-global","tag-antirracismo","tag-estereotipos","tag-historias-de-vida","tag-igualdad","tag-migrantes","tag-oulouy","tag-yao-dapre-georges-nico"],"jetpack_sharing_enabled":true,"jetpack_featured_media_url":"https:\/\/i0.wp.com\/migrantesenigualdad.es\/wp-content\/uploads\/2022\/05\/oulouy.png?fit=1274%2C731&ssl=1","post_mailing_queue_ids":[],"_links":{"self":[{"href":"https:\/\/migrantesenigualdad.es\/index.php\/wp-json\/wp\/v2\/posts\/3733","targetHints":{"allow":["GET"]}}],"collection":[{"href":"https:\/\/migrantesenigualdad.es\/index.php\/wp-json\/wp\/v2\/posts"}],"about":[{"href":"https:\/\/migrantesenigualdad.es\/index.php\/wp-json\/wp\/v2\/types\/post"}],"author":[{"embeddable":true,"href":"https:\/\/migrantesenigualdad.es\/index.php\/wp-json\/wp\/v2\/users\/1"}],"replies":[{"embeddable":true,"href":"https:\/\/migrantesenigualdad.es\/index.php\/wp-json\/wp\/v2\/comments?post=3733"}],"version-history":[{"count":0,"href":"https:\/\/migrantesenigualdad.es\/index.php\/wp-json\/wp\/v2\/posts\/3733\/revisions"}],"wp:featuredmedia":[{"embeddable":true,"href":"https:\/\/migrantesenigualdad.es\/index.php\/wp-json\/wp\/v2\/media\/3735"}],"wp:attachment":[{"href":"https:\/\/migrantesenigualdad.es\/index.php\/wp-json\/wp\/v2\/media?parent=3733"}],"wp:term":[{"taxonomy":"category","embeddable":true,"href":"https:\/\/migrantesenigualdad.es\/index.php\/wp-json\/wp\/v2\/categories?post=3733"},{"taxonomy":"post_tag","embeddable":true,"href":"https:\/\/migrantesenigualdad.es\/index.php\/wp-json\/wp\/v2\/tags?post=3733"}],"curies":[{"name":"wp","href":"https:\/\/api.w.org\/{rel}","templated":true}]}}