{"id":3714,"date":"2022-05-09T09:44:51","date_gmt":"2022-05-09T09:44:51","guid":{"rendered":"https:\/\/migrantesenigualdad.es\/?p=3714"},"modified":"2022-05-09T12:14:03","modified_gmt":"2022-05-09T12:14:03","slug":"migrantes-en-igualdad-lanza-un-video-representativo-del-proyecto","status":"publish","type":"post","link":"https:\/\/migrantesenigualdad.es\/index.php\/2022\/05\/09\/migrantes-en-igualdad-lanza-un-video-representativo-del-proyecto\/","title":{"rendered":"Migrantes en Igualdad 2022 &#8211; V\u00eddeo de presentaci\u00f3n"},"content":{"rendered":"<p>Con un nuevo equipo multidisciplinar y que aboga por los valores del proyecto, en Migrantes en Igualdad (MEI)\u00a0 hemos publicado un video representativo de esta edici\u00f3n del proyecto, y en la que se explican\u00a0 las actividades, metas y \u00e1reas de acci\u00f3n del proyecto.<\/p>\n<p><iframe loading=\"lazy\" title=\"Migrantes en Igualdad 2022 - Video de Presentaci\u00f3n\" width=\"1080\" height=\"608\" src=\"https:\/\/www.youtube.com\/embed\/hXcBD_5mdYQ?feature=oembed\"  allow=\"accelerometer; autoplay; clipboard-write; encrypted-media; gyroscope; picture-in-picture\" allowfullscreen><\/iframe><\/p>\n<p>&nbsp;<\/p>\n<p><span style=\"color: #333333;\">Con este video, el proyecto MEI- siguiendo las mismas l\u00edneas de la fundaci\u00f3n madre- <a href=\"https:\/\/fmyv.es\/\">Fundaci\u00f3n M\u00e1rgenes y V\u00ednculos<\/a> cuya misi\u00f3n es contribuir al fortalecimiento de una sociedad plural y abierta, opera a dos niveles:<\/span><\/p>\n<ul>\n<li><span style=\"color: #333333;\">Luchar contra el racismo, la xenofobia y otras formas de intolerancia asociadas.<\/span><\/li>\n<li><span style=\"color: #333333;\">Hacer frente a todo tipo de delitos y discursos de odio.<\/span><\/li>\n<\/ul>\n<p><span style=\"color: #333333;\"><strong>\u00bfC\u00f3mo lo llevamos a cabo?\u00a0<\/strong><\/span><\/p>\n<p><span style=\"color: #333333;\">Contamos con un equipo de gran multidisciplinariedad que trabaja en los siguientes \u00e1reas de acci\u00f3n del proyecto:<\/span><\/p>\n<p>\u2705 <span style=\"color: #333333;\">Asesoramiento jur\u00eddico, mediaci\u00f3n y acompa\u00f1amiento: Se ofrecen orientaciones, apoyo y atenci\u00f3n individualizados.\u00a0<\/span><\/p>\n<p>\u2705 <span style=\"color: #333333;\">Seguimiento en las RRSS y las Tecnolog\u00edas de la Informaci\u00f3n y la Comunicaci\u00f3n (TIC) de las narrativas de odio y contrarrestarlas y, por ende, prevenir su propagaci\u00f3n.<\/span><\/p>\n<p>\u2705 <span style=\"color: #333333;\">Actividades de sensibilizaci\u00f3n con el fin de implicar a la sociedad en la causa del proyecto con el fin de promover \u00bbla equidad e igualdad\u00bb.<\/span><\/p>\n<p><span style=\"color: #333333;\">MEI dispone de su propio<\/span> <a href=\"https:\/\/migrantesenigualdad.es\/index.php\/observatorio-de-medios\/\"><strong>Observatorio<\/strong><\/a> <span style=\"color: #333333;\">de prensa cuya principal labor es detectar las narrativas de odio y prejuicio que subyacen en los mensajes medi\u00e1ticos y que generan actitudes racistas y xen\u00f3fobas e imposibilitan el alcance de una sociedad caracterizada por su pluralidad, diversidad cultural y convivencia.<\/span><\/p>\n<p><strong>\u00bf D\u00f3nde actuamos?<\/strong><\/p>\n<p><span style=\"color: #333333;\">Nuestras actividades las llevamos a cabo en la comarca del <strong>Campo de Gibraltar<\/strong> y la <strong>Ciudad Aut\u00f3noma de Ceuta<\/strong>.<\/span><\/p>\n<p><span style=\"color: #333333;\">El Proyecto &#8216;Migrantes en Igualdad&#8217; celebra este a\u00f1o una nueva edici\u00f3n y forma parte de la<\/span><a href=\"https:\/\/fmyv.es\/\"> <strong>Fundaci\u00f3n M\u00e1rgenes y V\u00ednculos<\/strong><\/a> <span style=\"color: #333333;\">que trabaja por la promoci\u00f3n de los derechos, la protecci\u00f3n, la igualdad, la cultura, la convivencia, la educaci\u00f3n y el bienestar de las personas.<\/span><\/p>\n","protected":false},"excerpt":{"rendered":"<p>Con un nuevo equipo multidisciplinar y que aboga por los valores del proyecto, en Migrantes en Igualdad (MEI)\u00a0 hemos publicado un video representativo de esta edici\u00f3n del proyecto, y en la que se explican\u00a0 las actividades, metas y \u00e1reas de acci\u00f3n del proyecto. &nbsp; Con este video, el proyecto MEI- siguiendo las mismas l\u00edneas de [&hellip;]<\/p>\n","protected":false},"author":1,"featured_media":3732,"comment_status":"open","ping_status":"closed","sticky":false,"template":"","format":"standard","meta":{"_et_pb_use_builder":"","_et_pb_old_content":"","_et_gb_content_width":"","_jetpack_newsletter_access":"","_jetpack_dont_email_post_to_subs":false,"_jetpack_newsletter_tier_id":0,"_jetpack_memberships_contains_paywalled_content":false,"_jetpack_feature_clip_id":0,"_jetpack_memberships_contains_paid_content":false,"footnotes":"","jetpack_post_was_ever_published":false},"categories":[1],"tags":[92],"class_list":["post-3714","post","type-post","status-publish","format-standard","has-post-thumbnail","hentry","category-actualidad","tag-migrantes-en-igualdad"],"jetpack_sharing_enabled":true,"jetpack_featured_media_url":"https:\/\/i0.wp.com\/migrantesenigualdad.es\/wp-content\/uploads\/2022\/05\/us-e1652098428201.jpg?fit=922%2C454&ssl=1","post_mailing_queue_ids":[],"_links":{"self":[{"href":"https:\/\/migrantesenigualdad.es\/index.php\/wp-json\/wp\/v2\/posts\/3714","targetHints":{"allow":["GET"]}}],"collection":[{"href":"https:\/\/migrantesenigualdad.es\/index.php\/wp-json\/wp\/v2\/posts"}],"about":[{"href":"https:\/\/migrantesenigualdad.es\/index.php\/wp-json\/wp\/v2\/types\/post"}],"author":[{"embeddable":true,"href":"https:\/\/migrantesenigualdad.es\/index.php\/wp-json\/wp\/v2\/users\/1"}],"replies":[{"embeddable":true,"href":"https:\/\/migrantesenigualdad.es\/index.php\/wp-json\/wp\/v2\/comments?post=3714"}],"version-history":[{"count":0,"href":"https:\/\/migrantesenigualdad.es\/index.php\/wp-json\/wp\/v2\/posts\/3714\/revisions"}],"wp:featuredmedia":[{"embeddable":true,"href":"https:\/\/migrantesenigualdad.es\/index.php\/wp-json\/wp\/v2\/media\/3732"}],"wp:attachment":[{"href":"https:\/\/migrantesenigualdad.es\/index.php\/wp-json\/wp\/v2\/media?parent=3714"}],"wp:term":[{"taxonomy":"category","embeddable":true,"href":"https:\/\/migrantesenigualdad.es\/index.php\/wp-json\/wp\/v2\/categories?post=3714"},{"taxonomy":"post_tag","embeddable":true,"href":"https:\/\/migrantesenigualdad.es\/index.php\/wp-json\/wp\/v2\/tags?post=3714"}],"curies":[{"name":"wp","href":"https:\/\/api.w.org\/{rel}","templated":true}]}}