{"id":3683,"date":"2022-05-06T10:46:07","date_gmt":"2022-05-06T10:46:07","guid":{"rendered":"https:\/\/migrantesenigualdad.es\/?p=3683"},"modified":"2022-06-08T07:51:06","modified_gmt":"2022-06-08T07:51:06","slug":"bajo-las-estrellas-de-paris-buscando-a-la-madre-de-suli","status":"publish","type":"post","link":"https:\/\/migrantesenigualdad.es\/index.php\/2022\/05\/06\/bajo-las-estrellas-de-paris-buscando-a-la-madre-de-suli\/","title":{"rendered":"&#8216;Bajo las estrellas de Par\u00eds&#8217;: Buscando a la madre de Suli"},"content":{"rendered":"<p><span style=\"color: #333333;\">El silencio, las calles vac\u00edas y el cielo nocturno de Par\u00eds es lo que junta el destino de Suli y Christine: un ni\u00f1o africano de 8 a\u00f1os, perdido en las calles parisinas y Christine, una francesa deambulante y \u00bbsin techo\u00bb que suele pasar su d\u00eda entre comedores sociales y los bancos de la orilla del canal Saint-Martin\u00a0 y por la noche, descansar bajo el puente Sana.<\/span><\/p>\n<p><img data-recalc-dims=\"1\" loading=\"lazy\" decoding=\"async\" class=\"aligncenter wp-image-3697\" src=\"https:\/\/i0.wp.com\/migrantesenigualdad.es\/wp-content\/uploads\/2022\/05\/BAJO-.jpg?resize=600%2C352&#038;ssl=1\" alt=\"\" width=\"600\" height=\"352\" \/><\/p>\n<p><span style=\"color: #333333;\">Suli, un ni\u00f1o que ha perdido a su madre y no sabe c\u00f3mo encontrarla, encuentra a Christine\u00a0 que se dispone a ayudarle cuando le ense\u00f1a la orden de expulsi\u00f3n de la polic\u00eda francesa. \u00a0Ambos emprenden un viaje en b\u00fasqueda de la madre de Suli \u00abbajo las estrellas\u00bb de Par\u00eds.<\/span><\/p>\n<p><span style=\"color: #333333;\">Con Catherine y Suli, nos adentramos en las calles vac\u00edas de la Ciudad de las Luces, un mundo bastante lejos del Par\u00eds alegre que solemos ver en\u00a0 pel\u00edculas como &#8216;Medianoche en Par\u00eds&#8217; de Wody Allen o &#8216;Funny Face\u2019 . Es el drama de un ni\u00f1o cuya madre , una migrante africana que con su hijo, reci\u00e9n llegados han sido detenidos y en espera de su repatriaci\u00f3n.<\/span><\/p>\n<p><span style=\"color: #333333;\">Suli lo \u00fanico que tiene entre sus manos es la orden de expulsi\u00f3n con la foto de su madre, esa es la \u00fanica pista que tiene Christine para ayudarle a encontrar a su familia. Christine al principio se muestra un poco despiadada, pero Suli, no la deja y decide apegarse a ella, y \u00e9sta, termina encari\u00f1\u00e1ndose con \u00e9l. <img data-recalc-dims=\"1\" loading=\"lazy\" decoding=\"async\" class=\"size-medium wp-image-3691 alignright\" src=\"https:\/\/i0.wp.com\/migrantesenigualdad.es\/wp-content\/uploads\/2022\/05\/CATRHERINE-SULI.jpg?resize=300%2C200&#038;ssl=1\" alt=\"\" width=\"300\" height=\"200\" \/><\/span><\/p>\n<p><span style=\"color: #333333;\">Otro elemento a destacar es la orfandad, tanto por parte de Suli, que no tiene a su madre, como por parte de Christine, que no tiene hijos. Entre ellos se crea un s\u00f3lido vinculo que llena ese vac\u00edo.<\/span><\/p>\n<ul>\n<li>\n<blockquote><p><span style=\"color: #333333;\"><em>\u00ab \u00bfC\u00f3mo lo has encontrado?\u00bb<\/em><\/span><\/p><\/blockquote>\n<\/li>\n<li>\n<blockquote><p><span style=\"color: #333333;\"><em>\u00ab \u00a1Apareci\u00f3!\u00bb<\/em><\/span><\/p><\/blockquote>\n<\/li>\n<\/ul>\n<p><span style=\"color: #333333;\">Una de las lecciones m\u00e1s importantes que nos da la pel\u00edcula es que el <strong>amor<\/strong> y la <strong>empat\u00eda<\/strong> no entienden de color de piel, fronteras o idiomas. Que ese \u00ab otro\u00bb puede ense\u00f1arnos muchas cosas y convertirse en un \u00ab nosotros\u00bb como le ha pasado a Catherine que hizo de la causa de Suli, ser suya. <\/span><\/p>\n<p><span style=\"color: #333333;\"><img data-recalc-dims=\"1\" loading=\"lazy\" decoding=\"async\" class=\"aligncenter wp-image-3693 size-large\" src=\"https:\/\/i0.wp.com\/migrantesenigualdad.es\/wp-content\/uploads\/2022\/05\/BAJO-LAS--e1651833234902-1024x576.png?resize=1024%2C576&#038;ssl=1\" alt=\"\" width=\"1024\" height=\"576\" srcset=\"https:\/\/migrantesenigualdad.es\/wp-content\/uploads\/2022\/05\/BAJO-LAS--e1651833234902-980x551.png 980w, https:\/\/migrantesenigualdad.es\/wp-content\/uploads\/2022\/05\/BAJO-LAS--e1651833234902-480x270.png 480w\" sizes=\"(min-width: 0px) and (max-width: 480px) 480px, (min-width: 481px) and (max-width: 980px) 980px, (min-width: 981px) 1024px, 100vw\" \/>\u00a0<\/span><\/p>\n<h4><span style=\"color: #ff6600;\"><span style=\"color: #ff9900;\">Ficha T\u00e9nica:<\/span>\u00a0<\/span><\/h4>\n<p><span style=\"color: #333333;\">T\u00edtulo original: <em>Sous les \u00e9toils de Paris<\/em><\/span><\/p>\n<p><span style=\"color: #333333;\">Protagonistas: Mahamadou Yaffa, Catherine Frot<\/span><\/p>\n<p><span style=\"color: #333333;\">A\u00f1o: 2020<\/span><\/p>\n","protected":false},"excerpt":{"rendered":"<p>El silencio, las calles vac\u00edas y el cielo nocturno de Par\u00eds es lo que junta el destino de Suli y Christine: un ni\u00f1o africano de 8 a\u00f1os, perdido en las calles parisinas y Christine, una francesa deambulante y \u00bbsin techo\u00bb que suele pasar su d\u00eda entre comedores sociales y los bancos de la orilla del [&hellip;]<\/p>\n","protected":false},"author":1,"featured_media":3700,"comment_status":"open","ping_status":"closed","sticky":false,"template":"","format":"standard","meta":{"_et_pb_use_builder":"","_et_pb_old_content":"","_et_gb_content_width":"","_jetpack_newsletter_access":"","_jetpack_dont_email_post_to_subs":false,"_jetpack_newsletter_tier_id":0,"_jetpack_memberships_contains_paywalled_content":false,"_jetpack_feature_clip_id":0,"_jetpack_memberships_contains_paid_content":false,"footnotes":"","jetpack_post_was_ever_published":false},"categories":[1],"tags":[13,38,37,21,15,59],"class_list":["post-3683","post","type-post","status-publish","format-standard","has-post-thumbnail","hentry","category-actualidad","tag-antirracismo","tag-convivencia","tag-empatia","tag-estereotipos","tag-igualdad","tag-interculturalidad"],"jetpack_sharing_enabled":true,"jetpack_featured_media_url":"https:\/\/i0.wp.com\/migrantesenigualdad.es\/wp-content\/uploads\/2022\/05\/BAJO-LAS-ESTRELLAS-DE-PARIS-Poster-ESP-LR.jpg?fit=600%2C900&ssl=1","post_mailing_queue_ids":[],"_links":{"self":[{"href":"https:\/\/migrantesenigualdad.es\/index.php\/wp-json\/wp\/v2\/posts\/3683","targetHints":{"allow":["GET"]}}],"collection":[{"href":"https:\/\/migrantesenigualdad.es\/index.php\/wp-json\/wp\/v2\/posts"}],"about":[{"href":"https:\/\/migrantesenigualdad.es\/index.php\/wp-json\/wp\/v2\/types\/post"}],"author":[{"embeddable":true,"href":"https:\/\/migrantesenigualdad.es\/index.php\/wp-json\/wp\/v2\/users\/1"}],"replies":[{"embeddable":true,"href":"https:\/\/migrantesenigualdad.es\/index.php\/wp-json\/wp\/v2\/comments?post=3683"}],"version-history":[{"count":0,"href":"https:\/\/migrantesenigualdad.es\/index.php\/wp-json\/wp\/v2\/posts\/3683\/revisions"}],"wp:featuredmedia":[{"embeddable":true,"href":"https:\/\/migrantesenigualdad.es\/index.php\/wp-json\/wp\/v2\/media\/3700"}],"wp:attachment":[{"href":"https:\/\/migrantesenigualdad.es\/index.php\/wp-json\/wp\/v2\/media?parent=3683"}],"wp:term":[{"taxonomy":"category","embeddable":true,"href":"https:\/\/migrantesenigualdad.es\/index.php\/wp-json\/wp\/v2\/categories?post=3683"},{"taxonomy":"post_tag","embeddable":true,"href":"https:\/\/migrantesenigualdad.es\/index.php\/wp-json\/wp\/v2\/tags?post=3683"}],"curies":[{"name":"wp","href":"https:\/\/api.w.org\/{rel}","templated":true}]}}