{"id":3662,"date":"2022-05-05T12:24:22","date_gmt":"2022-05-05T12:24:22","guid":{"rendered":"https:\/\/migrantesenigualdad.es\/?p=3662"},"modified":"2022-06-17T07:52:35","modified_gmt":"2022-06-17T07:52:35","slug":"celebramos-el-dia-mundial-del-patrimonio-africano","status":"publish","type":"post","link":"https:\/\/migrantesenigualdad.es\/index.php\/2022\/05\/05\/celebramos-el-dia-mundial-del-patrimonio-africano\/","title":{"rendered":"Celebramos El D\u00eda Mundial del Patrimonio Africano"},"content":{"rendered":"<p><span style=\"color: #333333;\">Desde el a\u00f1o 1992 y en cada 5 de mayo, la UNESCO conmemora la riqueza del patrimonio de este continente con infinitas riquezas. As\u00ed como, sus incontables curiosidades y maravillas:\u00a0<\/span><\/p>\n<ul>\n<li><span style=\"color: #ff9900;\"><span style=\"color: #333333;\">\u00a1<\/span> <span style=\"color: #333333;\">\u00c1frica tiene 54 pa\u00edses, 3.000 grupos \u00e9tnicos y tribus que hablan 1500 idiomas oficiales y otros aut\u00f3ctonos, aunque la mayor\u00eda habla el \u00e1rabe, franc\u00e9s e ingl\u00e9s!<\/span><\/span><\/li>\n<li><span style=\"color: #333333;\">\u00a1La ciudad m\u00e1s grande de \u00c1frica es Johannesburgo!<\/span><\/li>\n<li><span style=\"color: #333333;\">\u00a1En Libia se encuentra la zona m\u00e1s calurosa del planeta que llega a marcar 58 grados!: Al Azizia y se encuentra en Libia!<\/span><\/li>\n<li><span style=\"color: #333333;\">Costumbres de belleza ex\u00f3ticos: Las mujeres de la tribu Xhosa (Sud\u00e1frica) se pintan la cara de blanco para resaltar su belleza femenina, mientras que las de la tribu Karo (Etiop\u00eda) lo hacen para protegerse del sol.<\/span><\/li>\n<li><span style=\"color: #333333;\">La trenza es s\u00edmbolo de estatus social, amistad y pertenencia a una determinada tribu.<\/span><\/li>\n<li><span style=\"color: #333333;\">En la cultura Masai, el hombre con melena larga representa la fuerza, valent\u00eda y protecci\u00f3n, caracter\u00edsticas similares a la del le\u00f3n que representa el m\u00e1ximo s\u00edmbolo de fuerza.<\/span><\/li>\n<li><span style=\"color: #333333;\">\u00a0\u00a1\u00c1frica tiene la mayor cascada de agua del mundo \u2018Las Cataratas de Victoria\u2019 y est\u00e1 entre Zambia y Zimbabue!<\/span><\/li>\n<li><span style=\"color: #333333;\">En \u00c1frica se encuentra la playa m\u00e1s fotografiada del mundo: Source D\u2019Argent (la Rep\u00fablica de las Schielles).<\/span><\/li>\n<\/ul>\n<p><span style=\"color: #333333;\">\u00a1El elefante africano es el m\u00e1s grande del mundo y la jirafa africana puede llegar a medir hasta 6 metros!<\/span><\/p>\n<p><span style=\"color: #333333;\">No obstante, con la globalizaci\u00f3n y la presentaci\u00f3n del continente africano \u00fanicamente, como un continente \u00abpobre\u2019\u2019 con constantes flujos migratorios hacia el \u00abprimer mundo\u00b4\u00b4 o simplemente, tierra de safari, hace que opaca una de las caracter\u00edsticas m\u00e1s importantes de este continente: el af\u00e1n de sus tribus por conservar su cultura mediante una actitud \u00abanti-globalizatoria\u2019\u2019 . Estamos hablando de esos actores sociales que, gracias a ellos, \u00c1frica y su fauna ha conservado su esencia y que desgraciadamente, ese papel se reduce a una mera atracci\u00f3n tur\u00edstica por su <strong>exotismo<\/strong>. <\/span><\/p>\n<p><span style=\"color: #333333;\"><img data-recalc-dims=\"1\" loading=\"lazy\" decoding=\"async\" class=\"aligncenter wp-image-3671 size-full\" src=\"https:\/\/i0.wp.com\/migrantesenigualdad.es\/wp-content\/uploads\/2022\/05\/Fot6o-Science-Photo-Library.webp?resize=720%2C541&#038;ssl=1\" alt=\"\" width=\"720\" height=\"541\" srcset=\"https:\/\/migrantesenigualdad.es\/wp-content\/uploads\/2022\/05\/Fot6o-Science-Photo-Library.webp 720w, https:\/\/migrantesenigualdad.es\/wp-content\/uploads\/2022\/05\/Fot6o-Science-Photo-Library-480x361.webp 480w\" sizes=\"(min-width: 0px) and (max-width: 480px) 480px, (min-width: 481px) 720px, 100vw\" \/>El mismo exotismo que llev\u00f3 al hombre europeo del siglo XIX a exhibir a la \u00abprimitiva\u00b4\u00b4 y \u00abtan rara\u00b4\u00b4 mujer africana en el <em>Egyptian Hall <\/em>de <em>Piccadilly Circus <\/em>en 1819: se trata de la `Venus Hotentote\u2019 o Sara Baatman, una mujer africana con exuberantes curvas, semidesnuda y en una jaula y a la que se acercaban con incredulidad y manoseos.\u00a0 <\/span><\/p>\n<p><span style=\"color: #333333;\"><img data-recalc-dims=\"1\" loading=\"lazy\" decoding=\"async\" class=\"wp-image-3669 size-medium alignright\" src=\"https:\/\/i0.wp.com\/migrantesenigualdad.es\/wp-content\/uploads\/2022\/05\/Diseno-sin-titulo.png?resize=300%2C169&#038;ssl=1\" alt=\"\" width=\"300\" height=\"169\" \/>De hecho, y poniendo m\u00e1s \u00e9nfasis sobre el papel de los actores africanos, el texto del decreto de la <a style=\"color: #333333;\" href=\"https:\/\/unesdoc.unesco.org\/ark:\/48223\/pf0000235262_spa\">Conferencia General<\/a> de la <a href=\"https:\/\/unesdoc.unesco.org\/ark:\/48223\/pf0000235262_spa\">UNESCO<\/a> para la <a href=\"https:\/\/unesdoc.unesco.org\/ark:\/48223\/pf0000235262_spa\">\u00ab Proclamaci\u00f3n del 5 de mayo D\u00eda del Patrimonio Mundial Africano\u2019\u2019<\/a> empieza con lo siguiente: \u00ab\u00c1frica cuna de la humanidad\u00b4\u00b4. Lo cual nos hace reflexionar sobre las aportaciones de la poblaci\u00f3n africana y la importancia de \u00e9sta, en la diversidad cultural .<\/span><\/p>\n<p>&nbsp;<\/p>\n<p><span style=\"color: #333333;\">Sobre este punto, nos gustar\u00eda compartir el v\u00eddeo de la Fundaci\u00f3n Juan March del proyecto \u00ab<a href=\"https:\/\/www.youtube.com\/watch?v=PW7DfgRuSlo\">\u00c1frica inspira a Occidente<\/a>\u00b4\u00b4.<\/span><\/p>\n<p>&nbsp;<\/p>\n<p><iframe loading=\"lazy\" title=\"\u00c1frica inspira a Occidente: el lenguaje de la m\u00fasica africana\" width=\"1080\" height=\"608\" src=\"https:\/\/www.youtube.com\/embed\/PW7DfgRuSlo?feature=oembed\"  allow=\"accelerometer; autoplay; clipboard-write; encrypted-media; gyroscope; picture-in-picture\" allowfullscreen><\/iframe><\/p>\n","protected":false},"excerpt":{"rendered":"<p>Desde el a\u00f1o 1992 y en cada 5 de mayo, la UNESCO conmemora la riqueza del patrimonio de este continente con infinitas riquezas. As\u00ed como, sus incontables curiosidades y maravillas:\u00a0 \u00a1 \u00c1frica tiene 54 pa\u00edses, 3.000 grupos \u00e9tnicos y tribus que hablan 1500 idiomas oficiales y otros aut\u00f3ctonos, aunque la mayor\u00eda habla el \u00e1rabe, franc\u00e9s [&hellip;]<\/p>\n","protected":false},"author":1,"featured_media":3677,"comment_status":"open","ping_status":"closed","sticky":false,"template":"","format":"standard","meta":{"_et_pb_use_builder":"","_et_pb_old_content":"","_et_gb_content_width":"","_jetpack_newsletter_access":"","_jetpack_dont_email_post_to_subs":false,"_jetpack_newsletter_tier_id":0,"_jetpack_memberships_contains_paywalled_content":false,"_jetpack_feature_clip_id":0,"_jetpack_memberships_contains_paid_content":false,"footnotes":"","jetpack_post_was_ever_published":false},"categories":[104],"tags":[90,38,59,91],"class_list":["post-3662","post","type-post","status-publish","format-standard","has-post-thumbnail","hentry","category-mundo-global","tag-africa","tag-convivencia","tag-interculturalidad","tag-mundial-del-patrimonio-africano"],"jetpack_sharing_enabled":true,"jetpack_featured_media_url":"https:\/\/i0.wp.com\/migrantesenigualdad.es\/wp-content\/uploads\/2022\/05\/AFRICA.png?fit=1104%2C621&ssl=1","post_mailing_queue_ids":[],"_links":{"self":[{"href":"https:\/\/migrantesenigualdad.es\/index.php\/wp-json\/wp\/v2\/posts\/3662","targetHints":{"allow":["GET"]}}],"collection":[{"href":"https:\/\/migrantesenigualdad.es\/index.php\/wp-json\/wp\/v2\/posts"}],"about":[{"href":"https:\/\/migrantesenigualdad.es\/index.php\/wp-json\/wp\/v2\/types\/post"}],"author":[{"embeddable":true,"href":"https:\/\/migrantesenigualdad.es\/index.php\/wp-json\/wp\/v2\/users\/1"}],"replies":[{"embeddable":true,"href":"https:\/\/migrantesenigualdad.es\/index.php\/wp-json\/wp\/v2\/comments?post=3662"}],"version-history":[{"count":0,"href":"https:\/\/migrantesenigualdad.es\/index.php\/wp-json\/wp\/v2\/posts\/3662\/revisions"}],"wp:featuredmedia":[{"embeddable":true,"href":"https:\/\/migrantesenigualdad.es\/index.php\/wp-json\/wp\/v2\/media\/3677"}],"wp:attachment":[{"href":"https:\/\/migrantesenigualdad.es\/index.php\/wp-json\/wp\/v2\/media?parent=3662"}],"wp:term":[{"taxonomy":"category","embeddable":true,"href":"https:\/\/migrantesenigualdad.es\/index.php\/wp-json\/wp\/v2\/categories?post=3662"},{"taxonomy":"post_tag","embeddable":true,"href":"https:\/\/migrantesenigualdad.es\/index.php\/wp-json\/wp\/v2\/tags?post=3662"}],"curies":[{"name":"wp","href":"https:\/\/api.w.org\/{rel}","templated":true}]}}