{"id":3566,"date":"2022-05-03T11:41:14","date_gmt":"2022-05-03T11:41:14","guid":{"rendered":"https:\/\/migrantesenigualdad.es\/?p=3566"},"modified":"2022-06-08T07:51:46","modified_gmt":"2022-06-08T07:51:46","slug":"celebramos-el-dia-mundial-de-la-libertad-de-prensa","status":"publish","type":"post","link":"https:\/\/migrantesenigualdad.es\/index.php\/2022\/05\/03\/celebramos-el-dia-mundial-de-la-libertad-de-prensa\/","title":{"rendered":"Celebramos el D\u00eda Mundial de la Libertad de Prensa"},"content":{"rendered":"<p>Cada 3 de mayo, se celebra el D\u00eda Mundial de la Libertad de Prensa, un d\u00eda que fue establecido por la Organizaci\u00f3n de las Naciones Unidas (ONU) en el a\u00f1o 1993, tras la celebraci\u00f3n de la edici\u00f3n 26 de la Conferencia General de la UNESCO en 1991, que fue clave para la proclamaci\u00f3n de este d\u00eda.<\/p>\n<p><img data-recalc-dims=\"1\" loading=\"lazy\" decoding=\"async\" class=\"aligncenter wp-image-3569 size-large\" src=\"https:\/\/i0.wp.com\/migrantesenigualdad.es\/wp-content\/uploads\/2022\/05\/Para-crear-textos-geniales-como-este-selecciona-un-texto-y-presiona-la-pestana-Efectos-en-la-barra-de-herramientas-superior.-1.png?resize=1024%2C576&#038;ssl=1\" alt=\"\" width=\"1024\" height=\"576\" srcset=\"https:\/\/migrantesenigualdad.es\/wp-content\/uploads\/2022\/05\/Para-crear-textos-geniales-como-este-selecciona-un-texto-y-presiona-la-pestana-Efectos-en-la-barra-de-herramientas-superior.-1-980x551.png 980w, https:\/\/migrantesenigualdad.es\/wp-content\/uploads\/2022\/05\/Para-crear-textos-geniales-como-este-selecciona-un-texto-y-presiona-la-pestana-Efectos-en-la-barra-de-herramientas-superior.-1-480x270.png 480w\" sizes=\"(min-width: 0px) and (max-width: 480px) 480px, (min-width: 481px) and (max-width: 980px) 980px, (min-width: 981px) 1024px, 100vw\" \/><\/p>\n<p>&nbsp;<\/p>\n<p><strong><span style=\"color: #000000;\">El<\/span> <span style=\"color: #000000;\">3 de mayo<\/span><\/strong>: Se escogi\u00f3 esta fecha para coincidir con la <strong><span style=\"color: #ff9900;\">Declaraci\u00f3n de Windhoek<\/span><\/strong> (Namibia, 1991), en la que participaron varios periodistas africanos para la fomentar una prensa libre y plural. Entre los puntos a debatir en la declaraci\u00f3n, est\u00e1 por ejemplo:<\/p>\n<blockquote><p><strong>\u2018\u2019La tendencia mundial hacia la democracia y la libertad de informaci\u00f3n y de expresi\u00f3n es una contribuci\u00f3n fundamental a la realizaci\u00f3n de las aspiraciones de la humanidad.\u2019\u2019<\/strong><\/p><\/blockquote>\n<p>Entre los objetivos que se pretende alcanzar en este d\u00eda, se\u00f1alamos los siguientes:<\/p>\n<p><strong><span style=\"color: #ff9900;\">\u00a0PRIMERO:<\/span><\/strong>\u00a0 \u00a0Respetar la libertad de expresi\u00f3n<\/p>\n<p><strong><span style=\"color: #ff9900;\">SEGUNDO:<\/span><\/strong> \u00a0Evaluar la situaci\u00f3n de libertad de prensa a nivel mundial y defender su pluralidad. (sobre este punto, os invitamos a visitar el portal de Reporteros Sin Fronteras (RSF).<\/p>\n<p><strong><span style=\"color: #ff9900;\">TERCERO<\/span><span style=\"color: #ff9900;\">:\u00a0<\/span><\/strong> Evaluar y proteger la independencia de los medios de comunicaci\u00f3n.<\/p>\n<p><strong><span style=\"color: #ff9900;\">CUARTO:<\/span>\u00a0 \u00a0 <\/strong>Recordar y rendir homenaje a los periodistas que perdieron su vida mientras cumpl\u00edan con su labor de informarnos.<\/p>\n<p><a href=\"https:\/\/es.unesco.org\/commemorations\/worldpressfreedomday\"><strong><span style=\"color: #000000;\">CONFERENCIA GLOBAL DEL DIA MUNDIAL DE LA LIBERTAD DE PRENSA 2022<img data-recalc-dims=\"1\" loading=\"lazy\" decoding=\"async\" class=\"aligncenter wp-image-3570 size-full\" src=\"https:\/\/i0.wp.com\/migrantesenigualdad.es\/wp-content\/uploads\/2022\/05\/periodismo-bajo-asedio.png?resize=938%2C401&#038;ssl=1\" alt=\"\" width=\"938\" height=\"401\" srcset=\"https:\/\/migrantesenigualdad.es\/wp-content\/uploads\/2022\/05\/periodismo-bajo-asedio.png 938w, https:\/\/migrantesenigualdad.es\/wp-content\/uploads\/2022\/05\/periodismo-bajo-asedio-480x205.png 480w\" sizes=\"(min-width: 0px) and (max-width: 480px) 480px, (min-width: 481px) 938px, 100vw\" \/><\/span><\/strong><\/a><\/p>\n<p>La <strong>UNESCO<\/strong> organizar\u00e1 para este a\u00f1o, una conferencia que tendr\u00e1 lugar en Uruguay, del 2 al 5 de mayo.\u00a0 La conferencia se celebrar\u00e1 bajo el lema \u201cPeriodismo bajo asedio digital\u00bb y se centrar\u00e1 en debatir varios aspectos como <strong>la libertad de prensa en el contexto digital<\/strong>, <strong>la seguridad de los periodistas<\/strong> y el <strong>derecho de acceso a la informaci\u00f3n y privacidad<\/strong>.<\/p>\n<p>A este evento anual, asistir\u00e1n profesionales del sector, responsables pol\u00edticos, gestores de la ciberseguridad y expertos jur\u00eddicos.<\/p>\n<ul>\n<li>Si os interesa este tema, os invitamos a visitar el portal de <a href=\"https:\/\/www.rsf-es.org\/\">Reporteros Sin Fronteras (RSF)\u00a0 <\/a>donde pod\u00e9is leer y ver todas la actualidad relacionada con la libertad, independencia y pluralidad de la prensa y los medios de comunicaci\u00f3n. As\u00ed como, descargar todos los informes relacionados con las dificultades a las que se enfrentan las\/los periodistas.<\/li>\n<\/ul>\n<p>&nbsp;<\/p>\n","protected":false},"excerpt":{"rendered":"<p>Cada 3 de mayo, se celebra el D\u00eda Mundial de la Libertad de Prensa, un d\u00eda que fue establecido por la Organizaci\u00f3n de las Naciones Unidas (ONU) en el a\u00f1o 1993, tras la celebraci\u00f3n de la edici\u00f3n 26 de la Conferencia General de la UNESCO en 1991, que fue clave para la proclamaci\u00f3n de este [&hellip;]<\/p>\n","protected":false},"author":1,"featured_media":3570,"comment_status":"open","ping_status":"closed","sticky":false,"template":"","format":"standard","meta":{"_et_pb_use_builder":"","_et_pb_old_content":"","_et_gb_content_width":"","_jetpack_newsletter_access":"","_jetpack_dont_email_post_to_subs":false,"_jetpack_newsletter_tier_id":0,"_jetpack_memberships_contains_paywalled_content":false,"_jetpack_feature_clip_id":0,"_jetpack_memberships_contains_paid_content":false,"footnotes":"","jetpack_post_was_ever_published":false},"categories":[104],"tags":[43],"class_list":["post-3566","post","type-post","status-publish","format-standard","has-post-thumbnail","hentry","category-mundo-global","tag-prensa"],"jetpack_sharing_enabled":true,"jetpack_featured_media_url":"https:\/\/i0.wp.com\/migrantesenigualdad.es\/wp-content\/uploads\/2022\/05\/periodismo-bajo-asedio.png?fit=938%2C401&ssl=1","post_mailing_queue_ids":[],"_links":{"self":[{"href":"https:\/\/migrantesenigualdad.es\/index.php\/wp-json\/wp\/v2\/posts\/3566","targetHints":{"allow":["GET"]}}],"collection":[{"href":"https:\/\/migrantesenigualdad.es\/index.php\/wp-json\/wp\/v2\/posts"}],"about":[{"href":"https:\/\/migrantesenigualdad.es\/index.php\/wp-json\/wp\/v2\/types\/post"}],"author":[{"embeddable":true,"href":"https:\/\/migrantesenigualdad.es\/index.php\/wp-json\/wp\/v2\/users\/1"}],"replies":[{"embeddable":true,"href":"https:\/\/migrantesenigualdad.es\/index.php\/wp-json\/wp\/v2\/comments?post=3566"}],"version-history":[{"count":0,"href":"https:\/\/migrantesenigualdad.es\/index.php\/wp-json\/wp\/v2\/posts\/3566\/revisions"}],"wp:featuredmedia":[{"embeddable":true,"href":"https:\/\/migrantesenigualdad.es\/index.php\/wp-json\/wp\/v2\/media\/3570"}],"wp:attachment":[{"href":"https:\/\/migrantesenigualdad.es\/index.php\/wp-json\/wp\/v2\/media?parent=3566"}],"wp:term":[{"taxonomy":"category","embeddable":true,"href":"https:\/\/migrantesenigualdad.es\/index.php\/wp-json\/wp\/v2\/categories?post=3566"},{"taxonomy":"post_tag","embeddable":true,"href":"https:\/\/migrantesenigualdad.es\/index.php\/wp-json\/wp\/v2\/tags?post=3566"}],"curies":[{"name":"wp","href":"https:\/\/api.w.org\/{rel}","templated":true}]}}