{"id":2999,"date":"2022-03-23T13:39:46","date_gmt":"2022-03-23T13:39:46","guid":{"rendered":"https:\/\/migrantesenigualdad.es\/?p=2999"},"modified":"2022-06-08T07:52:19","modified_gmt":"2022-06-08T07:52:19","slug":"2999","status":"publish","type":"post","link":"https:\/\/migrantesenigualdad.es\/index.php\/2022\/03\/23\/2999\/","title":{"rendered":"D\u00eda Internacional de la Eliminaci\u00f3n de la Discriminaci\u00f3n Racial"},"content":{"rendered":"<div style=\"width: 1080px;\" class=\"wp-video\"><video class=\"wp-video-shortcode\" id=\"video-2999-1\" width=\"1080\" height=\"608\" preload=\"metadata\" controls=\"controls\"><source type=\"video\/mp4\" src=\"https:\/\/migrantesenigualdad.es\/wp-content\/uploads\/2022\/03\/X2Download.com-El-Origen-del-Dia-Internacional-de-la-Eliminacion-de-la-Discriminacion-Racial.mp4?_=1\" \/><a href=\"https:\/\/migrantesenigualdad.es\/wp-content\/uploads\/2022\/03\/X2Download.com-El-Origen-del-Dia-Internacional-de-la-Eliminacion-de-la-Discriminacion-Racial.mp4\">https:\/\/migrantesenigualdad.es\/wp-content\/uploads\/2022\/03\/X2Download.com-El-Origen-del-Dia-Internacional-de-la-Eliminacion-de-la-Discriminacion-Racial.mp4<\/a><\/video><\/div>\n<div class=\"kvgmc6g5 cxmmr5t8 oygrvhab hcukyx3x c1et5uql\">\n<div dir=\"auto\">\u00bfSab\u00edas por qu\u00e9 se conmemora el 21 de marzo como el D\u00eda Internacional de la Eliminaci\u00f3n de la Discriminaci\u00f3n Racial?<\/div>\n<\/div>\n<div class=\"cxmmr5t8 oygrvhab hcukyx3x c1et5uql o9v6fnle\">\n<div dir=\"auto\">\u00a1Desde Migrantes en Igualdad, de la Fundaci\u00f3n M\u00e1rgenes y V\u00ednculos te lo contamos!<\/div>\n<\/div>\n<p>&nbsp;<\/p>\n<div class=\"e5nlhep0 nu4hu5il eg9m0zos\">\n<div class=\"kvgmc6g5 cxmmr5t8 oygrvhab hcukyx3x c1et5uql\">\n<div dir=\"auto\"><\/div>\n<\/div>\n<div class=\"cxmmr5t8 oygrvhab hcukyx3x c1et5uql o9v6fnle\">\n<div dir=\"auto\"><\/div>\n<\/div>\n<\/div>\n","protected":false},"excerpt":{"rendered":"<p>\u00bfSab\u00edas por qu\u00e9 se conmemora el 21 de marzo como el D\u00eda Internacional de la Eliminaci\u00f3n de la Discriminaci\u00f3n Racial?<br \/>\n\u00a1Desde Migrantes en Igualdad, de la Fundaci\u00f3n M\u00e1rgenes y V\u00ednculos te lo contamos!?<\/p>\n","protected":false},"author":1,"featured_media":3007,"comment_status":"open","ping_status":"closed","sticky":false,"template":"","format":"standard","meta":{"_et_pb_use_builder":"","_et_pb_old_content":"","_et_gb_content_width":"","_jetpack_newsletter_access":"","_jetpack_dont_email_post_to_subs":false,"_jetpack_newsletter_tier_id":0,"_jetpack_memberships_contains_paywalled_content":false,"_jetpack_feature_clip_id":0,"_jetpack_memberships_contains_paid_content":false,"footnotes":"","jetpack_post_was_ever_published":false},"categories":[104],"tags":[13,50,16,17,15,59,14],"class_list":["post-2999","post","type-post","status-publish","format-standard","has-post-thumbnail","hentry","category-mundo-global","tag-antirracismo","tag-campo-de-gibraltar","tag-delito-de-odio","tag-discurso-de-odio","tag-igualdad","tag-interculturalidad","tag-migrantes"],"jetpack_sharing_enabled":true,"jetpack_featured_media_url":"https:\/\/i0.wp.com\/migrantesenigualdad.es\/wp-content\/uploads\/2022\/03\/21-marzo-1.png?fit=806%2C496&ssl=1","post_mailing_queue_ids":[],"_links":{"self":[{"href":"https:\/\/migrantesenigualdad.es\/index.php\/wp-json\/wp\/v2\/posts\/2999","targetHints":{"allow":["GET"]}}],"collection":[{"href":"https:\/\/migrantesenigualdad.es\/index.php\/wp-json\/wp\/v2\/posts"}],"about":[{"href":"https:\/\/migrantesenigualdad.es\/index.php\/wp-json\/wp\/v2\/types\/post"}],"author":[{"embeddable":true,"href":"https:\/\/migrantesenigualdad.es\/index.php\/wp-json\/wp\/v2\/users\/1"}],"replies":[{"embeddable":true,"href":"https:\/\/migrantesenigualdad.es\/index.php\/wp-json\/wp\/v2\/comments?post=2999"}],"version-history":[{"count":0,"href":"https:\/\/migrantesenigualdad.es\/index.php\/wp-json\/wp\/v2\/posts\/2999\/revisions"}],"wp:featuredmedia":[{"embeddable":true,"href":"https:\/\/migrantesenigualdad.es\/index.php\/wp-json\/wp\/v2\/media\/3007"}],"wp:attachment":[{"href":"https:\/\/migrantesenigualdad.es\/index.php\/wp-json\/wp\/v2\/media?parent=2999"}],"wp:term":[{"taxonomy":"category","embeddable":true,"href":"https:\/\/migrantesenigualdad.es\/index.php\/wp-json\/wp\/v2\/categories?post=2999"},{"taxonomy":"post_tag","embeddable":true,"href":"https:\/\/migrantesenigualdad.es\/index.php\/wp-json\/wp\/v2\/tags?post=2999"}],"curies":[{"name":"wp","href":"https:\/\/api.w.org\/{rel}","templated":true}]}}