{"id":2904,"date":"2021-12-31T10:47:54","date_gmt":"2021-12-31T10:47:54","guid":{"rendered":"https:\/\/migrantesenigualdad.es\/?p=2904"},"modified":"2022-06-08T07:52:30","modified_gmt":"2022-06-08T07:52:30","slug":"cerramos-ano-2021","status":"publish","type":"post","link":"https:\/\/migrantesenigualdad.es\/index.php\/2021\/12\/31\/cerramos-ano-2021\/","title":{"rendered":"Cerramos a\u00f1o 2021"},"content":{"rendered":"<p>[et_pb_section fb_built=\u00bb1&#8243; _builder_version=\u00bb3.22&#8243; custom_padding=\u00bb0px|||||\u00bb global_colors_info=\u00bb{}\u00bb][et_pb_row _builder_version=\u00bb4.2.2&#8243; background_size=\u00bbinitial\u00bb background_position=\u00bbtop_left\u00bb background_repeat=\u00bbrepeat\u00bb min_height=\u00bb84px\u00bb custom_margin=\u00bb|auto|-29px|auto|false|false\u00bb global_colors_info=\u00bb{}\u00bb][et_pb_column type=\u00bb4_4&#8243; _builder_version=\u00bb3.25&#8243; custom_padding=\u00bb|||\u00bb global_colors_info=\u00bb{}\u00bb custom_padding__hover=\u00bb|||\u00bb][et_pb_text _builder_version=\u00bb4.10.6&#8243; _module_preset=\u00bbdefault\u00bb text_font=\u00bbAleo||||||||\u00bb global_colors_info=\u00bb{}\u00bb]<\/p>\n<p style=\"text-align: justify;\"><span style=\"font-size: large; text-align: justify;\">Empezamos el a\u00f1o con un equipo que ha ido creciendo y cambiando poco a poco y unas actividades programadas que nos pon\u00edan un reto por delante. Ahora lo cerramos con la satisfacci\u00f3n de haber hecho todas y cada una de ellas y de poder recordarlas con ilusi\u00f3n.<\/span><\/p>\n<p>[\/et_pb_text][et_pb_text _builder_version=\u00bb4.10.6&#8243; _module_preset=\u00bbdefault\u00bb text_font=\u00bbAleo||||||||\u00bb global_colors_info=\u00bb{}\u00bb]<\/p>\n<p style=\"text-align: justify;\"><span style=\"font-size: large; text-align: justify;\">Realizamos\u00a0\u00a0<\/span><span style=\"font-size: large;\">la\u00a0<\/span><a style=\"font-size: large;\" href=\"https:\/\/migrantesenigualdad.es\/index.php\/espaciolibrederacismo\/\">campa\u00f1a Espacios Libres de Racismo <\/a><span style=\"font-size: large;\">que nos llev\u00f3 a los 8 municipios del Campo de Gibraltar y nos han dado la oportunidad de conocer a vecinos y vecinas en sus establecimientos comprometidos con una convivencia intercultural<\/span><span style=\"font-size: large;\">.\u00a0<\/span><\/p>\n<p>[\/et_pb_text][et_pb_text _builder_version=\u00bb4.10.6&#8243; _module_preset=\u00bbdefault\u00bb text_font=\u00bbAleo||||||||\u00bb global_colors_info=\u00bb{}\u00bb]<\/p>\n<p style=\"text-align: justify;\"><span style=\"font-size: large; text-align: justify;\">Con la <a href=\"https:\/\/migrantesenigualdad.es\/index.php\/biblioteca-humana-campogibraltar\/\">Biblioteca Humana<\/a> llevamos a los y las vecinas de San Roque y La L\u00ednea la posibilidad de superar la zona de confort, de acercarse y mantener conversaciones con personas que se abrieron para compartir su experiencia de vida.<\/span><\/p>\n<p>[\/et_pb_text][\/et_pb_column][\/et_pb_row][et_pb_row column_structure=\u00bb1_5,1_5,1_5,1_5,1_5&#8243; _builder_version=\u00bb4.2.2&#8243; background_size=\u00bbinitial\u00bb background_position=\u00bbtop_left\u00bb background_repeat=\u00bbrepeat\u00bb min_height=\u00bb84px\u00bb custom_margin=\u00bb|auto|-29px|auto|false|false\u00bb global_colors_info=\u00bb{}\u00bb][et_pb_column type=\u00bb1_5&#8243; _builder_version=\u00bb3.25&#8243; custom_padding=\u00bb|||\u00bb global_colors_info=\u00bb{}\u00bb custom_padding__hover=\u00bb|||\u00bb][et_pb_number_counter title=\u00bbVoluntarias\u00bb number=\u00bb5&#8243; percent_sign=\u00bboff\u00bb _builder_version=\u00bb4.10.6&#8243; _module_preset=\u00bbdefault\u00bb number_text_color=\u00bb#518cc4&#8243; global_colors_info=\u00bb{}\u00bb][\/et_pb_number_counter][\/et_pb_column][et_pb_column type=\u00bb1_5&#8243; _builder_version=\u00bb3.25&#8243; custom_padding=\u00bb|||\u00bb global_colors_info=\u00bb{}\u00bb custom_padding__hover=\u00bb|||\u00bb][et_pb_number_counter title=\u00bbPersonas atendidas\u00bb number=\u00bb13&#8243; percent_sign=\u00bboff\u00bb _builder_version=\u00bb4.10.6&#8243; _module_preset=\u00bbdefault\u00bb number_text_color=\u00bb#518cc4&#8243; global_colors_info=\u00bb{}\u00bb][\/et_pb_number_counter][\/et_pb_column][et_pb_column type=\u00bb1_5&#8243; _builder_version=\u00bb3.25&#8243; custom_padding=\u00bb|||\u00bb global_colors_info=\u00bb{}\u00bb custom_padding__hover=\u00bb|||\u00bb][et_pb_number_counter title=\u00bbParticipantes capacitaci\u00f3n\u00bb number=\u00bb64&#8243; percent_sign=\u00bboff\u00bb _builder_version=\u00bb4.10.6&#8243; _module_preset=\u00bbdefault\u00bb number_text_color=\u00bb#518cc4&#8243; global_colors_info=\u00bb{}\u00bb][\/et_pb_number_counter][\/et_pb_column][et_pb_column type=\u00bb1_5&#8243; _builder_version=\u00bb3.25&#8243; custom_padding=\u00bb|||\u00bb global_colors_info=\u00bb{}\u00bb custom_padding__hover=\u00bb|||\u00bb][et_pb_number_counter title=\u00bbColectivos en la red\u00bb number=\u00bb18&#8243; percent_sign=\u00bboff\u00bb _builder_version=\u00bb4.10.6&#8243; _module_preset=\u00bbdefault\u00bb number_text_color=\u00bb#518cc4&#8243; global_colors_info=\u00bb{}\u00bb][\/et_pb_number_counter][\/et_pb_column][et_pb_column type=\u00bb1_5&#8243; _builder_version=\u00bb3.25&#8243; custom_padding=\u00bb|||\u00bb global_colors_info=\u00bb{}\u00bb custom_padding__hover=\u00bb|||\u00bb][et_pb_number_counter title=\u00bbV\u00eddeos editados\u00bb number=\u00bb25&#8243; percent_sign=\u00bboff\u00bb _builder_version=\u00bb4.10.6&#8243; _module_preset=\u00bbdefault\u00bb number_text_color=\u00bb#518cc4&#8243; global_colors_info=\u00bb{}\u00bb][\/et_pb_number_counter][\/et_pb_column][\/et_pb_row][et_pb_row column_structure=\u00bb3_5,2_5&#8243; _builder_version=\u00bb4.2.2&#8243; background_size=\u00bbinitial\u00bb background_position=\u00bbtop_left\u00bb background_repeat=\u00bbrepeat\u00bb min_height=\u00bb84px\u00bb custom_margin=\u00bb|auto|-29px|auto|false|false\u00bb global_colors_info=\u00bb{}\u00bb][et_pb_column type=\u00bb3_5&#8243; _builder_version=\u00bb3.25&#8243; custom_padding=\u00bb|||\u00bb global_colors_info=\u00bb{}\u00bb custom_padding__hover=\u00bb|||\u00bb][et_pb_text _builder_version=\u00bb4.10.6&#8243; _module_preset=\u00bbdefault\u00bb text_font=\u00bbAleo||||||||\u00bb global_colors_info=\u00bb{}\u00bb]<\/p>\n<p style=\"text-align: justify;\"><span style=\"font-size: large; text-align: justify;\">Hemos conectado los 8 municipios de la comarca y Ceuta y hemos reflexionado con personas referente sobre delitos y discursos de odio a nivel local, porque en temas complicados, no hay nada como un buen trabajo en red.<\/span><\/p>\n<p>[\/et_pb_text][et_pb_text _builder_version=\u00bb4.10.6&#8243; _module_preset=\u00bbdefault\u00bb text_font=\u00bbAleo||||||||\u00bb global_colors_info=\u00bb{}\u00bb]<\/p>\n<p style=\"text-align: justify;\"><span style=\"font-size: large; text-align: justify;\">Hemos asesorado a (posibles) v\u00edctimas de incidentes de odio, personas que ten\u00edan la sensaci\u00f3n de que algo no hab\u00eda ido bien y, al acudir a <a href=\"https:\/\/migrantesenigualdad.es\/index.php\/que-hacemos-servicios-actividades\/\">nuestro servicio de atenci\u00f3n<\/a>, se han sentido reconfortadas, han averiguado que lo que les hab\u00eda pasado tiene nombre y que tienen unos derechos que pueden ejercer.<\/span><\/p>\n<p>[\/et_pb_text][\/et_pb_column][et_pb_column type=\u00bb2_5&#8243; _builder_version=\u00bb3.25&#8243; custom_padding=\u00bb|||\u00bb global_colors_info=\u00bb{}\u00bb custom_padding__hover=\u00bb|||\u00bb][et_pb_image src=\u00bbhttps:\/\/migrantesenigualdad.es\/wp-content\/uploads\/2021\/12\/170781945_116338493821874_3156780394181575979_n.png\u00bb title_text=\u00bb170781945_116338493821874_3156780394181575979_n\u00bb _builder_version=\u00bb4.10.6&#8243; _module_preset=\u00bbdefault\u00bb global_colors_info=\u00bb{}\u00bb][\/et_pb_image][\/et_pb_column][\/et_pb_row][et_pb_row _builder_version=\u00bb4.2.2&#8243; background_size=\u00bbinitial\u00bb background_position=\u00bbtop_left\u00bb background_repeat=\u00bbrepeat\u00bb min_height=\u00bb84px\u00bb custom_margin=\u00bb|auto|-29px|auto|false|false\u00bb global_colors_info=\u00bb{}\u00bb][et_pb_column type=\u00bb4_4&#8243; _builder_version=\u00bb3.25&#8243; custom_padding=\u00bb|||\u00bb global_colors_info=\u00bb{}\u00bb custom_padding__hover=\u00bb|||\u00bb][et_pb_text _builder_version=\u00bb4.10.6&#8243; _module_preset=\u00bbdefault\u00bb text_font=\u00bbAleo||||||||\u00bb global_colors_info=\u00bb{}\u00bb]<\/p>\n<p style=\"text-align: justify;\"><span style=\"font-size: large; text-align: justify;\">Hemos capacitado a agentes sociales para poder detectar delitos y discursos de odio, para poder defenderse y proteger a posibles v\u00edctimas, para recoger argumentos y usarlos en su vida personal y laboral y hemos profundizado en los conocimientos y la reflexi\u00f3n en un <a href=\"https:\/\/migrantesenigualdad.es\/index.php\/curso-online-racismo-xenofobia\/\">curso online<\/a> con un recibimiento tan sorprendente que nos hace pensar lo necesario que sigue siendo hablar de racismo, pensar en antirracismo y actuar.<\/span><\/p>\n<p>[\/et_pb_text][et_pb_text _builder_version=\u00bb4.10.6&#8243; _module_preset=\u00bbdefault\u00bb text_font=\u00bbAleo||||||||\u00bb global_colors_info=\u00bb{}\u00bb]<\/p>\n<p style=\"text-align: justify;\"><span style=\"font-size: large; text-align: justify;\">Hemos trabajado para crear una narrativa alternativa a los discursos de odio y dado herramientas para contrarrestar bulos y noticias falsas en nuestras redes sociales, acercando personas a personas, creyendo que ante el odio hay que crear comunidad. Para ello, hemos entrevistado a personas sobre sus <a href=\"https:\/\/migrantesenigualdad.es\/index.php\/tag\/historias-de-vida\/\">experiencias de vida<\/a> pero tambi\u00e9n sobre muchas otras cosas en una de nuestras secciones favoritas: <a href=\"https:\/\/migrantesenigualdad.es\/index.php\/tag\/no-vengo-a-hablar-de-racismo\/\">No vengo a hablar de racismo<\/a>.<\/span><\/p>\n<p>[\/et_pb_text][et_pb_text _builder_version=\u00bb4.10.6&#8243; _module_preset=\u00bbdefault\u00bb text_font=\u00bbAleo||||||||\u00bb global_colors_info=\u00bb{}\u00bb]<\/p>\n<p style=\"text-align: justify;\"><span style=\"font-size: large; text-align: justify;\">Hemos analizado noticias publicadas en medios de comunicaci\u00f3n locales en <a href=\"https:\/\/migrantesenigualdad.es\/index.php\/observatorio-de-medios\/\">nuestro observatorio<\/a> y hemos organizado en Tarifa y Ceuta una <a href=\"https:\/\/migrantesenigualdad.es\/index.php\/jornada-de-periodismo\/\">jornada de periodismo y discursos de odio<\/a> en la que han participado profesionales de la comunicaci\u00f3n de distintos puntos del pa\u00eds, periodistas de ambas orillas del Estrecho y personas implicadas personal y laboralmente con la defensa de los derechos humanos.<\/span><\/p>\n<p>[\/et_pb_text][et_pb_text _builder_version=\u00bb4.10.6&#8243; _module_preset=\u00bbdefault\u00bb text_font=\u00bbAleo||||||||\u00bb global_colors_info=\u00bb{}\u00bb]<\/p>\n<p style=\"text-align: justify;\"><span style=\"font-size: large; text-align: justify;\">Hemos elaborado materiales pr\u00e1cticos y accesibles, como nuestra <a href=\"https:\/\/migrantesenigualdad.es\/wp-content\/uploads\/2021\/06\/Guia-breve-para-victimas-de-delitos-de-odio.pdf\">Gu\u00eda breve para v\u00edctima de delitos de odio<\/a>, en el que damos pautas concretas ante un incidente de odio, o nuestro <a href=\"https:\/\/migrantesenigualdad.es\/index.php\/2021\/12\/28\/manual-practico-delitos-discursos-odio\/\">Manual pr\u00e1ctico de actuaci\u00f3n ante el racismo, la xenofobia y otras formas de intolerancia asociadas<\/a>.<\/span><\/p>\n<p>[\/et_pb_text][\/et_pb_column][\/et_pb_row][et_pb_row _builder_version=\u00bb4.2.2&#8243; background_size=\u00bbinitial\u00bb background_position=\u00bbtop_left\u00bb background_repeat=\u00bbrepeat\u00bb min_height=\u00bb84px\u00bb custom_margin=\u00bb|auto|-29px|auto|false|false\u00bb global_colors_info=\u00bb{}\u00bb][et_pb_column type=\u00bb4_4&#8243; _builder_version=\u00bb3.25&#8243; custom_padding=\u00bb|||\u00bb global_colors_info=\u00bb{}\u00bb custom_padding__hover=\u00bb|||\u00bb][et_pb_text _builder_version=\u00bb4.10.6&#8243; _module_preset=\u00bbdefault\u00bb text_font=\u00bbAleo||||||||\u00bb inline_fonts=\u00bbAbril Fatface\u00bb global_colors_info=\u00bb{}\u00bb]<\/p>\n<p style=\"text-align: justify;\"><span style=\"font-size: large; text-align: justify;\">Dejamos el a\u00f1o compartiendo un v\u00eddeo con nuestras actividades m\u00e1s destacadas. Esperamos que lo disfrut\u00e9is tanto como lo hemos hecho nosotrxs.<\/span><\/p>\n<p>[\/et_pb_text][et_pb_video src=\u00bbhttps:\/\/migrantesenigualdad.es\/wp-content\/uploads\/2021\/12\/video-rdp-10-dic-mei.mp4&#8243; image_src=\u00bbhttps:\/\/migrantesenigualdad.es\/wp-content\/uploads\/2021\/12\/Captura-de-pantalla-145.png\u00bb _builder_version=\u00bb4.10.6&#8243; _module_preset=\u00bbdefault\u00bb global_colors_info=\u00bb{}\u00bb][\/et_pb_video][\/et_pb_column][\/et_pb_row][\/et_pb_section]<\/p>\n","protected":false},"excerpt":{"rendered":"<p>Empezamos el a\u00f1o con un equipo que ha ido creciendo y cambiando poco a poco y unas actividades programadas que nos pon\u00edan un reto por delante. Ahora lo cerramos con la satisfacci\u00f3n de haber hecho todas y cada una de ellas y de poder recordarlas con ilusi\u00f3n. Realizamos\u00a0\u00a0la\u00a0campa\u00f1a Espacios Libres de Racismo que nos llev\u00f3 [&hellip;]<\/p>\n","protected":false},"author":1,"featured_media":2920,"comment_status":"open","ping_status":"closed","sticky":false,"template":"","format":"standard","meta":{"_et_pb_use_builder":"on","_et_pb_old_content":"","_et_gb_content_width":"","_jetpack_newsletter_access":"","_jetpack_dont_email_post_to_subs":false,"_jetpack_newsletter_tier_id":0,"_jetpack_memberships_contains_paywalled_content":false,"_jetpack_feature_clip_id":0,"_jetpack_memberships_contains_paid_content":false,"footnotes":"","jetpack_post_was_ever_published":false},"categories":[104],"tags":[13,46,50,42,54,37],"class_list":["post-2904","post","type-post","status-publish","format-standard","has-post-thumbnail","hentry","category-mundo-global","tag-antirracismo","tag-buenas-practicas","tag-campo-de-gibraltar","tag-ceuta","tag-companerismo","tag-empatia"],"jetpack_sharing_enabled":true,"jetpack_featured_media_url":"https:\/\/i0.wp.com\/migrantesenigualdad.es\/wp-content\/uploads\/2021\/12\/cierre-1.png?fit=806%2C496&ssl=1","post_mailing_queue_ids":[],"_links":{"self":[{"href":"https:\/\/migrantesenigualdad.es\/index.php\/wp-json\/wp\/v2\/posts\/2904","targetHints":{"allow":["GET"]}}],"collection":[{"href":"https:\/\/migrantesenigualdad.es\/index.php\/wp-json\/wp\/v2\/posts"}],"about":[{"href":"https:\/\/migrantesenigualdad.es\/index.php\/wp-json\/wp\/v2\/types\/post"}],"author":[{"embeddable":true,"href":"https:\/\/migrantesenigualdad.es\/index.php\/wp-json\/wp\/v2\/users\/1"}],"replies":[{"embeddable":true,"href":"https:\/\/migrantesenigualdad.es\/index.php\/wp-json\/wp\/v2\/comments?post=2904"}],"version-history":[{"count":0,"href":"https:\/\/migrantesenigualdad.es\/index.php\/wp-json\/wp\/v2\/posts\/2904\/revisions"}],"wp:featuredmedia":[{"embeddable":true,"href":"https:\/\/migrantesenigualdad.es\/index.php\/wp-json\/wp\/v2\/media\/2920"}],"wp:attachment":[{"href":"https:\/\/migrantesenigualdad.es\/index.php\/wp-json\/wp\/v2\/media?parent=2904"}],"wp:term":[{"taxonomy":"category","embeddable":true,"href":"https:\/\/migrantesenigualdad.es\/index.php\/wp-json\/wp\/v2\/categories?post=2904"},{"taxonomy":"post_tag","embeddable":true,"href":"https:\/\/migrantesenigualdad.es\/index.php\/wp-json\/wp\/v2\/tags?post=2904"}],"curies":[{"name":"wp","href":"https:\/\/api.w.org\/{rel}","templated":true}]}}