{"id":2874,"date":"2021-12-28T12:23:41","date_gmt":"2021-12-28T12:23:41","guid":{"rendered":"https:\/\/migrantesenigualdad.es\/?p=2874"},"modified":"2021-12-29T07:15:03","modified_gmt":"2021-12-29T07:15:03","slug":"manual-practico-delitos-discursos-odio","status":"publish","type":"post","link":"https:\/\/migrantesenigualdad.es\/index.php\/2021\/12\/28\/manual-practico-delitos-discursos-odio\/","title":{"rendered":"Nuestro manual pr\u00e1ctico de actuaci\u00f3n"},"content":{"rendered":"<p>[et_pb_section fb_built=\u00bb1&#8243; _builder_version=\u00bb3.22&#8243; custom_padding=\u00bb0px|||||\u00bb global_colors_info=\u00bb{}\u00bb][et_pb_row _builder_version=\u00bb4.2.2&#8243; background_size=\u00bbinitial\u00bb background_position=\u00bbtop_left\u00bb background_repeat=\u00bbrepeat\u00bb min_height=\u00bb84px\u00bb custom_margin=\u00bb|auto|-29px|auto|false|false\u00bb global_colors_info=\u00bb{}\u00bb][et_pb_column type=\u00bb4_4&#8243; _builder_version=\u00bb3.25&#8243; custom_padding=\u00bb|||\u00bb global_colors_info=\u00bb{}\u00bb custom_padding__hover=\u00bb|||\u00bb][et_pb_text _builder_version=\u00bb4.10.6&#8243; _module_preset=\u00bbdefault\u00bb text_font=\u00bbAleo||||||||\u00bb global_colors_info=\u00bb{}\u00bb]<\/p>\n<p style=\"text-align: justify;\"><span style=\"font-size: large; text-align: justify;\">Hace unos meses, publicamos una <em>Gu\u00eda breve para v\u00edctimas de delitos de odio<\/em> y observamos que hab\u00eda mucho que contar. Para ampliar los contenidos de esta gu\u00eda y de otros materiales que hemos ido editando, hemos elaborado un manual pr\u00e1ctico para que sirva de apoyo a la hora de actuar con aquella poblaci\u00f3n susceptible de sufrir delitos de odio por racismo y xenofobia. <\/span><\/p>\n<p style=\"text-align: justify;\"><span style=\"font-size: large; text-align: justify;\">Al estar redactado por un <strong>equipo multidisciplinar,<\/strong> este manual pretende abordar los delitos y discursos de odio desde distintos \u00e1mbitos y con distintas perspectivas. <\/span><\/p>\n<p style=\"text-align: justify;\"><span style=\"font-size: large; text-align: justify;\">El manual consta de seis cap\u00edtulos, que resumimos a continuaci\u00f3n.<\/span><\/p>\n<p>[\/et_pb_text][\/et_pb_column][\/et_pb_row][et_pb_row column_structure=\u00bb1_3,2_3&#8243; _builder_version=\u00bb4.2.2&#8243; background_size=\u00bbinitial\u00bb background_position=\u00bbtop_left\u00bb background_repeat=\u00bbrepeat\u00bb min_height=\u00bb84px\u00bb custom_margin=\u00bb|auto|-29px|auto|false|false\u00bb global_colors_info=\u00bb{}\u00bb][et_pb_column type=\u00bb1_3&#8243; _builder_version=\u00bb3.25&#8243; custom_padding=\u00bb|||\u00bb global_colors_info=\u00bb{}\u00bb custom_padding__hover=\u00bb|||\u00bb][et_pb_image src=\u00bbhttps:\/\/migrantesenigualdad.es\/wp-content\/uploads\/2021\/12\/indice-1.jpg\u00bb title_text=\u00bb\u00edndice 1&#8243; _builder_version=\u00bb4.10.6&#8243; _module_preset=\u00bbdefault\u00bb global_colors_info=\u00bb{}\u00bb][\/et_pb_image][\/et_pb_column][et_pb_column type=\u00bb2_3&#8243; _builder_version=\u00bb3.25&#8243; custom_padding=\u00bb|||\u00bb global_colors_info=\u00bb{}\u00bb custom_padding__hover=\u00bb|||\u00bb][et_pb_image src=\u00bbhttps:\/\/migrantesenigualdad.es\/wp-content\/uploads\/2021\/12\/indice_page-0001.jpg\u00bb title_text=\u00bb\u00edndice_page-0001&#8243; _builder_version=\u00bb4.10.6&#8243; _module_preset=\u00bbdefault\u00bb global_colors_info=\u00bb{}\u00bb][\/et_pb_image][\/et_pb_column][\/et_pb_row][et_pb_row _builder_version=\u00bb4.2.2&#8243; background_size=\u00bbinitial\u00bb background_position=\u00bbtop_left\u00bb background_repeat=\u00bbrepeat\u00bb min_height=\u00bb84px\u00bb custom_margin=\u00bb|auto|-29px|auto|false|false\u00bb global_colors_info=\u00bb{}\u00bb][et_pb_column type=\u00bb4_4&#8243; _builder_version=\u00bb3.25&#8243; custom_padding=\u00bb|||\u00bb global_colors_info=\u00bb{}\u00bb custom_padding__hover=\u00bb|||\u00bb][et_pb_text _builder_version=\u00bb4.10.6&#8243; _module_preset=\u00bbdefault\u00bb text_font=\u00bbAleo||||||||\u00bb inline_fonts=\u00bbAbril Fatface\u00bb global_colors_info=\u00bb{}\u00bb]<\/p>\n<p style=\"text-align: justify;\"><span style=\"font-size: large; text-align: justify;\">En el <span style=\"font-family: 'Abril Fatface'; font-weight: normal; color: #5588c7;\">cap\u00edtulo 1<\/span> explicamos los conceptos racismo, xenofobia, islamofobia, antigitanismo, LGTBIfobia y aporofobia, profundizamos en c\u00f3mo se construyen y aportamos algunas claves para ayudar a crear nuevas narrativas para contrarrestarlos, a partir de una comprensi\u00f3n cr\u00edtica y amplia. <\/span><\/p>\n<p style=\"text-align: justify;\"><span style=\"font-size: large; text-align: justify;\">En el <span style=\"font-family: 'Abril Fatface'; font-weight: normal; color: #e28f03;\">cap\u00edtulo 2<\/span> acercamos los conceptos estereotipos y prejuicios, porque su comprensi\u00f3n es clave para su detecci\u00f3n e incluimos informaci\u00f3n y consejos sobre c\u00f3mo desmontar prejuicios hacia diversos colectivos: personas negras, migrantes, musulmanas, gitanas, LGTBI y en situaci\u00f3n de pobreza y lo hacemos a partir de dos acciones, aportando datos y generando empat\u00eda. <\/span><\/p>\n<p style=\"text-align: justify;\"><span style=\"font-size: large; text-align: justify;\">En el <span style=\"font-family: 'Abril Fatface'; font-weight: normal; color: #b01922;\">cap\u00edtulo 3<\/span> definimos qu\u00e9 es delito de odio, discurso de odio y ciberodio y exponemos la legislaci\u00f3n espa\u00f1ola y parte de la jurisprudencia relevante en este campo. Tambi\u00e9n apuntamos las dificultades para perseguir esta clase de delitos y aportamos algunas herramientas \u00fatiles en caso de denuncia.<\/span><\/p>\n<p>[\/et_pb_text][et_pb_image src=\u00bbhttps:\/\/migrantesenigualdad.es\/wp-content\/uploads\/2021\/12\/Manual-53_page-0001.jpg\u00bb title_text=\u00bbManual 53_page-0001&#8243; _builder_version=\u00bb4.10.6&#8243; _module_preset=\u00bbdefault\u00bb global_colors_info=\u00bb{}\u00bb][\/et_pb_image][et_pb_text _builder_version=\u00bb4.10.6&#8243; _module_preset=\u00bbdefault\u00bb text_font=\u00bbAleo||||||||\u00bb inline_fonts=\u00bbAbril Fatface\u00bb global_colors_info=\u00bb{}\u00bb]<\/p>\n<p style=\"text-align: justify;\"><span style=\"font-size: large; text-align: justify;\">En el <span style=\"font-family: 'Abril Fatface'; font-weight: normal; color: #614695;\">cap\u00edtulo 4 <\/span>tratamos la atenci\u00f3n a la v\u00edctima del delito de odio con una aproximaci\u00f3n integral que contempla la acci\u00f3n interdisciplinaria, la importancia de secuenciar la intervenci\u00f3n y la necesidad de que se impliquen distintas instituciones. Adem\u00e1s, repasamos el estatuto de la v\u00edctima y recordamos sus derechos uno a uno. <\/span><\/p>\n<p style=\"text-align: justify;\"><span style=\"font-size: large; text-align: justify;\">En el <span style=\"font-family: 'Abril Fatface'; font-weight: normal; color: #a4b21f;\">cap\u00edtulo 5<\/span> desarrollamos algunos conceptos te\u00f3ricos b\u00e1sicos para reflexionar sobre la influencia que ejercen los medios en nuestra percepci\u00f3n de la realidad y aportamos algunas recomendaciones para informar sobre migraciones y diversidad \u00e9tnico-cultural. Para facilitar la aplicaci\u00f3n de dichas recomendaciones, comparamos cinco buenas y cinco malas pr\u00e1cticas period\u00edsticas. Adem\u00e1s, incluimos varios apartados pr\u00e1cticos sobre c\u00f3mo detectar bulos, c\u00f3mo construir nuevas narrativas y c\u00f3mo contrarrestar el discurso de odio en redes. <\/span><\/p>\n<p style=\"text-align: justify;\"><span style=\"font-size: large; text-align: justify;\">El <span style=\"font-family: 'Abril Fatface'; color: #e6007e;\">cap\u00edtulo 6<\/span> incluimos algunas buenas pr\u00e1cticas de inter\u00e9s, especialmente por su car\u00e1cter preventivo de los delitos y discursos de odio, incluyendo proyectos de diferentes \u00e1mbitos y tem\u00e1ticas m\u00e1s o menos cercanos territorialmente.<\/span><\/p>\n<p>[\/et_pb_text][et_pb_image src=\u00bbhttps:\/\/migrantesenigualdad.es\/wp-content\/uploads\/2021\/12\/Manual-78_page-0001.jpg\u00bb title_text=\u00bbManual-78_page-0001&#8243; _builder_version=\u00bb4.10.6&#8243; _module_preset=\u00bbdefault\u00bb global_colors_info=\u00bb{}\u00bb][\/et_pb_image][et_pb_text _builder_version=\u00bb4.10.6&#8243; _module_preset=\u00bbdefault\u00bb text_font=\u00bbAleo||||||||\u00bb inline_fonts=\u00bbAbril Fatface\u00bb global_colors_info=\u00bb{}\u00bb]<\/p>\n<p style=\"text-align: justify;\"><span style=\"font-size: large; text-align: justify;\">Adem\u00e1s, el manual incluye una extensa bibliograf\u00eda con recomendaciones que esperamos os animen a profundizar m\u00e1s en el tema de delitos y discursos de odio, hasta que consigamos que sean cosa del pasado. <\/span><\/p>\n<p style=\"text-align: justify;\"><span style=\"font-size: large; text-align: justify;\">Agradecemos a todas aquellas personas que trabajaron en estos temas antes que nuestro equipo y las felicitamos por los magn\u00edficos manuales que editaron, que nos han servido tanto en la elaboraci\u00f3n del nuestro y que, por supuesto, aparecen mencionados.<\/span><\/p>\n<p>[\/et_pb_text][\/et_pb_column][\/et_pb_row][\/et_pb_section]<\/p>\n","protected":false},"excerpt":{"rendered":"<p>Hace unos meses, publicamos una Gu\u00eda breve para v\u00edctimas de delitos de odio y observamos que hab\u00eda mucho que contar. Para ampliar los contenidos de esta gu\u00eda y de otros materiales que hemos ido editando, hemos elaborado un manual pr\u00e1ctico para que sirva de apoyo a la hora de actuar con aquella poblaci\u00f3n susceptible de [&hellip;]<\/p>\n","protected":false},"author":1,"featured_media":2875,"comment_status":"open","ping_status":"closed","sticky":false,"template":"","format":"standard","meta":{"_et_pb_use_builder":"on","_et_pb_old_content":"","_et_gb_content_width":"","_jetpack_newsletter_access":"","_jetpack_dont_email_post_to_subs":false,"_jetpack_newsletter_tier_id":0,"_jetpack_memberships_contains_paywalled_content":false,"_jetpack_feature_clip_id":0,"_jetpack_memberships_contains_paid_content":false,"footnotes":"","jetpack_post_was_ever_published":false},"categories":[1],"tags":[46,34,38,16,17,21,35],"class_list":["post-2874","post","type-post","status-publish","format-standard","has-post-thumbnail","hentry","category-actualidad","tag-buenas-practicas","tag-categorias-sociales","tag-convivencia","tag-delito-de-odio","tag-discurso-de-odio","tag-estereotipos","tag-prejuicios"],"jetpack_sharing_enabled":true,"jetpack_featured_media_url":"https:\/\/i0.wp.com\/migrantesenigualdad.es\/wp-content\/uploads\/2021\/12\/Manual.png?fit=806%2C496&ssl=1","post_mailing_queue_ids":[],"_links":{"self":[{"href":"https:\/\/migrantesenigualdad.es\/index.php\/wp-json\/wp\/v2\/posts\/2874","targetHints":{"allow":["GET"]}}],"collection":[{"href":"https:\/\/migrantesenigualdad.es\/index.php\/wp-json\/wp\/v2\/posts"}],"about":[{"href":"https:\/\/migrantesenigualdad.es\/index.php\/wp-json\/wp\/v2\/types\/post"}],"author":[{"embeddable":true,"href":"https:\/\/migrantesenigualdad.es\/index.php\/wp-json\/wp\/v2\/users\/1"}],"replies":[{"embeddable":true,"href":"https:\/\/migrantesenigualdad.es\/index.php\/wp-json\/wp\/v2\/comments?post=2874"}],"version-history":[{"count":0,"href":"https:\/\/migrantesenigualdad.es\/index.php\/wp-json\/wp\/v2\/posts\/2874\/revisions"}],"wp:featuredmedia":[{"embeddable":true,"href":"https:\/\/migrantesenigualdad.es\/index.php\/wp-json\/wp\/v2\/media\/2875"}],"wp:attachment":[{"href":"https:\/\/migrantesenigualdad.es\/index.php\/wp-json\/wp\/v2\/media?parent=2874"}],"wp:term":[{"taxonomy":"category","embeddable":true,"href":"https:\/\/migrantesenigualdad.es\/index.php\/wp-json\/wp\/v2\/categories?post=2874"},{"taxonomy":"post_tag","embeddable":true,"href":"https:\/\/migrantesenigualdad.es\/index.php\/wp-json\/wp\/v2\/tags?post=2874"}],"curies":[{"name":"wp","href":"https:\/\/api.w.org\/{rel}","templated":true}]}}