{"id":2790,"date":"2021-12-27T10:36:39","date_gmt":"2021-12-27T10:36:39","guid":{"rendered":"https:\/\/migrantesenigualdad.es\/?p=2790"},"modified":"2021-12-27T10:36:40","modified_gmt":"2021-12-27T10:36:40","slug":"buenas-practicas-en-prensa-7-el-986-de-los-menores-migrantes-16-11-21","status":"publish","type":"post","link":"https:\/\/migrantesenigualdad.es\/index.php\/2021\/12\/27\/buenas-practicas-en-prensa-7-el-986-de-los-menores-migrantes-16-11-21\/","title":{"rendered":"Buenas pr\u00e1cticas en prensa 7. El 98,6% de los menores migrantes&#8230; (16\/11\/21)"},"content":{"rendered":"<p>[et_pb_section fb_built=\u00bb1&#8243; _builder_version=\u00bb4.2.2&#8243; custom_padding=\u00bb0px|||||\u00bb global_colors_info=\u00bb{}\u00bb][et_pb_row _builder_version=\u00bb4.2.2&#8243; custom_padding=\u00bb0px|||||\u00bb collapsed=\u00bboff\u00bb global_colors_info=\u00bb{}\u00bb][et_pb_column type=\u00bb4_4&#8243; _builder_version=\u00bb4.2.2&#8243; global_colors_info=\u00bb{}\u00bb][et_pb_text admin_label=\u00bbTexto\u00bb _builder_version=\u00bb4.10.6&#8243; custom_margin=\u00bb0px||5px||false|false\u00bb custom_padding=\u00bb4px|||||\u00bb inline_fonts=\u00bbAbril Fatface,Aleo\u00bb global_colors_info=\u00bb{}\u00bb]<\/p>\n<h1 style=\"text-align: justify;\"><span style=\"font-family: Aleo; font-weight: normal; font-size: large;\">El Observatorio de prensa y redes de Migrantes en igualdad analiza hoy como buena pr\u00e1ctica period\u00edstica <span style=\"text-decoration: underline;\"><a href=\"https:\/\/elforodeceuta.es\/el-986-de-los-menores-migrantes-en-ceuta-no-quiere-regresar-a-su-pais\/\">una noticia de El Foro de Ceuta<\/a><\/span> siguiendo\u00a0la <span style=\"text-decoration: underline;\"><a href=\"https:\/\/www.inclusion.gob.es\/oberaxe\/es\/publicaciones\/documentos\/documento_0066.htm\">Gu\u00eda pr\u00e1ctica para los profesionales de los medios de comunicaci\u00f3n: tratamiento medi\u00e1tico de la inmigraci\u00f3n<\/a><\/span> publicada por el <span style=\"text-decoration: underline;\"><a href=\"https:\/\/www.inclusion.gob.es\/oberaxe\/es\/index.htm\">Observatorio Espa\u00f1ol del Racismo y la Xenofobia (OBERAXE)<\/a><\/span>.<\/span><\/h1>\n<p>&nbsp;<\/p>\n<p>[\/et_pb_text][et_pb_image src=\u00bbhttps:\/\/migrantesenigualdad.es\/wp-content\/uploads\/2021\/12\/Analisis-de-buenas-practicas-2.png\u00bb title_text=\u00bbAn\u00e1lisis de buenas pr\u00e1cticas\u00bb admin_label=\u00bbImagen\u00bb _builder_version=\u00bb4.10.6&#8243; global_colors_info=\u00bb{}\u00bb][\/et_pb_image][et_pb_text _builder_version=\u00bb4.10.6&#8243; custom_margin=\u00bb0px||30px||false|false\u00bb custom_padding=\u00bb4px|||||\u00bb inline_fonts=\u00bbAbril Fatface\u00bb global_colors_info=\u00bb{}\u00bb]<\/p>\n<h1 style=\"text-align: justify;\"><span style=\"font-family: 'Abril Fatface'; font-weight: normal; font-size: xx-large;\">El 98,6% de los menores migrantes en Ceuta no quiere regresar a su pa\u00eds<\/span><\/h1>\n<p>[\/et_pb_text][et_pb_text _builder_version=\u00bb4.10.6&#8243; min_height=\u00bb80px\u00bb custom_margin=\u00bb||35px||false|false\u00bb custom_padding=\u00bb0px||0px||false|false\u00bb inline_fonts=\u00bbAbril Fatface\u00bb global_colors_info=\u00bb{}\u00bb]<\/p>\n<p style=\"text-align: justify;\"><span style=\"font-family: 'Abril Fatface'; font-size: x-large; color: rgba(0, 0, 0, 0.66);\"><em>Save The Children<\/em> ha realizado m\u00e1s de 600 entrevistas a la infancia migrante llegada en mayo, un 98,6% ha manifestado su voluntad de no regresar. 1 de cada 3 menores entrevistados ha sufrido violencia f\u00edsica y abusos en su pa\u00eds de origen; un 23% son susceptibles de recibir protecci\u00f3n internacional<\/span><\/p>\n<p>[\/et_pb_text][et_pb_text _builder_version=\u00bb4.10.6&#8243; text_font=\u00bb||||||||\u00bb text_line_height=\u00bb2em\u00bb header_text_color=\u00bb#0c71c3&#8243; header_2_font=\u00bb|700|||||||\u00bb header_2_text_align=\u00bbleft\u00bb header_2_text_color=\u00bb#e0b8ff\u00bb header_2_line_height=\u00bb1.1em\u00bb header_3_font=\u00bb|600|||||||\u00bb header_3_text_color=\u00bb#0da0c5&#8243; width=\u00bb100%\u00bb module_alignment=\u00bbcenter\u00bb custom_margin=\u00bb0px||-326px||false|false\u00bb custom_padding=\u00bb0px||349px||false|false\u00bb inline_fonts=\u00bbFredericka the Great,Fredoka One,Frank Ruhl Libre,Annie Use Your Telescope,Aleo\u00bb global_colors_info=\u00bb{}\u00bb]<\/p>\n<p style=\"text-align: justify;\"><span style=\"font-family: Aleo; font-weight: normal; font-size: large;\">Se cumplen ma\u00f1ana <strong><span style=\"color: #7ed957;\">6 meses de la crisis migratoria en Ceuta<\/span><\/strong>, y tras realizar <strong><span style=\"color: #ff914d;\">617 entrevistas a la infancia migrante<\/span><\/strong> que <strong><span style=\"color: #cb6ce6;\">se encuentra dentro del sistema de protecci\u00f3n<\/span><\/strong>, <strong><span style=\"color: #ff914d;\">Save the Children<\/span><\/strong> insiste en que <span style=\"color: #7ed957;\"><strong>un 98,6% no quiere regresar a Marruecos<\/strong>.<\/span> El 75% de los ni\u00f1os y ni\u00f1as entrevistados <strong><span style=\"color: #7ed957;\">provienen de pueblos y ciudades fronterizos como Castillejos, Rinc\u00f3n y Tetu\u00e1n y muchos relatan ser hijos de porteadores\/as y trabajadores trasfronterizos. <\/span><\/strong><\/span><\/p>\n<p style=\"text-align: justify;\"><span style=\"font-family: Aleo; font-weight: normal; font-size: large;\">\u00ab<strong><span style=\"color: #ff5757;\">Los derechos y el bienestar de la infancia migrante<\/span> <span style=\"color: #ff5757;\">deben ser prioritarios<\/span><\/strong> y despu\u00e9s de 6 meses urgen soluciones duraderas para estos ni\u00f1os y ni\u00f1as.\u00bb, se\u00f1ala <strong><span style=\"color: #ff914d;\">Catalina Perazzo<\/span><\/strong>, directora de Incidencia Social y Pol\u00edticas de Infancia de Save the Children. <\/span><\/p>\n<p style=\"text-align: justify;\"><span style=\"font-family: Aleo; font-weight: normal; font-size: large;\">En base a las entrevistas realizadas, y remitidas al \u00c1rea de menores de Ceuta, la organizaci\u00f3n ha podido concluir que: <strong><span style=\"color: #38b6ff;\">uno de cada tres entrevistados (33,40%) ha sufrido violencia f\u00edsica, abusos y malos tratos en origen<\/span><\/strong> y que m\u00e1s de<strong><span style=\"color: #38b6ff;\"> un 23% ser\u00eda susceptible de recibir protecci\u00f3n internacional por haber sido v\u00edctimas de trata o explotaci\u00f3n laboral<\/span><\/strong>, entre otros motivos. <\/span><\/p>\n<p style=\"text-align: justify;\"><span style=\"font-family: Aleo; font-weight: normal; font-size: large;\">Save the Children se\u00f1ala tambi\u00e9n que, a ra\u00edz de las repatriaciones realizadas por la Delegaci\u00f3n del Gobierno el pasado mes de agosto, <strong><span style=\"color: #7ed957;\">se ha generado una gran desconfianza entre los ni\u00f1os y ni\u00f1as, lo que ha provocado por parte de algunos el abandono de los centros de acogida<\/span><\/strong>, donde actualmente contin\u00faan 425 ni\u00f1os. <\/span><\/p>\n<p style=\"text-align: justify;\"><span style=\"font-family: Aleo; font-weight: normal; font-size: large;\">\u00abEs necesario que existan <strong><span style=\"color: #ff5757;\">protocolos homog\u00e9neos a nivel estatal para la evaluaci\u00f3n y determinaci\u00f3n del inter\u00e9s superior<\/span><\/strong> antes de adoptar cualquier decisi\u00f3n acerca de estos ni\u00f1os y ni\u00f1as. Y son necesarios tambi\u00e9n recursos especializados tanto en Ceuta como en la Pen\u00ednsula para responder a sus necesidades\u00bb, concluye Perazzo. \u00abEstos mismos recursos deben ser asegurados en el caso se valore su retorno a Marruecos\u00bb. <\/span><\/p>\n<p style=\"text-align: justify;\"><span style=\"font-family: Aleo; font-weight: normal; font-size: large;\">La organizaci\u00f3n insiste en la importancia de agilizar los tr\u00e1mites administrativos, en particular a ra\u00edz de la reciente aprobaci\u00f3n y entrada en vigor de las modificaciones al Reglamento de Extranjer\u00eda y el nuevo plazo reducido para tramitar los permisos de residencia de ni\u00f1os y ni\u00f1as. Y se\u00f1ala tambi\u00e9n la necesidad de <strong><span style=\"color: #ff5757;\">asegurar la derivaci\u00f3n de ni\u00f1os y ni\u00f1as a recursos de acogida en condiciones adecuadas y que todos los centros dispongan de profesionales especializados. <\/span><\/strong><\/span><\/p>\n<p style=\"text-align: justify;\"><span style=\"font-family: Aleo; font-weight: normal; font-size: large;\">Adem\u00e1s, <strong><span style=\"color: #38b6ff;\">es importante que se analicen las necesidades identificadas en la infancia para proporcionar respuestas<\/span><\/strong> que prevean la ampliaci\u00f3n de canales seguros de migraci\u00f3n dirigidos a la adolescencia y juventud marroqu\u00ed <strong><span style=\"color: #ff5757;\">para que puedan formarse y desarrollar su empleabilidad<\/span><\/strong>. Tambi\u00e9n <strong><span style=\"color: #38b6ff;\">son necesarios acuerdos bilaterales para el acceso a derechos de la infancia que depende de trabajadores trasfronterizos o visados espec\u00edficos<\/span><\/strong> para ni\u00f1os y ni\u00f1as que huyen de situaciones de persecuci\u00f3n o violencia.<\/span><\/p>\n<p style=\"text-align: justify;\">\n<p>[\/et_pb_text][\/et_pb_column][\/et_pb_row][\/et_pb_section]<\/p>\n","protected":false},"excerpt":{"rendered":"<p>El Observatorio de prensa y redes de Migrantes en igualdad analiza hoy como buena pr\u00e1ctica period\u00edstica una noticia de El Foro de Ceuta siguiendo\u00a0la Gu\u00eda pr\u00e1ctica para los profesionales de los medios de comunicaci\u00f3n: tratamiento medi\u00e1tico de la inmigraci\u00f3n publicada por el Observatorio Espa\u00f1ol del Racismo y la Xenofobia (OBERAXE). &nbsp;El 98,6% de los menores [&hellip;]<\/p>\n","protected":false},"author":1,"featured_media":2791,"comment_status":"open","ping_status":"closed","sticky":false,"template":"","format":"standard","meta":{"_et_pb_use_builder":"on","_et_pb_old_content":"","_et_gb_content_width":"","_jetpack_newsletter_access":"","_jetpack_dont_email_post_to_subs":false,"_jetpack_newsletter_tier_id":0,"_jetpack_memberships_contains_paywalled_content":false,"_jetpack_feature_clip_id":0,"_jetpack_memberships_contains_paid_content":false,"footnotes":"","jetpack_post_was_ever_published":false},"categories":[26],"tags":[46,42,59,57,14,45,44,43],"class_list":["post-2790","post","type-post","status-publish","format-standard","has-post-thumbnail","hentry","category-observatorio","tag-buenas-practicas","tag-ceuta","tag-interculturalidad","tag-islam","tag-migrantes","tag-observatorio","tag-periodismo","tag-prensa"],"jetpack_sharing_enabled":true,"jetpack_featured_media_url":"https:\/\/i0.wp.com\/migrantesenigualdad.es\/wp-content\/uploads\/2021\/12\/Copia-de-Buenas-practicas-II.gif?fit=806%2C496&ssl=1","post_mailing_queue_ids":[],"_links":{"self":[{"href":"https:\/\/migrantesenigualdad.es\/index.php\/wp-json\/wp\/v2\/posts\/2790","targetHints":{"allow":["GET"]}}],"collection":[{"href":"https:\/\/migrantesenigualdad.es\/index.php\/wp-json\/wp\/v2\/posts"}],"about":[{"href":"https:\/\/migrantesenigualdad.es\/index.php\/wp-json\/wp\/v2\/types\/post"}],"author":[{"embeddable":true,"href":"https:\/\/migrantesenigualdad.es\/index.php\/wp-json\/wp\/v2\/users\/1"}],"replies":[{"embeddable":true,"href":"https:\/\/migrantesenigualdad.es\/index.php\/wp-json\/wp\/v2\/comments?post=2790"}],"version-history":[{"count":0,"href":"https:\/\/migrantesenigualdad.es\/index.php\/wp-json\/wp\/v2\/posts\/2790\/revisions"}],"wp:featuredmedia":[{"embeddable":true,"href":"https:\/\/migrantesenigualdad.es\/index.php\/wp-json\/wp\/v2\/media\/2791"}],"wp:attachment":[{"href":"https:\/\/migrantesenigualdad.es\/index.php\/wp-json\/wp\/v2\/media?parent=2790"}],"wp:term":[{"taxonomy":"category","embeddable":true,"href":"https:\/\/migrantesenigualdad.es\/index.php\/wp-json\/wp\/v2\/categories?post=2790"},{"taxonomy":"post_tag","embeddable":true,"href":"https:\/\/migrantesenigualdad.es\/index.php\/wp-json\/wp\/v2\/tags?post=2790"}],"curies":[{"name":"wp","href":"https:\/\/api.w.org\/{rel}","templated":true}]}}