{"id":2774,"date":"2021-12-09T08:14:47","date_gmt":"2021-12-09T08:14:47","guid":{"rendered":"https:\/\/migrantesenigualdad.es\/?p=2774"},"modified":"2021-12-09T09:15:25","modified_gmt":"2021-12-09T09:15:25","slug":"buenas-practicas-en-prensa-6-la-tarifena-toyemi-21-11-21","status":"publish","type":"post","link":"https:\/\/migrantesenigualdad.es\/index.php\/2021\/12\/09\/buenas-practicas-en-prensa-6-la-tarifena-toyemi-21-11-21\/","title":{"rendered":"Buenas pr\u00e1cticas en prensa 6. La tarife\u00f1a Toyemi&#8230; (21\/11\/21)"},"content":{"rendered":"<p>[et_pb_section fb_built=\u00bb1&#8243; _builder_version=\u00bb4.2.2&#8243; custom_padding=\u00bb0px|||||\u00bb global_colors_info=\u00bb{}\u00bb][et_pb_row _builder_version=\u00bb4.2.2&#8243; custom_padding=\u00bb0px|||||\u00bb collapsed=\u00bboff\u00bb global_colors_info=\u00bb{}\u00bb][et_pb_column type=\u00bb4_4&#8243; _builder_version=\u00bb4.2.2&#8243; global_colors_info=\u00bb{}\u00bb][et_pb_text admin_label=\u00bbTexto\u00bb _builder_version=\u00bb4.10.6&#8243; custom_margin=\u00bb0px||0px||false|false\u00bb custom_padding=\u00bb4px|||||\u00bb hover_enabled=\u00bb0&#8243; inline_fonts=\u00bbAbril Fatface,Aleo\u00bb global_colors_info=\u00bb{}\u00bb sticky_enabled=\u00bb0&#8243;]<\/p>\n<h1 style=\"text-align: justify;\"><span style=\"font-family: Aleo; font-weight: normal; font-size: large;\">El Observatorio de prensa y redes de Migrantes en igualdad analiza hoy como buena pr\u00e1ctica period\u00edstica <span style=\"text-decoration: underline; color: #0c71c3;\"><span style=\"color: #0b2ec6;\"><a href=\"https:\/\/www.europasur.es\/tarifa\/toyemi-directos-la-voz-video_0_1631237161.html\" style=\"color: #0b2ec6; text-decoration: underline;\">una noticia de EuropaSur<\/a><\/span><\/span> siguiendo las <span style=\"color: #3366ff;\"><a style=\"color: #3366ff; text-decoration: underline;\" href=\"https:\/\/www.respectwords.org\/wp-content\/uploads\/2017\/11\/Informar-sobre-procesos-migratorios-y-Minor%C3%ADas.pdf\" target=\"_blank\" rel=\"noopener\">recomendaciones del proyecto Respect Words<\/a><\/span>, utilizado por el <a href=\"https:\/\/periodistasandalucia.es\/\">Colegio Profesional de Periodistas de Andaluc\u00eda<\/a>.<\/span><\/h1>\n<p>&nbsp;<\/p>\n<p>[\/et_pb_text][et_pb_image src=\u00bbhttps:\/\/migrantesenigualdad.es\/wp-content\/uploads\/2021\/12\/Copia-de-Analisis-de-buenas-practicas-IV.png\u00bb title_text=\u00bbCopia de An\u00e1lisis de buenas pr\u00e1cticas IV\u00bb admin_label=\u00bbImagen\u00bb _builder_version=\u00bb4.10.6&#8243; global_colors_info=\u00bb{}\u00bb][\/et_pb_image][et_pb_text _builder_version=\u00bb4.10.6&#8243; custom_margin=\u00bb0px||0px||false|false\u00bb custom_padding=\u00bb4px|||||\u00bb inline_fonts=\u00bbAbril Fatface\u00bb global_colors_info=\u00bb{}\u00bb]<\/p>\n<h1 style=\"text-align: justify;\"><\/h1>\n<h1 style=\"text-align: justify;\"><span style=\"font-family: 'Abril Fatface'; font-weight: normal; font-size: xx-large;\">La tarife\u00f1a Toyemi pasa a los directos de La Voz<\/span><\/h1>\n<p>[\/et_pb_text][et_pb_text _builder_version=\u00bb4.10.6&#8243; min_height=\u00bb80px\u00bb custom_margin=\u00bb||0px||false|false\u00bb custom_padding=\u00bb0px||0px||false|false\u00bb inline_fonts=\u00bbAbril Fatface\u00bb global_colors_info=\u00bb{}\u00bb]<\/p>\n<p style=\"text-align: justify;\"><span style=\"font-family: 'Abril Fatface'; font-size: x-large; color: rgba(0, 0, 0, 0.66);\">Amigos y familiares arropan a la cantante en la Casa de la Cultura de Tarifa durante la emisi\u00f3n del programa\u200b<\/span><\/p>\n<p>[\/et_pb_text][et_pb_image src=\u00bbhttps:\/\/migrantesenigualdad.es\/wp-content\/uploads\/2021\/12\/toyemi.jpg\u00bb title_text=\u00bbtoyemi\u00bb _builder_version=\u00bb4.10.6&#8243; _module_preset=\u00bbdefault\u00bb global_colors_info=\u00bb{}\u00bb][\/et_pb_image][et_pb_text _builder_version=\u00bb4.10.6&#8243; text_font=\u00bb||||||||\u00bb text_line_height=\u00bb2em\u00bb header_text_color=\u00bb#0c71c3&#8243; header_2_font=\u00bb|700|||||||\u00bb header_2_text_align=\u00bbleft\u00bb header_2_text_color=\u00bb#e0b8ff\u00bb header_2_line_height=\u00bb1.1em\u00bb header_3_font=\u00bb|600|||||||\u00bb header_3_text_color=\u00bb#0da0c5&#8243; width=\u00bb100%\u00bb module_alignment=\u00bbcenter\u00bb custom_margin=\u00bb0px||-326px||false|false\u00bb custom_padding=\u00bb0px||349px||false|false\u00bb inline_fonts=\u00bbFredericka the Great,Fredoka One,Frank Ruhl Libre,Annie Use Your Telescope,Aleo\u00bb global_colors_info=\u00bb{}\u00bb]<\/p>\n<p style=\"text-align: justify;\"><span style=\"font-family: Aleo; font-weight: normal; font-size: large;\">La tarife\u00f1a Mar\u00eda Ibikule Toyemi estar\u00e1 en los directos de La Voz, el concurso de Antena 3, tras haber superado ya cuatro fases durante su participaci\u00f3n. Toyemi, que este s\u00e1bado por la noche vio el programa en la Casa de la Cultura de Tarifa junto a familiares y amigos, est\u00e1 en el equipo de Pablo Albor\u00e1n, que la eligi\u00f3 en el asalto final ante Yamile. \u00abLa evoluci\u00f3n de Toyemi ha sido evidente\u00bb, dijo su coach. El equipo de Pablo Albor\u00e1n ya est\u00e1 al completo para los directos de La Voz. Tras el pase directo en los Asaltos que otorg\u00f3 a In\u00e9s Manzano y el robo de Carlos Gal\u00ed, del equipo de Alejandro Sanz, se suman las voces de Marina Jim\u00e9nez y Toyemi. La joven cantante, de 20 a\u00f1os y estudiante en la Escuela Superior de Arte Dram\u00e1tico de M\u00e1laga, fue arropada por amigos y familiares en la Casa de la Cultura, donde celebr\u00f3 su pase a los directos. Tambi\u00e9n estuvieron presentes el alcalde, Francisco Ruiz, y los concejales de Cultura y Festejos, Francisco Ter\u00e1n e Ignacio Blanco, respectivamente.<\/span><\/p>\n<p>[\/et_pb_text][\/et_pb_column][\/et_pb_row][\/et_pb_section]<\/p>\n","protected":false},"excerpt":{"rendered":"<p>El Observatorio de prensa y redes de Migrantes en igualdad analiza hoy como buena pr\u00e1ctica period\u00edstica una noticia de EuropaSur siguiendo las recomendaciones del proyecto Respect Words, utilizado por el Colegio Profesional de Periodistas de Andaluc\u00eda. &nbsp; La tarife\u00f1a Toyemi pasa a los directos de La Voz Amigos y familiares arropan a la cantante en [&hellip;]<\/p>\n","protected":false},"author":1,"featured_media":2777,"comment_status":"open","ping_status":"closed","sticky":false,"template":"","format":"standard","meta":{"_et_pb_use_builder":"on","_et_pb_old_content":"","_et_gb_content_width":"","_jetpack_newsletter_access":"","_jetpack_dont_email_post_to_subs":false,"_jetpack_newsletter_tier_id":0,"_jetpack_memberships_contains_paywalled_content":false,"_jetpack_feature_clip_id":0,"_jetpack_memberships_contains_paid_content":false,"footnotes":"","jetpack_post_was_ever_published":false},"categories":[26],"tags":[13,46,50,59,58,45,44,43,67],"class_list":["post-2774","post","type-post","status-publish","format-standard","has-post-thumbnail","hentry","category-observatorio","tag-antirracismo","tag-buenas-practicas","tag-campo-de-gibraltar","tag-interculturalidad","tag-mujeres","tag-observatorio","tag-periodismo","tag-prensa","tag-tarifa"],"jetpack_sharing_enabled":true,"jetpack_featured_media_url":"https:\/\/i0.wp.com\/migrantesenigualdad.es\/wp-content\/uploads\/2021\/12\/Copia-de-Buenas-practicas-IV.gif?fit=806%2C496&ssl=1","post_mailing_queue_ids":[],"_links":{"self":[{"href":"https:\/\/migrantesenigualdad.es\/index.php\/wp-json\/wp\/v2\/posts\/2774","targetHints":{"allow":["GET"]}}],"collection":[{"href":"https:\/\/migrantesenigualdad.es\/index.php\/wp-json\/wp\/v2\/posts"}],"about":[{"href":"https:\/\/migrantesenigualdad.es\/index.php\/wp-json\/wp\/v2\/types\/post"}],"author":[{"embeddable":true,"href":"https:\/\/migrantesenigualdad.es\/index.php\/wp-json\/wp\/v2\/users\/1"}],"replies":[{"embeddable":true,"href":"https:\/\/migrantesenigualdad.es\/index.php\/wp-json\/wp\/v2\/comments?post=2774"}],"version-history":[{"count":0,"href":"https:\/\/migrantesenigualdad.es\/index.php\/wp-json\/wp\/v2\/posts\/2774\/revisions"}],"wp:featuredmedia":[{"embeddable":true,"href":"https:\/\/migrantesenigualdad.es\/index.php\/wp-json\/wp\/v2\/media\/2777"}],"wp:attachment":[{"href":"https:\/\/migrantesenigualdad.es\/index.php\/wp-json\/wp\/v2\/media?parent=2774"}],"wp:term":[{"taxonomy":"category","embeddable":true,"href":"https:\/\/migrantesenigualdad.es\/index.php\/wp-json\/wp\/v2\/categories?post=2774"},{"taxonomy":"post_tag","embeddable":true,"href":"https:\/\/migrantesenigualdad.es\/index.php\/wp-json\/wp\/v2\/tags?post=2774"}],"curies":[{"name":"wp","href":"https:\/\/api.w.org\/{rel}","templated":true}]}}