{"id":275,"date":"2021-03-21T12:38:40","date_gmt":"2021-03-21T12:38:40","guid":{"rendered":"https:\/\/migrantesenigualdad.es\/?p=275"},"modified":"2022-06-17T08:22:53","modified_gmt":"2022-06-17T08:22:53","slug":"migrantes-en-igualdad-nos-presentamos","status":"publish","type":"post","link":"https:\/\/migrantesenigualdad.es\/index.php\/2021\/03\/21\/migrantes-en-igualdad-nos-presentamos\/","title":{"rendered":"Migrantes en igualdad. Nos presentamos"},"content":{"rendered":"<p>[et_pb_section fb_built=\u00bb1&#8243; _builder_version=\u00bb4.2.2&#8243; max_width=\u00bb98%\u00bb min_height=\u00bb170px\u00bb height=\u00bb189px\u00bb max_height=\u00bb107px\u00bb custom_margin=\u00bb-70px||||false|false\u00bb custom_padding=\u00bb0px||||false|false\u00bb animation_style=\u00bbfade\u00bb collapsed=\u00bboff\u00bb][et_pb_row _builder_version=\u00bb4.2.2&#8243; background_size=\u00bbinitial\u00bb background_position=\u00bbtop_left\u00bb background_repeat=\u00bbrepeat\u00bb transform_translate=\u00bb0px|29px\u00bb min_height=\u00bb613px\u00bb custom_margin=\u00bb71px||||false|false\u00bb collapsed=\u00bboff\u00bb][et_pb_column type=\u00bb4_4&#8243; _builder_version=\u00bb3.25&#8243; custom_padding=\u00bb|||\u00bb custom_padding__hover=\u00bb|||\u00bb][et_pb_text _builder_version=\u00bb4.2.2&#8243; background_size=\u00bbinitial\u00bb background_position=\u00bbtop_left\u00bb background_repeat=\u00bbrepeat\u00bb custom_padding=\u00bb||0px|||\u00bb inline_fonts=\u00bbBaskervville\u00bb]<\/p>\n<p><span style=\"font-size: large;\"><strong><span style=\"font-family: Baskervville;\">Migrantes en igualdad es un proyecto de lucha contra la xenofobia, el racismo y otras formas de intolerancia asociadas de la Fundaci\u00f3n M\u00e1rgenes y V\u00ednculos.<\/span><\/strong><\/span><\/p>\n<p><span style=\"font-size: large;\"><strong><span style=\"font-family: Baskervville;\">Est\u00e1 financiado por el Ministerio de Inclusi\u00f3n, Seguridad Social y Migraciones y por el Fondo de asilo, migraciones e integraci\u00f3n de la Uni\u00f3n Europea.<\/span><\/strong><\/span><\/p>\n<p><span style=\"font-size: large;\"><strong><span style=\"font-family: Baskervville;\">En este video nos presentamos:<\/span><\/strong><\/span><\/p>\n<p>[\/et_pb_text][\/et_pb_column][\/et_pb_row][\/et_pb_section][et_pb_section fb_built=\u00bb1&#8243; _builder_version=\u00bb4.2.2&#8243; custom_margin=\u00bb-50px||||false|false\u00bb collapsed=\u00bboff\u00bb][et_pb_row _builder_version=\u00bb4.2.2&#8243; min_height=\u00bb633.3px\u00bb custom_margin=\u00bb||-250px||false|false\u00bb][et_pb_column type=\u00bb4_4&#8243; _builder_version=\u00bb4.2.2&#8243;][et_pb_video src=\u00bbhttps:\/\/www.youtube.com\/watch?v=lj2AbmGLF84&#8243; admin_label=\u00bbV\u00eddeo\u00bb _builder_version=\u00bb4.2.2&#8243;][\/et_pb_video][\/et_pb_column][\/et_pb_row][\/et_pb_section]<\/p>\n","protected":false},"excerpt":{"rendered":"<p>Presentaci\u00f3n Migrantes en igualdad<\/p>\n","protected":false},"author":1,"featured_media":1014,"comment_status":"open","ping_status":"closed","sticky":false,"template":"","format":"standard","meta":{"_et_pb_use_builder":"on","_et_pb_old_content":"<p>En este video<\/p><p><a href=\"https:\/\/www.youtube.com\/watch?v=lj2AbmGLF84\">https:\/\/www.youtube.com\/watch?v=lj2AbmGLF84<\/a><\/p>","_et_gb_content_width":"","_jetpack_newsletter_access":"","_jetpack_dont_email_post_to_subs":false,"_jetpack_newsletter_tier_id":0,"_jetpack_memberships_contains_paywalled_content":false,"_jetpack_feature_clip_id":0,"_jetpack_memberships_contains_paid_content":false,"footnotes":"","jetpack_post_was_ever_published":false},"categories":[107],"tags":[13,15,14],"class_list":["post-275","post","type-post","status-publish","format-standard","has-post-thumbnail","hentry","category-tienes-un-minuto","tag-antirracismo","tag-igualdad","tag-migrantes"],"jetpack_sharing_enabled":true,"jetpack_featured_media_url":"https:\/\/i0.wp.com\/migrantesenigualdad.es\/wp-content\/uploads\/2021\/03\/Entrada-presentacion.png?fit=406%2C250&ssl=1","post_mailing_queue_ids":[],"_links":{"self":[{"href":"https:\/\/migrantesenigualdad.es\/index.php\/wp-json\/wp\/v2\/posts\/275","targetHints":{"allow":["GET"]}}],"collection":[{"href":"https:\/\/migrantesenigualdad.es\/index.php\/wp-json\/wp\/v2\/posts"}],"about":[{"href":"https:\/\/migrantesenigualdad.es\/index.php\/wp-json\/wp\/v2\/types\/post"}],"author":[{"embeddable":true,"href":"https:\/\/migrantesenigualdad.es\/index.php\/wp-json\/wp\/v2\/users\/1"}],"replies":[{"embeddable":true,"href":"https:\/\/migrantesenigualdad.es\/index.php\/wp-json\/wp\/v2\/comments?post=275"}],"version-history":[{"count":0,"href":"https:\/\/migrantesenigualdad.es\/index.php\/wp-json\/wp\/v2\/posts\/275\/revisions"}],"wp:featuredmedia":[{"embeddable":true,"href":"https:\/\/migrantesenigualdad.es\/index.php\/wp-json\/wp\/v2\/media\/1014"}],"wp:attachment":[{"href":"https:\/\/migrantesenigualdad.es\/index.php\/wp-json\/wp\/v2\/media?parent=275"}],"wp:term":[{"taxonomy":"category","embeddable":true,"href":"https:\/\/migrantesenigualdad.es\/index.php\/wp-json\/wp\/v2\/categories?post=275"},{"taxonomy":"post_tag","embeddable":true,"href":"https:\/\/migrantesenigualdad.es\/index.php\/wp-json\/wp\/v2\/tags?post=275"}],"curies":[{"name":"wp","href":"https:\/\/api.w.org\/{rel}","templated":true}]}}