{"id":2680,"date":"2021-11-26T09:06:09","date_gmt":"2021-11-26T09:06:09","guid":{"rendered":"https:\/\/migrantesenigualdad.es\/?p=2680"},"modified":"2022-06-17T08:16:01","modified_gmt":"2022-06-17T08:16:01","slug":"iii-contrarrestar-la-islamofobia","status":"publish","type":"post","link":"https:\/\/migrantesenigualdad.es\/index.php\/2021\/11\/26\/iii-contrarrestar-la-islamofobia\/","title":{"rendered":"Jornada de periodismo (III). C\u00f3mo contrarrestar la islamofobia"},"content":{"rendered":"<p>[et_pb_section fb_built=\u00bb1&#8243; _builder_version=\u00bb3.22&#8243; custom_padding=\u00bb0px|||||\u00bb global_colors_info=\u00bb{}\u00bb][et_pb_row _builder_version=\u00bb4.9.7&#8243; background_size=\u00bbinitial\u00bb background_position=\u00bbtop_left\u00bb background_repeat=\u00bbrepeat\u00bb custom_margin=\u00bb35px|auto|-55px|auto|false|false\u00bb custom_padding=\u00bb0px||27px|||\u00bb global_colors_info=\u00bb{}\u00bb][et_pb_column type=\u00bb4_4&#8243; _builder_version=\u00bb3.25&#8243; custom_padding=\u00bb|||\u00bb global_colors_info=\u00bb{}\u00bb custom_padding__hover=\u00bb|||\u00bb][et_pb_text _builder_version=\u00bb4.10.6&#8243; background_size=\u00bbinitial\u00bb background_position=\u00bbtop_left\u00bb background_repeat=\u00bbrepeat\u00bb custom_padding=\u00bb6px|||||\u00bb inline_fonts=\u00bbAbril Fatface,Abel\u00bb global_colors_info=\u00bb{}\u00bb]<\/p>\n<p style=\"text-align: justify;\"><span style=\"font-family: inherit; font-size: 18px;\">Diferentes personas, diferentes acentos, diferentes ciudades, diferentes fechas, pero un mismo di\u00e1logo. Un di\u00e1logo<span style=\"font-family: 'Abril Fatface'; font-weight: normal; font-size: large;\"> a las dos orillas del Estrecho<\/span>. As\u00ed se desarroll\u00f3 la jornada sobre periodismo y discursos de odio <em>Migremos hacia un periodismo \u00e9tico<\/em>.<\/span><\/p>\n<p style=\"text-align: justify;\"><span style=\"font-family: inherit; font-size: 18px;\"><\/span><\/p>\n<p style=\"text-align: justify;\"><span style=\"font-family: inherit; font-size: 18px;\">Un di\u00e1logo en torno a <span style=\"font-family: 'Abril Fatface'; font-weight: normal;\">tres tem\u00e1ticas<\/span> de plena actualidad: c\u00f3mo informar del fen\u00f3meno migratorio desde una perspectiva de derechos humanos, c\u00f3mo construir una narrativa antirracista y c\u00f3mo contrarrestar la islamofobia; con personas de <span style=\"font-family: 'Abril Fatface'; font-weight: normal; font-size: large;\">perfiles y or\u00edgenes muy plurales<\/span>: periodistas locales que aportaban su pr\u00e1ctica en lo cercano, periodistas especializados\/as que ayudaban a tener una mirada m\u00e1s global, personas migrantes o racializadas que ilustraban con su testimonio en primera persona y activistas de la sociedad civil que ampliaban el alcance de lo discutido.<\/span><\/p>\n<p>[\/et_pb_text][et_pb_text _builder_version=\u00bb4.10.6&#8243; background_size=\u00bbinitial\u00bb background_position=\u00bbtop_left\u00bb background_repeat=\u00bbrepeat\u00bb custom_padding=\u00bb6px|||||\u00bb inline_fonts=\u00bbAbril Fatface,Abel\u00bb global_colors_info=\u00bb{}\u00bb]<\/p>\n<p style=\"text-align: justify;\"><span style=\"font-family: inherit; font-size: 18px;\">La mesa que cerraba las jornadas trat\u00f3 sobre <span style=\"font-family: 'Abril Fatface'; font-weight: normal; font-size: x-large;\">c\u00f3mo contrarrestar la islamofobia.<\/span><\/span><\/p>\n<p style=\"text-align: justify;\">\n<p>[\/et_pb_text][et_pb_image src=\u00bbhttps:\/\/migrantesenigualdad.es\/wp-content\/uploads\/2021\/11\/cabecera-entrada-jornadas-1.png\u00bb title_text=\u00bbcabecera entrada jornadas\u00bb _builder_version=\u00bb4.10.6&#8243; _module_preset=\u00bbdefault\u00bb custom_margin=\u00bb||-7px|||\u00bb custom_padding=\u00bb||29px|||\u00bb global_colors_info=\u00bb{}\u00bb][\/et_pb_image][\/et_pb_column][\/et_pb_row][et_pb_row column_structure=\u00bb3_5,2_5&#8243; _builder_version=\u00bb4.9.7&#8243; background_size=\u00bbinitial\u00bb background_position=\u00bbtop_left\u00bb background_repeat=\u00bbrepeat\u00bb custom_margin=\u00bb35px|auto|-55px|auto|false|false\u00bb custom_padding=\u00bb0px||27px|||\u00bb global_colors_info=\u00bb{}\u00bb][et_pb_column type=\u00bb3_5&#8243; _builder_version=\u00bb3.25&#8243; custom_padding=\u00bb|||\u00bb global_colors_info=\u00bb{}\u00bb custom_padding__hover=\u00bb|||\u00bb][et_pb_text _builder_version=\u00bb4.10.6&#8243; background_size=\u00bbinitial\u00bb background_position=\u00bbtop_left\u00bb background_repeat=\u00bbrepeat\u00bb custom_padding=\u00bb6px|||||\u00bb inline_fonts=\u00bbAbril Fatface,Abel\u00bb global_colors_info=\u00bb{}\u00bb]<\/p>\n<p style=\"text-align: justify;\"><span style=\"font-family: inherit; font-size: 18px;\">La palabra en <span style=\"font-family: 'Abril Fatface'; font-weight: normal; font-size: x-large;\">Tarifa<\/span> la tuvieron la trabajadora en un taller mec\u00e1nico Horia Sbihi, la periodista de 8Directo y vicepresidenta de la Asociaci\u00f3n de la Prensa del campo de Gibraltar, Rosario P\u00e9rez, el periodista especializado en derechos humanos y Oriente Medio Javier D. Muriana y el t\u00e9cnico en islamofobia de la Asociaci\u00f3n Marroqu\u00ed por la Integraci\u00f3n de los Inmigrantes Adil Atabi.<\/span><\/p>\n<p>[\/et_pb_text][\/et_pb_column][et_pb_column type=\u00bb2_5&#8243; _builder_version=\u00bb3.25&#8243; custom_padding=\u00bb|||\u00bb global_colors_info=\u00bb{}\u00bb custom_padding__hover=\u00bb|||\u00bb][et_pb_image src=\u00bbhttps:\/\/migrantesenigualdad.es\/wp-content\/uploads\/2021\/11\/IMG_6232-scaled.jpg\u00bb title_text=\u00bbIMG_6232&#8243; _builder_version=\u00bb4.10.6&#8243; _module_preset=\u00bbdefault\u00bb global_colors_info=\u00bb{}\u00bb][\/et_pb_image][\/et_pb_column][\/et_pb_row][et_pb_row column_structure=\u00bb1_3,2_3&#8243; _builder_version=\u00bb4.2.2&#8243; background_size=\u00bbinitial\u00bb background_position=\u00bbtop_left\u00bb background_repeat=\u00bbrepeat\u00bb custom_margin=\u00bb35px|auto|-54px|auto|false|false\u00bb custom_padding=\u00bb0px|||||\u00bb global_colors_info=\u00bb{}\u00bb][et_pb_column type=\u00bb1_3&#8243; _builder_version=\u00bb3.25&#8243; custom_padding=\u00bb|||\u00bb global_colors_info=\u00bb{}\u00bb custom_padding__hover=\u00bb|||\u00bb][et_pb_image src=\u00bbhttps:\/\/migrantesenigualdad.es\/wp-content\/uploads\/2021\/11\/IMG_6197-scaled.jpg\u00bb title_text=\u00bbIMG_6197&#8243; _builder_version=\u00bb4.10.6&#8243; border_style_all=\u00bbdashed\u00bb global_colors_info=\u00bb{}\u00bb][\/et_pb_image][\/et_pb_column][et_pb_column type=\u00bb2_3&#8243; _builder_version=\u00bb3.25&#8243; custom_padding=\u00bb|||\u00bb global_colors_info=\u00bb{}\u00bb custom_padding__hover=\u00bb|||\u00bb][et_pb_text _builder_version=\u00bb4.10.6&#8243; background_size=\u00bbinitial\u00bb background_position=\u00bbtop_left\u00bb background_repeat=\u00bbrepeat\u00bb custom_margin=\u00bb|1px||1px|false|false\u00bb custom_padding=\u00bb6px|||||\u00bb border_color_all=\u00bb#000000&#8243; inline_fonts=\u00bbAbril Fatface,Abel\u00bb global_colors_info=\u00bb{}\u00bb]<\/p>\n<p style=\"text-align: justify;\"><span style=\"font-family: inherit; font-size: 18px;\"><span style=\"font-family: 'Abril Fatface'; font-weight: normal;\">Muriana <\/span>explic\u00f3 que \u201cla unidad, la negatividad y ser inasimilable son tres caracter\u00edsticas que se le dan a un grupo, y evita que tengamos empat\u00eda hacia ellos y ellas\u201d. Esto, a su juicio, explica el rechazo hacia las personas musulmanas. Para contrarrestarlo, el periodista reclam\u00f3 que \u201c<span style=\"font-family: 'Abril Fatface'; font-weight: normal; font-size: x-large;\">es necesario crear nuevas identidades de ser espa\u00f1ol<\/span>\u201d.<\/span><\/p>\n<p>[\/et_pb_text][\/et_pb_column][\/et_pb_row][et_pb_row column_structure=\u00bb2_3,1_3&#8243; _builder_version=\u00bb4.10.6&#8243; background_size=\u00bbinitial\u00bb background_position=\u00bbtop_left\u00bb background_repeat=\u00bbrepeat\u00bb custom_margin=\u00bb35px|auto|-54px|auto|false|false\u00bb custom_padding=\u00bb0px|||||\u00bb global_colors_info=\u00bb{}\u00bb][et_pb_column type=\u00bb2_3&#8243; _builder_version=\u00bb3.25&#8243; custom_padding=\u00bb|||\u00bb global_colors_info=\u00bb{}\u00bb custom_padding__hover=\u00bb|||\u00bb][et_pb_text _builder_version=\u00bb4.10.6&#8243; background_size=\u00bbinitial\u00bb background_position=\u00bbtop_left\u00bb background_repeat=\u00bbrepeat\u00bb custom_margin=\u00bb|1px||1px|false|false\u00bb custom_padding=\u00bb6px|||||\u00bb border_color_all=\u00bb#000000&#8243; inline_fonts=\u00bbAbril Fatface,Abel,Abhaya Libre\u00bb global_colors_info=\u00bb{}\u00bb]<\/p>\n<p style=\"text-align: justify;\"><span style=\"font-family: inherit; font-size: 18px;\"><span style=\"font-family: 'Abril Fatface'; font-weight: normal;\">Atabi<\/span> puso el acento en que los atentados terroristas que dicen hacerse en nombre del islam provocan un caldo de cultivo que justifica e incrementa los delitos de odio hacia la poblaci\u00f3n musulmana. Lament\u00f3 tambi\u00e9n que haya <span style=\"font-family: 'Abril Fatface'; font-weight: normal; font-size: x-large;\">una especie de \u00abhijabofobia\u00bb<\/span> en referencia al rechazo que a\u00fan sufren las mujeres musulmanas que usan el hijab.<\/span><\/p>\n<p>[\/et_pb_text][\/et_pb_column][et_pb_column type=\u00bb1_3&#8243; _builder_version=\u00bb3.25&#8243; custom_padding=\u00bb|||\u00bb global_colors_info=\u00bb{}\u00bb custom_padding__hover=\u00bb|||\u00bb][et_pb_image src=\u00bbhttps:\/\/migrantesenigualdad.es\/wp-content\/uploads\/2021\/11\/IMG_6188-scaled.jpg\u00bb title_text=\u00bbIMG_6188&#8243; _builder_version=\u00bb4.10.6&#8243; _module_preset=\u00bbdefault\u00bb global_colors_info=\u00bb{}\u00bb][\/et_pb_image][\/et_pb_column][\/et_pb_row][et_pb_row column_structure=\u00bb1_3,2_3&#8243; _builder_version=\u00bb4.2.2&#8243; background_size=\u00bbinitial\u00bb background_position=\u00bbtop_left\u00bb background_repeat=\u00bbrepeat\u00bb custom_margin=\u00bb35px|auto|-54px|auto|false|false\u00bb custom_padding=\u00bb0px|||||\u00bb global_colors_info=\u00bb{}\u00bb][et_pb_column type=\u00bb1_3&#8243; _builder_version=\u00bb3.25&#8243; custom_padding=\u00bb|||\u00bb global_colors_info=\u00bb{}\u00bb custom_padding__hover=\u00bb|||\u00bb][et_pb_image src=\u00bbhttps:\/\/migrantesenigualdad.es\/wp-content\/uploads\/2021\/11\/IMG_6206-scaled.jpg\u00bb title_text=\u00bbIMG_6206&#8243; _builder_version=\u00bb4.10.6&#8243; global_colors_info=\u00bb{}\u00bb][\/et_pb_image][\/et_pb_column][et_pb_column type=\u00bb2_3&#8243; _builder_version=\u00bb3.25&#8243; custom_padding=\u00bb|||\u00bb global_colors_info=\u00bb{}\u00bb custom_padding__hover=\u00bb|||\u00bb][et_pb_text _builder_version=\u00bb4.10.6&#8243; background_size=\u00bbinitial\u00bb background_position=\u00bbtop_left\u00bb background_repeat=\u00bbrepeat\u00bb custom_margin=\u00bb|1px||1px|false|false\u00bb custom_padding=\u00bb6px|||||\u00bb border_color_all=\u00bb#000000&#8243; inline_fonts=\u00bbAbril Fatface,Abel\u00bb global_colors_info=\u00bb{}\u00bb]<\/p>\n<p style=\"text-align: justify;\"><span style=\"font-family: inherit; font-size: 18px;\">A su lado <span style=\"font-family: 'Abril Fatface'; font-weight: normal;\">Sbihi<\/span>, con hijab, lamentaba el rechazo que ha sufrido por llevarlo, por decidir libremente pon\u00e9rselo, y pidi\u00f3 a los medios respeto hacia las personas musulmanas. \u201c<span style=\"font-family: 'Abril Fatface'; font-weight: normal; font-size: x-large;\">Dejar de mezclar islam con terrorismo<\/span> es lo primero que tienen que hacer los medios, a m\u00ed me ofende much\u00edsimo cuando lo hacen\u201d apunt\u00f3.<\/span><\/p>\n<p style=\"text-align: justify;\">\n<p>[\/et_pb_text][\/et_pb_column][\/et_pb_row][et_pb_row column_structure=\u00bb2_3,1_3&#8243; _builder_version=\u00bb4.10.6&#8243; background_size=\u00bbinitial\u00bb background_position=\u00bbtop_left\u00bb background_repeat=\u00bbrepeat\u00bb custom_margin=\u00bb35px|auto|-54px|auto|false|false\u00bb custom_padding=\u00bb0px|||||\u00bb global_colors_info=\u00bb{}\u00bb][et_pb_column type=\u00bb2_3&#8243; _builder_version=\u00bb3.25&#8243; custom_padding=\u00bb|||\u00bb global_colors_info=\u00bb{}\u00bb custom_padding__hover=\u00bb|||\u00bb][et_pb_text _builder_version=\u00bb4.10.6&#8243; background_size=\u00bbinitial\u00bb background_position=\u00bbtop_left\u00bb background_repeat=\u00bbrepeat\u00bb custom_margin=\u00bb|1px||1px|false|false\u00bb custom_padding=\u00bb6px|||||\u00bb border_color_all=\u00bb#000000&#8243; inline_fonts=\u00bbAbril Fatface,Abel,Abhaya Libre\u00bb global_colors_info=\u00bb{}\u00bb]<\/p>\n<p style=\"text-align: justify;\"><span style=\"font-family: inherit; font-size: 18px;\">Comprensible con su queja se mostr\u00f3 <span style=\"font-family: 'Abril Fatface'; font-weight: normal;\">Rosario P\u00e9rez<\/span>, que asegur\u00f3 que \u201cla mejor forma de propiciar la convivencia intercultural es hacer autocr\u00edtica y <span style=\"font-family: 'Abril Fatface'; font-weight: normal; font-size: x-large;\">dar voz a quien no la tiene, que es la funci\u00f3n social del periodismo<\/span>\u201d. La periodista se\u00f1al\u00f3 que las mujeres contin\u00faan siendo objeto de titulares que se centran en su cuerpo, su vestimenta o su aspecto en la prensa seria en lugar de sus palabras o sus propuestas, situaci\u00f3n que se empeora en el caso de las mujeres musulmanas.<\/span><\/p>\n<p>[\/et_pb_text][\/et_pb_column][et_pb_column type=\u00bb1_3&#8243; _builder_version=\u00bb3.25&#8243; custom_padding=\u00bb|||\u00bb global_colors_info=\u00bb{}\u00bb custom_padding__hover=\u00bb|||\u00bb][et_pb_image src=\u00bbhttps:\/\/migrantesenigualdad.es\/wp-content\/uploads\/2021\/11\/IMG_6212-scaled.jpg\u00bb title_text=\u00bbIMG_6212&#8243; _builder_version=\u00bb4.10.6&#8243; _module_preset=\u00bbdefault\u00bb global_colors_info=\u00bb{}\u00bb][\/et_pb_image][\/et_pb_column][\/et_pb_row][et_pb_row _builder_version=\u00bb4.2.2&#8243; background_size=\u00bbinitial\u00bb background_position=\u00bbtop_left\u00bb background_repeat=\u00bbrepeat\u00bb custom_margin=\u00bb35px|auto|-54px|auto|false|false\u00bb custom_padding=\u00bb0px|||||\u00bb global_colors_info=\u00bb{}\u00bb][et_pb_column type=\u00bb4_4&#8243; _builder_version=\u00bb3.25&#8243; custom_padding=\u00bb|||\u00bb global_colors_info=\u00bb{}\u00bb custom_padding__hover=\u00bb|||\u00bb][et_pb_gallery gallery_ids=\u00bb2698,2696,2695,2697,2684&#8243; fullwidth=\u00bbon\u00bb _builder_version=\u00bb4.10.6&#8243; _module_preset=\u00bbdefault\u00bb width=\u00bb70%\u00bb max_width=\u00bb100%\u00bb module_alignment=\u00bbcenter\u00bb global_colors_info=\u00bb{}\u00bb][\/et_pb_gallery][et_pb_divider show_divider=\u00bboff\u00bb _builder_version=\u00bb4.10.6&#8243; _module_preset=\u00bbdefault\u00bb use_background_color_gradient=\u00bbon\u00bb global_colors_info=\u00bb{}\u00bb][\/et_pb_divider][\/et_pb_column][\/et_pb_row][et_pb_row column_structure=\u00bb1_2,1_2&#8243; _builder_version=\u00bb4.9.7&#8243; background_size=\u00bbinitial\u00bb background_position=\u00bbtop_left\u00bb background_repeat=\u00bbrepeat\u00bb custom_margin=\u00bb35px|auto|-55px|auto|false|false\u00bb custom_padding=\u00bb0px||27px|||\u00bb global_colors_info=\u00bb{}\u00bb][et_pb_column type=\u00bb1_2&#8243; _builder_version=\u00bb3.25&#8243; custom_padding=\u00bb|||\u00bb global_colors_info=\u00bb{}\u00bb custom_padding__hover=\u00bb|||\u00bb][et_pb_text _builder_version=\u00bb4.10.6&#8243; background_size=\u00bbinitial\u00bb background_position=\u00bbtop_left\u00bb background_repeat=\u00bbrepeat\u00bb custom_padding=\u00bb6px|||||\u00bb inline_fonts=\u00bbAbril Fatface,Abel\u00bb global_colors_info=\u00bb{}\u00bb]<\/p>\n<p style=\"text-align: justify;\"><span style=\"font-family: inherit; font-size: 18px;\">Compartieron tem\u00e1tica con estos\/as ponentes\/as, pero <span style=\"font-family: 'Abril Fatface'; font-weight: normal; font-size: x-large;\">Ceuta<\/span>, Navila Ali Ahmed, educadora social y m\u00e1ster en Estudios de G\u00e9nero, Miguel \u00c1ngel Mendoza, periodista y jefe de contenidos en Radio Ceuta Cadena SER, Lola F. Palenzuela, directora de comunicaci\u00f3n de la Fundaci\u00f3n Euro\u00e1rabe y confundadora de la revista feminista La Poder\u00edo, e Inmaculada Gonz\u00e1lez, abogada y t\u00e9cnica de Andaluc\u00eda Acoge.<\/span><\/p>\n<p>[\/et_pb_text][\/et_pb_column][et_pb_column type=\u00bb1_2&#8243; _builder_version=\u00bb3.25&#8243; custom_padding=\u00bb|||\u00bb global_colors_info=\u00bb{}\u00bb custom_padding__hover=\u00bb|||\u00bb][et_pb_image src=\u00bbhttps:\/\/migrantesenigualdad.es\/wp-content\/uploads\/2021\/11\/WhatsApp-Image-2021-11-19-at-11.36.52.jpeg\u00bb title_text=\u00bbWhatsApp Image 2021-11-19 at 11.36.52&#8243; _builder_version=\u00bb4.10.6&#8243; _module_preset=\u00bbdefault\u00bb global_colors_info=\u00bb{}\u00bb][\/et_pb_image][\/et_pb_column][\/et_pb_row][et_pb_row column_structure=\u00bb1_3,2_3&#8243; _builder_version=\u00bb4.2.2&#8243; background_size=\u00bbinitial\u00bb background_position=\u00bbtop_left\u00bb background_repeat=\u00bbrepeat\u00bb custom_margin=\u00bb35px|auto|-54px|auto|false|false\u00bb custom_padding=\u00bb0px|||||\u00bb global_colors_info=\u00bb{}\u00bb][et_pb_column type=\u00bb1_3&#8243; _builder_version=\u00bb3.25&#8243; custom_padding=\u00bb|||\u00bb global_colors_info=\u00bb{}\u00bb custom_padding__hover=\u00bb|||\u00bb][et_pb_image src=\u00bbhttps:\/\/migrantesenigualdad.es\/wp-content\/uploads\/2021\/11\/MG_6598-scaled.jpg\u00bb title_text=\u00bb_MG_6598&#8243; _builder_version=\u00bb4.10.6&#8243; global_colors_info=\u00bb{}\u00bb][\/et_pb_image][\/et_pb_column][et_pb_column type=\u00bb2_3&#8243; _builder_version=\u00bb3.25&#8243; custom_padding=\u00bb|||\u00bb global_colors_info=\u00bb{}\u00bb custom_padding__hover=\u00bb|||\u00bb][et_pb_text _builder_version=\u00bb4.10.6&#8243; background_size=\u00bbinitial\u00bb background_position=\u00bbtop_left\u00bb background_repeat=\u00bbrepeat\u00bb custom_margin=\u00bb|1px||1px|false|false\u00bb custom_padding=\u00bb6px|||||\u00bb border_color_all=\u00bb#000000&#8243; inline_fonts=\u00bbAbril Fatface,Abel\u00bb global_colors_info=\u00bb{}\u00bb]<\/p>\n<p style=\"text-align: justify;\"><span style=\"font-family: inherit; font-size: 18px;\"><span style=\"font-family: 'Abril Fatface'; font-weight: normal;\">Palenzuela <\/span>afirm\u00f3 en\u00e9rgica que los medios tienen que hacer un periodismo de comunidad para garantizar el derecho de la informaci\u00f3n de la ciudadan\u00eda. La periodista critic\u00f3 que la agenda dominante, la que influye en los medios de todo el pa\u00eds, la organizan las grandes empresas de comunicaci\u00f3n que tienen intereses econ\u00f3micos y pol\u00edticos, lo cual aleja a la prensa de las <span style=\"font-family: 'Abril Fatface'; font-weight: normal; font-size: x-large;\">preocupaciones reales de la gente, preocupaciones cotidianas que las personas tienen m\u00e1s en com\u00fan<\/span>, independientemente de su origen o credo.<\/span><\/p>\n<p>[\/et_pb_text][\/et_pb_column][\/et_pb_row][et_pb_row column_structure=\u00bb2_3,1_3&#8243; _builder_version=\u00bb4.2.2&#8243; background_size=\u00bbinitial\u00bb background_position=\u00bbtop_left\u00bb background_repeat=\u00bbrepeat\u00bb custom_margin=\u00bb35px|auto|-97px|auto|false|false\u00bb custom_padding=\u00bb0px|||||\u00bb global_colors_info=\u00bb{}\u00bb][et_pb_column type=\u00bb2_3&#8243; _builder_version=\u00bb3.25&#8243; custom_padding=\u00bb|||\u00bb global_colors_info=\u00bb{}\u00bb custom_padding__hover=\u00bb|||\u00bb][et_pb_text _builder_version=\u00bb4.10.6&#8243; background_size=\u00bbinitial\u00bb background_position=\u00bbtop_left\u00bb background_repeat=\u00bbrepeat\u00bb custom_margin=\u00bb|1px||1px|false|false\u00bb custom_padding=\u00bb6px|||||\u00bb border_color_all=\u00bb#000000&#8243; inline_fonts=\u00bbAbril Fatface,Abel\u00bb global_colors_info=\u00bb{}\u00bb]<\/p>\n<p style=\"text-align: justify;\"><span style=\"font-family: inherit; font-size: 18px;\"><span style=\"font-family: 'Abril Fatface'; font-weight: normal;\">Gonz\u00e1lez <\/span>reclam\u00f3 que los medios tienen que saber qu\u00e9 es lo que quieren transmitir del islam. \u201cDeben encontrar <span style=\"font-family: 'Abril Fatface'; font-weight: normal; font-size: x-large;\">otros discursos que den pluralidad de voces<\/span>\u201d, dijo. Para ello exigi\u00f3 a los\/as profesionales que se formen para conocer dicha religi\u00f3n.\u00a0<\/span><\/p>\n<p style=\"text-align: justify;\">\n<p>[\/et_pb_text][\/et_pb_column][et_pb_column type=\u00bb1_3&#8243; _builder_version=\u00bb3.25&#8243; custom_padding=\u00bb|||\u00bb global_colors_info=\u00bb{}\u00bb custom_padding__hover=\u00bb|||\u00bb][et_pb_image src=\u00bbhttps:\/\/migrantesenigualdad.es\/wp-content\/uploads\/2021\/11\/MG_6578-scaled.jpg\u00bb title_text=\u00bb_MG_6578&#8243; _builder_version=\u00bb4.10.6&#8243; _module_preset=\u00bbdefault\u00bb global_colors_info=\u00bb{}\u00bb][\/et_pb_image][\/et_pb_column][\/et_pb_row][et_pb_row column_structure=\u00bb1_3,2_3&#8243; _builder_version=\u00bb4.2.2&#8243; background_size=\u00bbinitial\u00bb background_position=\u00bbtop_left\u00bb background_repeat=\u00bbrepeat\u00bb custom_margin=\u00bb35px|auto|-54px|auto|false|false\u00bb custom_padding=\u00bb0px|||||\u00bb global_colors_info=\u00bb{}\u00bb][et_pb_column type=\u00bb1_3&#8243; _builder_version=\u00bb3.25&#8243; custom_padding=\u00bb|||\u00bb global_colors_info=\u00bb{}\u00bb custom_padding__hover=\u00bb|||\u00bb][et_pb_image src=\u00bbhttps:\/\/migrantesenigualdad.es\/wp-content\/uploads\/2021\/11\/MG_6640-scaled.jpg\u00bb title_text=\u00bb_MG_6640&#8243; _builder_version=\u00bb4.10.6&#8243; global_colors_info=\u00bb{}\u00bb][\/et_pb_image][\/et_pb_column][et_pb_column type=\u00bb2_3&#8243; _builder_version=\u00bb3.25&#8243; custom_padding=\u00bb|||\u00bb global_colors_info=\u00bb{}\u00bb custom_padding__hover=\u00bb|||\u00bb][et_pb_text _builder_version=\u00bb4.10.6&#8243; background_size=\u00bbinitial\u00bb background_position=\u00bbtop_left\u00bb background_repeat=\u00bbrepeat\u00bb custom_margin=\u00bb|1px||1px|false|false\u00bb custom_padding=\u00bb6px|||||\u00bb border_color_all=\u00bb#000000&#8243; inline_fonts=\u00bbAbril Fatface,Abel\u00bb global_colors_info=\u00bb{}\u00bb]<\/p>\n<p style=\"text-align: justify;\"><span style=\"font-family: inherit; font-size: 18px;\"><span style=\"font-family: 'Abril Fatface'; font-weight: normal;\">Ali Ahmed<\/span> apunt\u00f3 que para que se deje de instrumentalizar y politizar la vestimenta de la mujer musulmana <span style=\"font-family: 'Abril Fatface'; font-weight: normal; font-size: x-large;\">hay que tener en cuenta la teor\u00eda decolonial<\/span>. La educadora pidi\u00f3 que se deje de exotizar al islam, de tratarlo como algo ajeno. Y a\u00f1adi\u00f3: \u201cNo se trata de un pilar \u00fanico, <span style=\"font-family: 'Abril Fatface'; font-weight: normal; font-size: x-large;\">somos muchas personas diversas<\/span>\u201d.<\/span><\/p>\n<p>[\/et_pb_text][\/et_pb_column][\/et_pb_row][et_pb_row column_structure=\u00bb2_3,1_3&#8243; _builder_version=\u00bb4.2.2&#8243; background_size=\u00bbinitial\u00bb background_position=\u00bbtop_left\u00bb background_repeat=\u00bbrepeat\u00bb custom_margin=\u00bb35px|auto|-54px|auto|false|false\u00bb custom_padding=\u00bb0px|||||\u00bb global_colors_info=\u00bb{}\u00bb][et_pb_column type=\u00bb2_3&#8243; _builder_version=\u00bb3.25&#8243; custom_padding=\u00bb|||\u00bb global_colors_info=\u00bb{}\u00bb custom_padding__hover=\u00bb|||\u00bb][et_pb_text _builder_version=\u00bb4.10.6&#8243; background_size=\u00bbinitial\u00bb background_position=\u00bbtop_left\u00bb background_repeat=\u00bbrepeat\u00bb custom_margin=\u00bb|1px||1px|false|false\u00bb custom_padding=\u00bb6px|||||\u00bb border_color_all=\u00bb#000000&#8243; inline_fonts=\u00bbAbril Fatface,Abel\u00bb global_colors_info=\u00bb{}\u00bb]<\/p>\n<p style=\"text-align: justify;\"><span style=\"font-family: inherit; font-size: 18px;\"><span style=\"font-family: 'Abril Fatface'; font-weight: normal;\">Mendoza<\/span> se mostr\u00f3 convencido de que se debe fomentar que las <span style=\"font-family: 'Abril Fatface'; font-weight: normal; font-size: x-large;\">cuatro culturas<\/span> que hay en Ceuta est\u00e9n <span style=\"font-family: 'Abril Fatface'; font-weight: normal; font-size: x-large;\">lo m\u00e1s representadas posible<\/span>, en referencia a las comunidades jud\u00eda e hind\u00fa, adem\u00e1s de la cristiana y la musulmana.<\/span><\/p>\n<p>[\/et_pb_text][\/et_pb_column][et_pb_column type=\u00bb1_3&#8243; _builder_version=\u00bb3.25&#8243; custom_padding=\u00bb|||\u00bb global_colors_info=\u00bb{}\u00bb custom_padding__hover=\u00bb|||\u00bb][et_pb_image src=\u00bbhttps:\/\/migrantesenigualdad.es\/wp-content\/uploads\/2021\/11\/MG_6590-scaled.jpg\u00bb title_text=\u00bb_MG_6590&#8243; _builder_version=\u00bb4.10.6&#8243; _module_preset=\u00bbdefault\u00bb global_colors_info=\u00bb{}\u00bb][\/et_pb_image][\/et_pb_column][\/et_pb_row][et_pb_row _builder_version=\u00bb4.2.2&#8243; background_size=\u00bbinitial\u00bb background_position=\u00bbtop_left\u00bb background_repeat=\u00bbrepeat\u00bb custom_margin=\u00bb35px|auto|-54px|auto|false|false\u00bb custom_padding=\u00bb0px|||||\u00bb global_colors_info=\u00bb{}\u00bb][et_pb_column type=\u00bb4_4&#8243; _builder_version=\u00bb3.25&#8243; custom_padding=\u00bb|||\u00bb global_colors_info=\u00bb{}\u00bb custom_padding__hover=\u00bb|||\u00bb][et_pb_gallery gallery_ids=\u00bb2707,2708,2706,2705&#8243; fullwidth=\u00bbon\u00bb _builder_version=\u00bb4.10.6&#8243; _module_preset=\u00bbdefault\u00bb width=\u00bb70%\u00bb max_width=\u00bb100%\u00bb module_alignment=\u00bbcenter\u00bb global_colors_info=\u00bb{}\u00bb][\/et_pb_gallery][et_pb_divider show_divider=\u00bboff\u00bb _builder_version=\u00bb4.10.6&#8243; _module_preset=\u00bbdefault\u00bb use_background_color_gradient=\u00bbon\u00bb global_colors_info=\u00bb{}\u00bb][\/et_pb_divider][\/et_pb_column][\/et_pb_row][et_pb_row column_structure=\u00bb1_2,1_2&#8243; _builder_version=\u00bb4.10.6&#8243; _module_preset=\u00bbdefault\u00bb global_colors_info=\u00bb{}\u00bb][et_pb_column type=\u00bb1_2&#8243; _builder_version=\u00bb4.10.6&#8243; _module_preset=\u00bbdefault\u00bb global_colors_info=\u00bb{}\u00bb][et_pb_video src=\u00bbhttps:\/\/youtu.be\/Qc2poJzBI2c\u00bb _builder_version=\u00bb4.10.6&#8243; _module_preset=\u00bbdefault\u00bb global_colors_info=\u00bb{}\u00bb][\/et_pb_video][\/et_pb_column][et_pb_column type=\u00bb1_2&#8243; _builder_version=\u00bb4.10.6&#8243; _module_preset=\u00bbdefault\u00bb global_colors_info=\u00bb{}\u00bb][et_pb_video src=\u00bbhttps:\/\/youtu.be\/oHaUDEUNU4Q\u00bb _builder_version=\u00bb4.10.6&#8243; _module_preset=\u00bbdefault\u00bb global_colors_info=\u00bb{}\u00bb][\/et_pb_video][\/et_pb_column][\/et_pb_row][\/et_pb_section]<\/p>\n","protected":false},"excerpt":{"rendered":"<p>Diferentes personas, diferentes acentos, diferentes ciudades, diferentes fechas, pero un mismo di\u00e1logo. Un di\u00e1logo a las dos orillas del Estrecho. As\u00ed se desarroll\u00f3 la jornada sobre periodismo y discursos de odio Migremos hacia un periodismo \u00e9tico. Un di\u00e1logo en torno a tres tem\u00e1ticas de plena actualidad: c\u00f3mo informar del fen\u00f3meno migratorio desde una perspectiva de [&hellip;]<\/p>\n","protected":false},"author":1,"featured_media":2681,"comment_status":"open","ping_status":"closed","sticky":false,"template":"","format":"standard","meta":{"_et_pb_use_builder":"on","_et_pb_old_content":"","_et_gb_content_width":"","_jetpack_newsletter_access":"","_jetpack_dont_email_post_to_subs":false,"_jetpack_newsletter_tier_id":0,"_jetpack_memberships_contains_paywalled_content":false,"_jetpack_feature_clip_id":0,"_jetpack_memberships_contains_paid_content":false,"footnotes":"","jetpack_post_was_ever_published":false},"categories":[104],"tags":[33,50,42,47,68,14,44,43,67],"class_list":["post-2680","post","type-post","status-publish","format-standard","has-post-thumbnail","hentry","category-mundo-global","tag-alteridad","tag-campo-de-gibraltar","tag-ceuta","tag-comunidad","tag-islamofobia","tag-migrantes","tag-periodismo","tag-prensa","tag-tarifa"],"jetpack_sharing_enabled":true,"jetpack_featured_media_url":"https:\/\/i0.wp.com\/migrantesenigualdad.es\/wp-content\/uploads\/2021\/11\/mesa-3.png?fit=406%2C250&ssl=1","post_mailing_queue_ids":[],"_links":{"self":[{"href":"https:\/\/migrantesenigualdad.es\/index.php\/wp-json\/wp\/v2\/posts\/2680","targetHints":{"allow":["GET"]}}],"collection":[{"href":"https:\/\/migrantesenigualdad.es\/index.php\/wp-json\/wp\/v2\/posts"}],"about":[{"href":"https:\/\/migrantesenigualdad.es\/index.php\/wp-json\/wp\/v2\/types\/post"}],"author":[{"embeddable":true,"href":"https:\/\/migrantesenigualdad.es\/index.php\/wp-json\/wp\/v2\/users\/1"}],"replies":[{"embeddable":true,"href":"https:\/\/migrantesenigualdad.es\/index.php\/wp-json\/wp\/v2\/comments?post=2680"}],"version-history":[{"count":0,"href":"https:\/\/migrantesenigualdad.es\/index.php\/wp-json\/wp\/v2\/posts\/2680\/revisions"}],"wp:featuredmedia":[{"embeddable":true,"href":"https:\/\/migrantesenigualdad.es\/index.php\/wp-json\/wp\/v2\/media\/2681"}],"wp:attachment":[{"href":"https:\/\/migrantesenigualdad.es\/index.php\/wp-json\/wp\/v2\/media?parent=2680"}],"wp:term":[{"taxonomy":"category","embeddable":true,"href":"https:\/\/migrantesenigualdad.es\/index.php\/wp-json\/wp\/v2\/categories?post=2680"},{"taxonomy":"post_tag","embeddable":true,"href":"https:\/\/migrantesenigualdad.es\/index.php\/wp-json\/wp\/v2\/tags?post=2680"}],"curies":[{"name":"wp","href":"https:\/\/api.w.org\/{rel}","templated":true}]}}