{"id":2644,"date":"2021-11-24T11:18:12","date_gmt":"2021-11-24T11:18:12","guid":{"rendered":"https:\/\/migrantesenigualdad.es\/?p=2644"},"modified":"2022-06-17T08:16:26","modified_gmt":"2022-06-17T08:16:26","slug":"jornada-de-periodismo-ii-narrativa-antirracista","status":"publish","type":"post","link":"https:\/\/migrantesenigualdad.es\/index.php\/2021\/11\/24\/jornada-de-periodismo-ii-narrativa-antirracista\/","title":{"rendered":"Jornada de periodismo (II). C\u00f3mo crear una narrativa antirracista"},"content":{"rendered":"<p>[et_pb_section fb_built=\u00bb1&#8243; _builder_version=\u00bb3.22&#8243; custom_padding=\u00bb0px|||||\u00bb global_colors_info=\u00bb{}\u00bb][et_pb_row _builder_version=\u00bb4.9.7&#8243; background_size=\u00bbinitial\u00bb background_position=\u00bbtop_left\u00bb background_repeat=\u00bbrepeat\u00bb custom_margin=\u00bb35px|auto|-55px|auto|false|false\u00bb custom_padding=\u00bb0px||27px|||\u00bb global_colors_info=\u00bb{}\u00bb][et_pb_column type=\u00bb4_4&#8243; _builder_version=\u00bb3.25&#8243; custom_padding=\u00bb|||\u00bb global_colors_info=\u00bb{}\u00bb custom_padding__hover=\u00bb|||\u00bb][et_pb_text _builder_version=\u00bb4.10.6&#8243; background_size=\u00bbinitial\u00bb background_position=\u00bbtop_left\u00bb background_repeat=\u00bbrepeat\u00bb custom_padding=\u00bb6px|||||\u00bb inline_fonts=\u00bbAbril Fatface,Abel\u00bb global_colors_info=\u00bb{}\u00bb]<\/p>\n<p style=\"text-align: justify;\"><span style=\"font-family: inherit; font-size: 18px;\">Diferentes personas, diferentes acentos, diferentes ciudades, diferentes fechas, pero un mismo di\u00e1logo. Un di\u00e1logo<span style=\"font-family: 'Abril Fatface'; font-weight: normal; font-size: large;\"> a las dos orillas del Estrecho<\/span>. As\u00ed se desarroll\u00f3 la jornada sobre periodismo y discursos de odio <em>Migremos hacia un periodismo \u00e9tico<\/em>.<\/span><\/p>\n<p style=\"text-align: justify;\"><span style=\"font-family: inherit; font-size: 18px;\"><\/span><\/p>\n<p style=\"text-align: justify;\"><span style=\"font-family: inherit; font-size: 18px;\">Un di\u00e1logo en torno a <span style=\"font-family: 'Abril Fatface'; font-weight: normal;\">tres tem\u00e1ticas<\/span> de plena actualidad: c\u00f3mo informar del fen\u00f3meno migratorio desde una perspectiva de derechos humanos, c\u00f3mo construir una narrativa antirracista y c\u00f3mo contrarrestar la islamofobia; con personas de <span style=\"font-family: 'Abril Fatface'; font-weight: normal; font-size: large;\">perfiles y or\u00edgenes muy plurales<\/span>: periodistas locales que aportaban su pr\u00e1ctica en lo cercano, periodistas especializados\/as que ayudaban a tener una mirada m\u00e1s global, personas migrantes o racializadas que ilustraban con su testimonio en primera persona y activistas de la sociedad civil que ampliaban el alcance de lo discutido.<\/span><\/p>\n<p>[\/et_pb_text][et_pb_text _builder_version=\u00bb4.10.6&#8243; background_size=\u00bbinitial\u00bb background_position=\u00bbtop_left\u00bb background_repeat=\u00bbrepeat\u00bb custom_padding=\u00bb6px|||||\u00bb inline_fonts=\u00bbAbril Fatface,Abel\u00bb global_colors_info=\u00bb{}\u00bb]<\/p>\n<p style=\"text-align: justify;\"><span style=\"font-family: inherit; font-size: 18px;\">La segunda mesa, por la tarde, abord\u00f3 c\u00f3mo los medios deben <span style=\"font-family: 'Abril Fatface'; font-weight: normal; font-size: x-large;\">construir una narrativa antirracista.<\/span><\/span><\/p>\n<p style=\"text-align: justify;\">\n<p>[\/et_pb_text][et_pb_image src=\u00bbhttps:\/\/migrantesenigualdad.es\/wp-content\/uploads\/2021\/11\/cabecera-entrada-jornadas.png\u00bb title_text=\u00bbcabecera entrada jornadas\u00bb _builder_version=\u00bb4.10.6&#8243; _module_preset=\u00bbdefault\u00bb custom_margin=\u00bb||-7px|||\u00bb custom_padding=\u00bb||29px|||\u00bb global_colors_info=\u00bb{}\u00bb][\/et_pb_image][\/et_pb_column][\/et_pb_row][et_pb_row column_structure=\u00bb3_5,2_5&#8243; _builder_version=\u00bb4.9.7&#8243; background_size=\u00bbinitial\u00bb background_position=\u00bbtop_left\u00bb background_repeat=\u00bbrepeat\u00bb custom_margin=\u00bb35px|auto|-55px|auto|false|false\u00bb custom_padding=\u00bb0px||27px|||\u00bb global_colors_info=\u00bb{}\u00bb][et_pb_column type=\u00bb3_5&#8243; _builder_version=\u00bb3.25&#8243; custom_padding=\u00bb|||\u00bb global_colors_info=\u00bb{}\u00bb custom_padding__hover=\u00bb|||\u00bb][et_pb_text _builder_version=\u00bb4.10.6&#8243; background_size=\u00bbinitial\u00bb background_position=\u00bbtop_left\u00bb background_repeat=\u00bbrepeat\u00bb custom_padding=\u00bb6px|||||\u00bb inline_fonts=\u00bbAbril Fatface,Abel\u00bb global_colors_info=\u00bb{}\u00bb]<\/p>\n<p style=\"text-align: justify;\"><span style=\"font-family: inherit; font-size: 18px;\"><\/span><\/p>\n<p style=\"text-align: justify;\"><span style=\"font-family: inherit; font-size: 18px;\">En <span style=\"font-family: 'Abril Fatface'; font-weight: normal; font-size: x-large;\">Tarifa <\/span>participaron tres periodistas, Bego\u00f1a Curiel, de Canal Sur, Sarah Babiker, de El Salto Diario, y Ofelia Castillo, miembro de la Comunidad Negra Africana y Afrodescendiente en Espa\u00f1a.<\/span><\/p>\n<p>[\/et_pb_text][\/et_pb_column][et_pb_column type=\u00bb2_5&#8243; _builder_version=\u00bb3.25&#8243; custom_padding=\u00bb|||\u00bb global_colors_info=\u00bb{}\u00bb custom_padding__hover=\u00bb|||\u00bb][et_pb_image src=\u00bbhttps:\/\/migrantesenigualdad.es\/wp-content\/uploads\/2021\/11\/IMG_6095-scaled.jpg\u00bb title_text=\u00bbIMG_6095&#8243; _builder_version=\u00bb4.10.6&#8243; _module_preset=\u00bbdefault\u00bb global_colors_info=\u00bb{}\u00bb][\/et_pb_image][\/et_pb_column][\/et_pb_row][et_pb_row column_structure=\u00bb1_3,2_3&#8243; _builder_version=\u00bb4.2.2&#8243; background_size=\u00bbinitial\u00bb background_position=\u00bbtop_left\u00bb background_repeat=\u00bbrepeat\u00bb custom_margin=\u00bb35px|auto|-54px|auto|false|false\u00bb custom_padding=\u00bb0px|||||\u00bb global_colors_info=\u00bb{}\u00bb][et_pb_column type=\u00bb1_3&#8243; _builder_version=\u00bb3.25&#8243; custom_padding=\u00bb|||\u00bb global_colors_info=\u00bb{}\u00bb custom_padding__hover=\u00bb|||\u00bb][et_pb_image src=\u00bbhttps:\/\/migrantesenigualdad.es\/wp-content\/uploads\/2021\/11\/IMG_6067-scaled.jpg\u00bb title_text=\u00bbIMG_6067&#8243; _builder_version=\u00bb4.10.6&#8243; border_style_all=\u00bbdashed\u00bb global_colors_info=\u00bb{}\u00bb][\/et_pb_image][\/et_pb_column][et_pb_column type=\u00bb2_3&#8243; _builder_version=\u00bb3.25&#8243; custom_padding=\u00bb|||\u00bb global_colors_info=\u00bb{}\u00bb custom_padding__hover=\u00bb|||\u00bb][et_pb_text _builder_version=\u00bb4.10.6&#8243; background_size=\u00bbinitial\u00bb background_position=\u00bbtop_left\u00bb background_repeat=\u00bbrepeat\u00bb custom_margin=\u00bb|1px||1px|false|false\u00bb custom_padding=\u00bb6px|||||\u00bb border_color_all=\u00bb#000000&#8243; inline_fonts=\u00bbAbril Fatface,Abel\u00bb global_colors_info=\u00bb{}\u00bb]<\/p>\n<p style=\"text-align: justify;\"><span style=\"font-family: inherit; font-size: 18px;\"><span style=\"font-family: 'Abril Fatface'; font-weight: normal;\">Curiel <\/span>se\u00f1al\u00f3 las dificultades para poder profundizar en historias que ayuden a <span style=\"font-family: 'Abril Fatface'; font-weight: normal; font-size: x-large;\">empatizar en la vor\u00e1gine informativa<\/span> diaria. \u201cMuchas veces hay que pelear con los tuyos para que una informaci\u00f3n pueda ser trabajada\u201d explic\u00f3. La periodista tambi\u00e9n reclam\u00f3 que se cumpliese el c\u00f3digo deontol\u00f3gico y puso de ejemplo que la palabra avalancha no podr\u00eda usarse y sin embargo se sigue utilizando al informar sobre personas migrantes.<\/span><\/p>\n<p style=\"text-align: justify;\">\n<p>[\/et_pb_text][\/et_pb_column][\/et_pb_row][et_pb_row column_structure=\u00bb2_3,1_3&#8243; _builder_version=\u00bb4.10.6&#8243; background_size=\u00bbinitial\u00bb background_position=\u00bbtop_left\u00bb background_repeat=\u00bbrepeat\u00bb custom_margin=\u00bb35px|auto|-54px|auto|false|false\u00bb custom_padding=\u00bb0px|||||\u00bb global_colors_info=\u00bb{}\u00bb][et_pb_column type=\u00bb2_3&#8243; _builder_version=\u00bb3.25&#8243; custom_padding=\u00bb|||\u00bb global_colors_info=\u00bb{}\u00bb custom_padding__hover=\u00bb|||\u00bb][et_pb_text _builder_version=\u00bb4.10.6&#8243; background_size=\u00bbinitial\u00bb background_position=\u00bbtop_left\u00bb background_repeat=\u00bbrepeat\u00bb custom_margin=\u00bb|1px||1px|false|false\u00bb custom_padding=\u00bb6px|||||\u00bb border_color_all=\u00bb#000000&#8243; inline_fonts=\u00bbAbril Fatface,Abel,Abhaya Libre\u00bb global_colors_info=\u00bb{}\u00bb]<\/p>\n<p style=\"text-align: justify;\"><span style=\"font-family: inherit; font-size: 18px;\"><span style=\"font-family: 'Abril Fatface'; font-weight: normal;\">Babiker <\/span>dijo que \u201cpensar <span style=\"font-family: 'Abril Fatface'; font-weight: normal; font-size: x-large;\">que Espa\u00f1a es s\u00f3lo blanca es una ficci\u00f3n que requiere mucho esfuerzo<\/span> porque eso supone negar toda la diversidad de nuestros barrios\u201d. La periodista de El Salto Diario destac\u00f3 la importancia de los medios para relatar historias de vida cotidiana que contrarresten los discursos de odio, que necesitan generar una ficci\u00f3n que nos aleje del d\u00eda a d\u00eda de la gente.<\/span><\/p>\n<p>[\/et_pb_text][\/et_pb_column][et_pb_column type=\u00bb1_3&#8243; _builder_version=\u00bb3.25&#8243; custom_padding=\u00bb|||\u00bb global_colors_info=\u00bb{}\u00bb custom_padding__hover=\u00bb|||\u00bb][et_pb_image src=\u00bbhttps:\/\/migrantesenigualdad.es\/wp-content\/uploads\/2021\/11\/IMG_6110-scaled.jpg\u00bb title_text=\u00bbIMG_6110&#8243; _builder_version=\u00bb4.10.6&#8243; _module_preset=\u00bbdefault\u00bb global_colors_info=\u00bb{}\u00bb][\/et_pb_image][\/et_pb_column][\/et_pb_row][et_pb_row column_structure=\u00bb1_3,2_3&#8243; _builder_version=\u00bb4.2.2&#8243; background_size=\u00bbinitial\u00bb background_position=\u00bbtop_left\u00bb background_repeat=\u00bbrepeat\u00bb custom_margin=\u00bb35px|auto|-54px|auto|false|false\u00bb custom_padding=\u00bb0px|||||\u00bb global_colors_info=\u00bb{}\u00bb][et_pb_column type=\u00bb1_3&#8243; _builder_version=\u00bb3.25&#8243; custom_padding=\u00bb|||\u00bb global_colors_info=\u00bb{}\u00bb custom_padding__hover=\u00bb|||\u00bb][et_pb_image src=\u00bbhttps:\/\/migrantesenigualdad.es\/wp-content\/uploads\/2021\/11\/IMG_6087-scaled.jpg\u00bb title_text=\u00bbIMG_6087&#8243; _builder_version=\u00bb4.10.6&#8243; global_colors_info=\u00bb{}\u00bb][\/et_pb_image][\/et_pb_column][et_pb_column type=\u00bb2_3&#8243; _builder_version=\u00bb3.25&#8243; custom_padding=\u00bb|||\u00bb global_colors_info=\u00bb{}\u00bb custom_padding__hover=\u00bb|||\u00bb][et_pb_text _builder_version=\u00bb4.10.6&#8243; background_size=\u00bbinitial\u00bb background_position=\u00bbtop_left\u00bb background_repeat=\u00bbrepeat\u00bb custom_margin=\u00bb|1px||1px|false|false\u00bb custom_padding=\u00bb6px|||||\u00bb border_color_all=\u00bb#000000&#8243; inline_fonts=\u00bbAbril Fatface,Abel\u00bb global_colors_info=\u00bb{}\u00bb]<\/p>\n<p style=\"text-align: justify;\"><span style=\"font-family: inherit; font-size: 18px;\"><span style=\"font-family: 'Abril Fatface'; font-weight: normal;\">Castillo <\/span>agreg\u00f3 que, para realizar ese trabajo de crear una narrativa antirracista, uno de los problemas existentes es que <span style=\"font-family: 'Abril Fatface'; font-weight: normal; font-size: x-large;\">la propiedad de muchos medios de comunicaci\u00f3n <\/span>est\u00e1 en manos de grandes compa\u00f1\u00edas con grandes intereses. La activista afirm\u00f3 que \u201cesto provoca que ciertos medios falten a la verdad y sean utilizados como herramientas pol\u00edticas, en lugar de servir a la ciudadan\u00eda y la convivencia\u201d.\u00a0<\/span><\/p>\n<p style=\"text-align: justify;\">\n<p style=\"text-align: justify;\">\n<p>[\/et_pb_text][\/et_pb_column][\/et_pb_row][et_pb_row _builder_version=\u00bb4.2.2&#8243; background_size=\u00bbinitial\u00bb background_position=\u00bbtop_left\u00bb background_repeat=\u00bbrepeat\u00bb custom_margin=\u00bb35px|auto|-54px|auto|false|false\u00bb custom_padding=\u00bb0px|||||\u00bb global_colors_info=\u00bb{}\u00bb][et_pb_column type=\u00bb4_4&#8243; _builder_version=\u00bb3.25&#8243; custom_padding=\u00bb|||\u00bb global_colors_info=\u00bb{}\u00bb custom_padding__hover=\u00bb|||\u00bb][et_pb_gallery gallery_ids=\u00bb2650,2610,2669,2671&#8243; fullwidth=\u00bbon\u00bb _builder_version=\u00bb4.10.6&#8243; _module_preset=\u00bbdefault\u00bb width=\u00bb70%\u00bb max_width=\u00bb100%\u00bb module_alignment=\u00bbcenter\u00bb global_colors_info=\u00bb{}\u00bb][\/et_pb_gallery][et_pb_divider show_divider=\u00bboff\u00bb _builder_version=\u00bb4.10.6&#8243; _module_preset=\u00bbdefault\u00bb use_background_color_gradient=\u00bbon\u00bb global_colors_info=\u00bb{}\u00bb][\/et_pb_divider][\/et_pb_column][\/et_pb_row][et_pb_row column_structure=\u00bb1_2,1_2&#8243; _builder_version=\u00bb4.9.7&#8243; background_size=\u00bbinitial\u00bb background_position=\u00bbtop_left\u00bb background_repeat=\u00bbrepeat\u00bb custom_margin=\u00bb35px|auto|-55px|auto|false|false\u00bb custom_padding=\u00bb0px||27px|||\u00bb global_colors_info=\u00bb{}\u00bb][et_pb_column type=\u00bb1_2&#8243; _builder_version=\u00bb3.25&#8243; custom_padding=\u00bb|||\u00bb global_colors_info=\u00bb{}\u00bb custom_padding__hover=\u00bb|||\u00bb][et_pb_text _builder_version=\u00bb4.10.6&#8243; background_size=\u00bbinitial\u00bb background_position=\u00bbtop_left\u00bb background_repeat=\u00bbrepeat\u00bb custom_padding=\u00bb6px|||||\u00bb inline_fonts=\u00bbAbril Fatface,Abel\u00bb global_colors_info=\u00bb{}\u00bb]<\/p>\n<p style=\"text-align: justify;\"><span style=\"font-family: inherit; font-size: 18px;\">En <span style=\"font-size: x-large; font-family: 'Abril Fatface';\">Ceuta<\/span> la fot\u00f3grafa Souad Loukili, el periodista en Ceutaaldia.com y elDiario.es, Gonzalo Testa, el periodista y fot\u00f3grafo en Baynana Okba Al Zobani y el voluntario en la Asociaci\u00f3n Elin Rams\u00e9s Mohamed Azumik continuaron el debate mantenido en Tarifa e incorporando nuevas propuestas.<\/span><\/p>\n<p>[\/et_pb_text][\/et_pb_column][et_pb_column type=\u00bb1_2&#8243; _builder_version=\u00bb3.25&#8243; custom_padding=\u00bb|||\u00bb global_colors_info=\u00bb{}\u00bb custom_padding__hover=\u00bb|||\u00bb][et_pb_image src=\u00bbhttps:\/\/migrantesenigualdad.es\/wp-content\/uploads\/2021\/11\/MG_6490-scaled.jpg\u00bb title_text=\u00bb_MG_6490&#8243; _builder_version=\u00bb4.10.6&#8243; _module_preset=\u00bbdefault\u00bb global_colors_info=\u00bb{}\u00bb][\/et_pb_image][\/et_pb_column][\/et_pb_row][et_pb_row column_structure=\u00bb1_3,2_3&#8243; _builder_version=\u00bb4.2.2&#8243; background_size=\u00bbinitial\u00bb background_position=\u00bbtop_left\u00bb background_repeat=\u00bbrepeat\u00bb custom_margin=\u00bb35px|auto|-54px|auto|false|false\u00bb custom_padding=\u00bb0px|||||\u00bb global_colors_info=\u00bb{}\u00bb][et_pb_column type=\u00bb1_3&#8243; _builder_version=\u00bb3.25&#8243; custom_padding=\u00bb|||\u00bb global_colors_info=\u00bb{}\u00bb custom_padding__hover=\u00bb|||\u00bb][et_pb_image src=\u00bbhttps:\/\/migrantesenigualdad.es\/wp-content\/uploads\/2021\/11\/MG_6458-scaled.jpg\u00bb title_text=\u00bb_MG_6458&#8243; _builder_version=\u00bb4.10.6&#8243; global_colors_info=\u00bb{}\u00bb][\/et_pb_image][\/et_pb_column][et_pb_column type=\u00bb2_3&#8243; _builder_version=\u00bb3.25&#8243; custom_padding=\u00bb|||\u00bb global_colors_info=\u00bb{}\u00bb custom_padding__hover=\u00bb|||\u00bb][et_pb_text _builder_version=\u00bb4.10.6&#8243; background_size=\u00bbinitial\u00bb background_position=\u00bbtop_left\u00bb background_repeat=\u00bbrepeat\u00bb custom_margin=\u00bb|1px||1px|false|false\u00bb custom_padding=\u00bb6px|||||\u00bb border_color_all=\u00bb#000000&#8243; inline_fonts=\u00bbAbril Fatface,Abel\u00bb global_colors_info=\u00bb{}\u00bb]<\/p>\n<p style=\"text-align: justify;\"><span style=\"font-family: inherit; font-size: 18px;\"><span style=\"font-family: 'Abril Fatface'; font-weight: normal;\">Loukili<\/span> reclam\u00f3 que se siga caminando <span style=\"font-family: 'Abril Fatface'; font-weight: normal; font-size: x-large;\">hacia un periodismo inclusivo<\/span> para lo que sugiri\u00f3 que los informativos podr\u00edan ser presentados en alguna ocasi\u00f3n por personas espa\u00f1olas, pero con otros or\u00edgenes.<\/span><\/p>\n<p>[\/et_pb_text][\/et_pb_column][\/et_pb_row][et_pb_row column_structure=\u00bb2_3,1_3&#8243; _builder_version=\u00bb4.2.2&#8243; background_size=\u00bbinitial\u00bb background_position=\u00bbtop_left\u00bb background_repeat=\u00bbrepeat\u00bb custom_margin=\u00bb35px|auto|-97px|auto|false|false\u00bb custom_padding=\u00bb0px|||||\u00bb global_colors_info=\u00bb{}\u00bb][et_pb_column type=\u00bb2_3&#8243; _builder_version=\u00bb3.25&#8243; custom_padding=\u00bb|||\u00bb global_colors_info=\u00bb{}\u00bb custom_padding__hover=\u00bb|||\u00bb][et_pb_text _builder_version=\u00bb4.10.6&#8243; background_size=\u00bbinitial\u00bb background_position=\u00bbtop_left\u00bb background_repeat=\u00bbrepeat\u00bb custom_margin=\u00bb|1px||1px|false|false\u00bb custom_padding=\u00bb6px|||||\u00bb border_color_all=\u00bb#000000&#8243; inline_fonts=\u00bbAbril Fatface,Abel\u00bb global_colors_info=\u00bb{}\u00bb]<\/p>\n<p style=\"text-align: justify;\"><span style=\"font-family: inherit; font-size: 18px;\">Un paso m\u00e1s dio <span style=\"font-family: 'Abril Fatface'; font-weight: normal;\">Al Zobani<\/span>: \u201c<span style=\"font-family: 'Abril Fatface'; font-weight: normal; font-size: x-large;\">No se puede ser periodista si no se defienden los derechos humanos<\/span>\u201d. Y reclam\u00f3 que \u201cno se puede utilizar la libertad de expresi\u00f3n para aplastar a los mismos de siempre\u201d.<\/span><\/p>\n<p style=\"text-align: justify;\">\n<p>[\/et_pb_text][\/et_pb_column][et_pb_column type=\u00bb1_3&#8243; _builder_version=\u00bb3.25&#8243; custom_padding=\u00bb|||\u00bb global_colors_info=\u00bb{}\u00bb custom_padding__hover=\u00bb|||\u00bb][et_pb_image src=\u00bbhttps:\/\/migrantesenigualdad.es\/wp-content\/uploads\/2021\/11\/MG_6500-scaled.jpg\u00bb title_text=\u00bb_MG_6500&#8243; _builder_version=\u00bb4.10.6&#8243; _module_preset=\u00bbdefault\u00bb global_colors_info=\u00bb{}\u00bb][\/et_pb_image][\/et_pb_column][\/et_pb_row][et_pb_row column_structure=\u00bb1_3,2_3&#8243; _builder_version=\u00bb4.2.2&#8243; background_size=\u00bbinitial\u00bb background_position=\u00bbtop_left\u00bb background_repeat=\u00bbrepeat\u00bb custom_margin=\u00bb35px|auto|-54px|auto|false|false\u00bb custom_padding=\u00bb0px|||||\u00bb global_colors_info=\u00bb{}\u00bb][et_pb_column type=\u00bb1_3&#8243; _builder_version=\u00bb3.25&#8243; custom_padding=\u00bb|||\u00bb global_colors_info=\u00bb{}\u00bb custom_padding__hover=\u00bb|||\u00bb][et_pb_image src=\u00bbhttps:\/\/migrantesenigualdad.es\/wp-content\/uploads\/2021\/11\/MG_6519-scaled.jpg\u00bb title_text=\u00bb_MG_6519&#8243; _builder_version=\u00bb4.10.6&#8243; global_colors_info=\u00bb{}\u00bb][\/et_pb_image][\/et_pb_column][et_pb_column type=\u00bb2_3&#8243; _builder_version=\u00bb3.25&#8243; custom_padding=\u00bb|||\u00bb global_colors_info=\u00bb{}\u00bb custom_padding__hover=\u00bb|||\u00bb][et_pb_text _builder_version=\u00bb4.10.6&#8243; background_size=\u00bbinitial\u00bb background_position=\u00bbtop_left\u00bb background_repeat=\u00bbrepeat\u00bb custom_margin=\u00bb|1px||1px|false|false\u00bb custom_padding=\u00bb6px|||||\u00bb border_color_all=\u00bb#000000&#8243; inline_fonts=\u00bbAbril Fatface,Abel\u00bb global_colors_info=\u00bb{}\u00bb]<\/p>\n<p style=\"text-align: justify;\"><span style=\"font-family: inherit; font-size: 18px;\">Coincid\u00eda en su an\u00e1lisis <span style=\"font-family: 'Abril Fatface'; font-weight: normal;\">Testa<\/span>, que manifest\u00f3 que \u201cel periodismo debe hacer militancia antirracista o anti machista y no se pierde la neutralidad\u201d. El periodista local reclam\u00f3 a sus colegas poner en la agenda la lucha contra<span style=\"font-family: 'Abril Fatface'; font-size: x-large;\"> los discursos de odio<\/span> porque <span style=\"font-family: 'Abril Fatface'; font-weight: normal; font-size: x-large;\">son un uso indebido de la libertad de expresi\u00f3n<\/span>.<\/span><\/p>\n<p>[\/et_pb_text][\/et_pb_column][\/et_pb_row][et_pb_row column_structure=\u00bb2_3,1_3&#8243; _builder_version=\u00bb4.2.2&#8243; background_size=\u00bbinitial\u00bb background_position=\u00bbtop_left\u00bb background_repeat=\u00bbrepeat\u00bb custom_margin=\u00bb35px|auto|-54px|auto|false|false\u00bb custom_padding=\u00bb0px|||||\u00bb global_colors_info=\u00bb{}\u00bb][et_pb_column type=\u00bb2_3&#8243; _builder_version=\u00bb3.25&#8243; custom_padding=\u00bb|||\u00bb global_colors_info=\u00bb{}\u00bb custom_padding__hover=\u00bb|||\u00bb][et_pb_text _builder_version=\u00bb4.10.6&#8243; background_size=\u00bbinitial\u00bb background_position=\u00bbtop_left\u00bb background_repeat=\u00bbrepeat\u00bb custom_margin=\u00bb|1px||1px|false|false\u00bb custom_padding=\u00bb6px|||||\u00bb border_color_all=\u00bb#000000&#8243; inline_fonts=\u00bbAbril Fatface,Abel\u00bb global_colors_info=\u00bb{}\u00bb]<\/p>\n<p style=\"text-align: justify;\"><span style=\"font-family: inherit; font-size: 18px;\">Precisamente para ejercer esa libertad de expresi\u00f3n, <span style=\"font-family: 'Abril Fatface'; font-weight: normal;\">Azumik<\/span> opin\u00f3 \u201cque es necesaria una serie de <span style=\"font-family: 'Abril Fatface'; font-weight: normal; font-size: x-large;\">responsabilidades a la hora de hablar o a la hora de informar<\/span> y, lo m\u00e1s importante, su l\u00edmite es la dignidad del otro\u201d. El activista lament\u00f3 que \u201cvemos noticias que hablan de fen\u00f3menos que pasan, pero no van a la ra\u00edz de la cuesti\u00f3n\u201d. Esto, a su parecer, impide a la ciudadan\u00eda comprender la complejidad de realidades como el racismo o la migraci\u00f3n.<\/span><\/p>\n<p style=\"text-align: justify;\">\n<p>[\/et_pb_text][\/et_pb_column][et_pb_column type=\u00bb1_3&#8243; _builder_version=\u00bb3.25&#8243; custom_padding=\u00bb|||\u00bb global_colors_info=\u00bb{}\u00bb custom_padding__hover=\u00bb|||\u00bb][et_pb_image src=\u00bbhttps:\/\/migrantesenigualdad.es\/wp-content\/uploads\/2021\/11\/MG_6452-scaled.jpg\u00bb title_text=\u00bb_MG_6452&#8243; _builder_version=\u00bb4.10.6&#8243; _module_preset=\u00bbdefault\u00bb global_colors_info=\u00bb{}\u00bb][\/et_pb_image][\/et_pb_column][\/et_pb_row][et_pb_row _builder_version=\u00bb4.2.2&#8243; background_size=\u00bbinitial\u00bb background_position=\u00bbtop_left\u00bb background_repeat=\u00bbrepeat\u00bb custom_margin=\u00bb35px|auto|-54px|auto|false|false\u00bb custom_padding=\u00bb0px|||||\u00bb global_colors_info=\u00bb{}\u00bb][et_pb_column type=\u00bb4_4&#8243; _builder_version=\u00bb3.25&#8243; custom_padding=\u00bb|||\u00bb global_colors_info=\u00bb{}\u00bb custom_padding__hover=\u00bb|||\u00bb][et_pb_gallery gallery_ids=\u00bb2676,2628,2627,2677,2678&#8243; fullwidth=\u00bbon\u00bb _builder_version=\u00bb4.10.6&#8243; _module_preset=\u00bbdefault\u00bb width=\u00bb70%\u00bb max_width=\u00bb100%\u00bb module_alignment=\u00bbcenter\u00bb global_colors_info=\u00bb{}\u00bb][\/et_pb_gallery][et_pb_divider show_divider=\u00bboff\u00bb _builder_version=\u00bb4.10.6&#8243; _module_preset=\u00bbdefault\u00bb use_background_color_gradient=\u00bbon\u00bb global_colors_info=\u00bb{}\u00bb][\/et_pb_divider][\/et_pb_column][\/et_pb_row][et_pb_row column_structure=\u00bb1_2,1_2&#8243; _builder_version=\u00bb4.10.6&#8243; _module_preset=\u00bbdefault\u00bb global_colors_info=\u00bb{}\u00bb][et_pb_column type=\u00bb1_2&#8243; _builder_version=\u00bb4.10.6&#8243; _module_preset=\u00bbdefault\u00bb global_colors_info=\u00bb{}\u00bb][et_pb_video src=\u00bbhttps:\/\/www.youtube.com\/watch?v=njm8cUfD_qE&#038;t=19s\u00bb _builder_version=\u00bb4.10.6&#8243; _module_preset=\u00bbdefault\u00bb global_colors_info=\u00bb{}\u00bb][\/et_pb_video][\/et_pb_column][et_pb_column type=\u00bb1_2&#8243; _builder_version=\u00bb4.10.6&#8243; _module_preset=\u00bbdefault\u00bb global_colors_info=\u00bb{}\u00bb][et_pb_video src=\u00bbhttps:\/\/youtu.be\/keWDY_imGKk\u00bb _builder_version=\u00bb4.10.6&#8243; _module_preset=\u00bbdefault\u00bb hover_enabled=\u00bb0&#8243; global_colors_info=\u00bb{}\u00bb sticky_enabled=\u00bb0&#8243;][\/et_pb_video][\/et_pb_column][\/et_pb_row][\/et_pb_section]<\/p>\n","protected":false},"excerpt":{"rendered":"<p>Diferentes personas, diferentes acentos, diferentes ciudades, diferentes fechas, pero un mismo di\u00e1logo. Un di\u00e1logo a las dos orillas del Estrecho. As\u00ed se desarroll\u00f3 la jornada sobre periodismo y discursos de odio Migremos hacia un periodismo \u00e9tico. Un di\u00e1logo en torno a tres tem\u00e1ticas de plena actualidad: c\u00f3mo informar del fen\u00f3meno migratorio desde una perspectiva de [&hellip;]<\/p>\n","protected":false},"author":1,"featured_media":2645,"comment_status":"open","ping_status":"closed","sticky":false,"template":"","format":"standard","meta":{"_et_pb_use_builder":"on","_et_pb_old_content":"","_et_gb_content_width":"","_jetpack_newsletter_access":"","_jetpack_dont_email_post_to_subs":false,"_jetpack_newsletter_tier_id":0,"_jetpack_memberships_contains_paywalled_content":false,"_jetpack_feature_clip_id":0,"_jetpack_memberships_contains_paid_content":false,"footnotes":"","jetpack_post_was_ever_published":false},"categories":[26],"tags":[33,50,42,47,14,44,43,67],"class_list":["post-2644","post","type-post","status-publish","format-standard","has-post-thumbnail","hentry","category-observatorio","tag-alteridad","tag-campo-de-gibraltar","tag-ceuta","tag-comunidad","tag-migrantes","tag-periodismo","tag-prensa","tag-tarifa"],"jetpack_sharing_enabled":true,"jetpack_featured_media_url":"https:\/\/i0.wp.com\/migrantesenigualdad.es\/wp-content\/uploads\/2021\/11\/mesa-2.png?fit=406%2C250&ssl=1","post_mailing_queue_ids":[],"_links":{"self":[{"href":"https:\/\/migrantesenigualdad.es\/index.php\/wp-json\/wp\/v2\/posts\/2644","targetHints":{"allow":["GET"]}}],"collection":[{"href":"https:\/\/migrantesenigualdad.es\/index.php\/wp-json\/wp\/v2\/posts"}],"about":[{"href":"https:\/\/migrantesenigualdad.es\/index.php\/wp-json\/wp\/v2\/types\/post"}],"author":[{"embeddable":true,"href":"https:\/\/migrantesenigualdad.es\/index.php\/wp-json\/wp\/v2\/users\/1"}],"replies":[{"embeddable":true,"href":"https:\/\/migrantesenigualdad.es\/index.php\/wp-json\/wp\/v2\/comments?post=2644"}],"version-history":[{"count":0,"href":"https:\/\/migrantesenigualdad.es\/index.php\/wp-json\/wp\/v2\/posts\/2644\/revisions"}],"wp:featuredmedia":[{"embeddable":true,"href":"https:\/\/migrantesenigualdad.es\/index.php\/wp-json\/wp\/v2\/media\/2645"}],"wp:attachment":[{"href":"https:\/\/migrantesenigualdad.es\/index.php\/wp-json\/wp\/v2\/media?parent=2644"}],"wp:term":[{"taxonomy":"category","embeddable":true,"href":"https:\/\/migrantesenigualdad.es\/index.php\/wp-json\/wp\/v2\/categories?post=2644"},{"taxonomy":"post_tag","embeddable":true,"href":"https:\/\/migrantesenigualdad.es\/index.php\/wp-json\/wp\/v2\/tags?post=2644"}],"curies":[{"name":"wp","href":"https:\/\/api.w.org\/{rel}","templated":true}]}}