{"id":2555,"date":"2021-11-11T16:30:58","date_gmt":"2021-11-11T16:30:58","guid":{"rendered":"https:\/\/migrantesenigualdad.es\/?p=2555"},"modified":"2022-06-17T08:17:06","modified_gmt":"2022-06-17T08:17:06","slug":"una-persona-como-tu","status":"publish","type":"post","link":"https:\/\/migrantesenigualdad.es\/index.php\/2021\/11\/11\/una-persona-como-tu\/","title":{"rendered":"Una persona como t\u00fa"},"content":{"rendered":"<p>[et_pb_section fb_built=\u00bb1&#8243; _builder_version=\u00bb3.22&#8243; custom_padding=\u00bb0px|||||\u00bb global_colors_info=\u00bb{}\u00bb][et_pb_row _builder_version=\u00bb4.2.2&#8243; background_size=\u00bbinitial\u00bb background_position=\u00bbtop_left\u00bb background_repeat=\u00bbrepeat\u00bb min_height=\u00bb84px\u00bb custom_margin=\u00bb|auto|-29px|auto|false|false\u00bb global_colors_info=\u00bb{}\u00bb][et_pb_column type=\u00bb4_4&#8243; _builder_version=\u00bb3.25&#8243; custom_padding=\u00bb|||\u00bb global_colors_info=\u00bb{}\u00bb custom_padding__hover=\u00bb|||\u00bb][et_pb_text admin_label=\u00bbTexto\u00bb _builder_version=\u00bb4.10.6&#8243; text_font=\u00bb||||||||\u00bb text_line_height=\u00bb2em\u00bb header_text_color=\u00bb#0c71c3&#8243; header_2_font=\u00bb|700|||||||\u00bb header_2_text_align=\u00bbleft\u00bb header_2_text_color=\u00bb#e0b8ff\u00bb header_2_line_height=\u00bb1.1em\u00bb header_3_font=\u00bb|600|||||||\u00bb header_3_text_color=\u00bb#0da0c5&#8243; width=\u00bb100%\u00bb module_alignment=\u00bbcenter\u00bb hover_enabled=\u00bb0&#8243; inline_fonts=\u00bbFredericka the Great,Fredoka One,Frank Ruhl Libre,Annie Use Your Telescope\u00bb global_colors_info=\u00bb{}\u00bb sticky_enabled=\u00bb0&#8243;]<\/p>\n<p>El mar como met\u00e1fora de inclusi\u00f3n. El mar como espacio de encuentro. La fot\u00f3grafa ceut\u00ed Souad Loukili nos remite este v\u00eddeo poema con el que nos invita a reflexionar.<\/p>\n<p><strong><span style=\"font-family: 'Annie Use Your Telescope'; font-size: xx-large;\">Qui\u00e9n es<\/span><\/strong><\/p>\n<p><strong><span style=\"font-family: 'Annie Use Your Telescope'; font-size: xx-large;\">\u00a0 \u00a0 Qui\u00e9n es<\/span><\/strong><\/p>\n<p>&nbsp;<\/p>\n<p><strong><span style=\"font-family: 'Annie Use Your Telescope'; font-size: xx-large;\">Soy migrante<\/span><\/strong><\/p>\n<p><strong><span style=\"font-family: 'Annie Use Your Telescope'; font-size: xx-large;\">\u00a0 \u00a0 \u00a0 \u00a0 No soy una persona como t\u00fa<\/span><\/strong><\/p>\n<p><strong><span style=\"font-family: 'Annie Use Your Telescope'; font-size: xx-large;\">ni como t\u00fa<\/span><\/strong><\/p>\n<p><strong><span style=\"font-family: 'Annie Use Your Telescope'; font-size: xx-large;\">ni como t\u00fa<\/span><\/strong><\/p>\n<p>&nbsp;<\/p>\n<p><strong><span style=\"font-family: 'Annie Use Your Telescope'; font-size: xx-large;\">\u00a0 \u00a0 \u00a0 \u00a0 Deja de pensar<\/span><\/strong><\/p>\n<p><strong><span style=\"font-family: 'Annie Use Your Telescope'; font-size: xx-large;\">\u00a0 \u00a0 \u00a0 \u00a0 \u00a0 \u00a0 \u00a0 \u00a0 Deja de pensar<\/span><\/strong><\/p>\n<p><strong><span style=\"font-family: 'Annie Use Your Telescope'; font-size: xx-large;\">e imag\u00ednate\u2026 si vivi\u00e9semos en el mar<\/span><\/strong><\/p>\n<p><strong><span style=\"font-family: 'Annie Use Your Telescope'; font-size: xx-large;\">\u00a0 \u00a0 \u00a0 \u00a0 \u00a0 \u00a0 \u00a0 \u00a0 \u00a0 \u00a0 \u00a0 \u00a0 \u00a0 \u00a0 \u00a0 \u00a0donde estoy<\/span><\/strong><\/p>\n<p>&nbsp;<\/p>\n<p><strong><span style=\"font-family: 'Annie Use Your Telescope'; font-size: xx-large;\">Ser\u00edamos iguales<\/span><\/strong><\/p>\n<p>&nbsp;<\/p>\n<p>&nbsp;<\/p>\n<p><strong><span style=\"font-family: 'Annie Use Your Telescope'; font-size: xx-large;\">Mi mensaje es<\/span><\/strong><\/p>\n<p><strong><span style=\"font-family: 'Annie Use Your Telescope'; font-size: xx-large;\">\u00a0 \u00a0 \u00a0 \u00a0para integrarnos juntos<\/span><\/strong><\/p>\n<p><strong><span style=\"font-family: 'Annie Use Your Telescope'; font-size: xx-large;\">\u00a0<\/span><\/strong><\/p>\n<p><strong><span style=\"font-family: 'Annie Use Your Telescope'; font-size: xx-large;\">Mezcla nuestras culturas<\/span><\/strong><\/p>\n<p><strong><span style=\"font-family: 'Annie Use Your Telescope'; font-size: xx-large;\">\u00a0 \u00a0 \u00a0 \u00a0con una gran esperanza<\/span><\/strong><\/p>\n<p><strong><span style=\"font-family: 'Annie Use Your Telescope'; font-size: xx-large;\">y as\u00ed vivir una vida digna<\/span><\/strong><\/p>\n<p><strong><span style=\"font-family: 'Annie Use Your Telescope'; font-size: xx-large;\">\u00a0 \u00a0 \u00a0 \u00a0 \u00a0 \u00a0 \u00a0 \u00a0 \u00a0 \u00a0 \u00a0 verdad o no?<\/span><\/strong><\/p>\n<p>&nbsp;<\/p>\n<p>&nbsp;<\/p>\n<p><strong><span style=\"font-family: 'Annie Use Your Telescope'; font-size: xx-large;\">Integramos<\/span><\/strong><\/p>\n<p><strong><span style=\"font-family: 'Annie Use Your Telescope'; font-size: xx-large;\">\u00a0 \u00a0 \u00a0 \u00a0para ser<\/span><\/strong><\/p>\n<p><strong><span style=\"font-family: 'Annie Use Your Telescope'; font-size: xx-large;\">\u00a0<\/span><\/strong><\/p>\n<p><strong><span style=\"font-family: 'Annie Use Your Telescope'; font-size: xx-large;\">Porque soy<\/span><\/strong><\/p>\n<p><strong><span style=\"font-family: 'Annie Use Your Telescope'; font-size: xx-large;\">\u00a0 \u00a0 \u00a0 \u00a0una persona<\/span><\/strong><\/p>\n<p><strong><span style=\"font-family: 'Annie Use Your Telescope'; font-size: xx-large;\">\u00a0 \u00a0 \u00a0 \u00a0como t\u00fa<\/span><\/strong><\/p>\n<p><strong>\u00a0<\/strong><\/p>\n<p><strong><span style=\"font-family: 'Annie Use Your Telescope'; font-size: xx-large;\">(Muchas gracias por escucharme.<\/span><\/strong><\/p>\n<p><strong><span style=\"font-family: 'Annie Use Your Telescope'; font-size: xx-large;\">\u00a1Imag\u00ednate!)<\/span><span style=\"font-family: 'Annie Use Your Telescope'; font-size: xx-large;\"><span style=\"color: #0da0c5;\">\u00a0<\/span><\/span><\/strong><\/p>\n<p style=\"text-align: right;\"><strong><span style=\"color: #7f00e8; font-family: 'Fredericka the Great'; font-size: x-large;\">Souad Loukili. Fot\u00f3grafa.<\/span><\/strong><\/p>\n<p style=\"text-align: right;\">[\/et_pb_text][et_pb_video src=\u00bbhttps:\/\/migrantesenigualdad.es\/wp-content\/uploads\/2021\/11\/WhatsApp-Video-2021-11-10-at-14.48.14.mp4&#8243; _builder_version=\u00bb4.10.6&#8243; _module_preset=\u00bbdefault\u00bb global_colors_info=\u00bb{}\u00bb][\/et_pb_video][\/et_pb_column][\/et_pb_row][\/et_pb_section]<\/p>\n","protected":false},"excerpt":{"rendered":"<p>El mar como met\u00e1fora de inclusi\u00f3n. El mar como espacio de encuentro. La fot\u00f3grafa ceut\u00ed Souad Loukili nos remite este v\u00eddeo poema con el que nos invita a reflexionar. Qui\u00e9n es \u00a0 \u00a0 Qui\u00e9n es &nbsp; Soy migrante \u00a0 \u00a0 \u00a0 \u00a0 No soy una persona como t\u00fa ni como t\u00fa ni como t\u00fa &nbsp; [&hellip;]<\/p>\n","protected":false},"author":1,"featured_media":2556,"comment_status":"open","ping_status":"closed","sticky":false,"template":"","format":"standard","meta":{"_et_pb_use_builder":"on","_et_pb_old_content":"","_et_gb_content_width":"","_jetpack_newsletter_access":"","_jetpack_dont_email_post_to_subs":false,"_jetpack_newsletter_tier_id":0,"_jetpack_memberships_contains_paywalled_content":false,"_jetpack_feature_clip_id":0,"_jetpack_memberships_contains_paid_content":false,"footnotes":"","jetpack_post_was_ever_published":false},"categories":[1,107],"tags":[51,47,38,15,14,58,35],"class_list":["post-2555","post","type-post","status-publish","format-standard","has-post-thumbnail","hentry","category-actualidad","category-tienes-un-minuto","tag-ciudadanos-extranjeros","tag-comunidad","tag-convivencia","tag-igualdad","tag-migrantes","tag-mujeres","tag-prejuicios"],"jetpack_sharing_enabled":true,"jetpack_featured_media_url":"https:\/\/i0.wp.com\/migrantesenigualdad.es\/wp-content\/uploads\/2021\/11\/una-persona-como-tu.png?fit=806%2C496&ssl=1","post_mailing_queue_ids":[],"_links":{"self":[{"href":"https:\/\/migrantesenigualdad.es\/index.php\/wp-json\/wp\/v2\/posts\/2555","targetHints":{"allow":["GET"]}}],"collection":[{"href":"https:\/\/migrantesenigualdad.es\/index.php\/wp-json\/wp\/v2\/posts"}],"about":[{"href":"https:\/\/migrantesenigualdad.es\/index.php\/wp-json\/wp\/v2\/types\/post"}],"author":[{"embeddable":true,"href":"https:\/\/migrantesenigualdad.es\/index.php\/wp-json\/wp\/v2\/users\/1"}],"replies":[{"embeddable":true,"href":"https:\/\/migrantesenigualdad.es\/index.php\/wp-json\/wp\/v2\/comments?post=2555"}],"version-history":[{"count":0,"href":"https:\/\/migrantesenigualdad.es\/index.php\/wp-json\/wp\/v2\/posts\/2555\/revisions"}],"wp:featuredmedia":[{"embeddable":true,"href":"https:\/\/migrantesenigualdad.es\/index.php\/wp-json\/wp\/v2\/media\/2556"}],"wp:attachment":[{"href":"https:\/\/migrantesenigualdad.es\/index.php\/wp-json\/wp\/v2\/media?parent=2555"}],"wp:term":[{"taxonomy":"category","embeddable":true,"href":"https:\/\/migrantesenigualdad.es\/index.php\/wp-json\/wp\/v2\/categories?post=2555"},{"taxonomy":"post_tag","embeddable":true,"href":"https:\/\/migrantesenigualdad.es\/index.php\/wp-json\/wp\/v2\/tags?post=2555"}],"curies":[{"name":"wp","href":"https:\/\/api.w.org\/{rel}","templated":true}]}}