{"id":2429,"date":"2021-10-29T11:19:16","date_gmt":"2021-10-29T11:19:16","guid":{"rendered":"https:\/\/migrantesenigualdad.es\/?p=2429"},"modified":"2022-06-17T08:17:01","modified_gmt":"2022-06-17T08:17:01","slug":"centro-de-salud-sanidad-universal-publica","status":"publish","type":"post","link":"https:\/\/migrantesenigualdad.es\/index.php\/2021\/10\/29\/centro-de-salud-sanidad-universal-publica\/","title":{"rendered":"El centro de salud de mi barrio y la sanidad universal"},"content":{"rendered":"<p>[et_pb_section fb_built=\u00bb1&#8243; _builder_version=\u00bb3.22&#8243; custom_padding=\u00bb0px|||||\u00bb global_colors_info=\u00bb{}\u00bb][et_pb_row _builder_version=\u00bb4.2.2&#8243; background_size=\u00bbinitial\u00bb background_position=\u00bbtop_left\u00bb background_repeat=\u00bbrepeat\u00bb min_height=\u00bb84px\u00bb custom_margin=\u00bb|auto|-29px|auto|false|false\u00bb global_colors_info=\u00bb{}\u00bb][et_pb_column type=\u00bb4_4&#8243; _builder_version=\u00bb3.25&#8243; custom_padding=\u00bb|||\u00bb global_colors_info=\u00bb{}\u00bb custom_padding__hover=\u00bb|||\u00bb][et_pb_text _builder_version=\u00bb4.2.2&#8243; text_font=\u00bb||||||||\u00bb text_line_height=\u00bb2em\u00bb header_text_color=\u00bb#0c71c3&#8243; header_2_font=\u00bb|700|||||||\u00bb header_2_text_align=\u00bbleft\u00bb header_2_text_color=\u00bb#e0b8ff\u00bb header_2_line_height=\u00bb1.1em\u00bb header_3_font=\u00bb|600|||||||\u00bb header_3_text_color=\u00bb#0da0c5&#8243; width=\u00bb100%\u00bb module_alignment=\u00bbcenter\u00bb inline_fonts=\u00bbFredericka the Great,Fredoka One,Frank Ruhl Libre,Annie Use Your Telescope\u00bb global_colors_info=\u00bb{}\u00bb]<\/p>\n<h2><span style=\"font-family: Fredericka the Great; font-weight: normal; font-size: xx-large; color: #8300e9;\"><\/span><\/h2>\n<p style=\"text-align: right;\"><span style=\"font-size: xx-large;\"><strong><span style=\"font-family: 'Annie Use Your Telescope';\">\u00a0 <span style=\"color: #0da0c5;\">El derecho a la salud abarca el acceso a un sistema de protecci\u00f3n de la salud que ofrezca a todas las personas las mismas oportunidades de disfrutar del grado m\u00e1ximo de salud que se pueda alcanzar<\/span><\/span><\/strong><\/span><strong style=\"font-family: 'Annie Use Your Telescope'; color: #e0b8ff; text-align: right; font-size: xx-large;\"><span style=\"color: #0da0c5;\"><span style=\"font-size: xx-large;\"><strong><span style=\"font-family: 'Annie Use Your Telescope';\"><\/span><\/strong><\/span>\u00a0<\/span><\/strong><\/p>\n<p style=\"text-align: right;\"><span style=\"color: #7f00e8; font-family: 'Fredericka the Great'; font-size: x-large;\">Organizaci\u00f3n Mundial de la Salud<\/span><\/p>\n<p>[\/et_pb_text][\/et_pb_column][\/et_pb_row][et_pb_row _builder_version=\u00bb4.2.2&#8243; background_size=\u00bbinitial\u00bb background_position=\u00bbtop_left\u00bb background_repeat=\u00bbrepeat\u00bb min_height=\u00bb666.7px\u00bb custom_margin=\u00bb35px|auto|-55px|auto|false|false\u00bb custom_padding=\u00bb0px|||||\u00bb global_colors_info=\u00bb{}\u00bb][et_pb_column type=\u00bb4_4&#8243; _builder_version=\u00bb3.25&#8243; custom_padding=\u00bb|||\u00bb global_colors_info=\u00bb{}\u00bb custom_padding__hover=\u00bb|||\u00bb][et_pb_text _builder_version=\u00bb4.2.2&#8243; background_size=\u00bbinitial\u00bb background_position=\u00bbtop_left\u00bb background_repeat=\u00bbrepeat\u00bb inline_fonts=\u00bbAbril Fatface,Abel\u00bb global_colors_info=\u00bb{}\u00bb]<\/p>\n<p style=\"text-align: justify;\"><span style=\"font-size: large;\"><span style=\"font-family: inherit; font-weight: normal;\"><span>En el centro de salud de mi barrio hay d\u00edas tranquilos y d\u00edas en que hay m\u00e1s gente que en la plaza de abastos. Enfrente de las consultas encontramos personas mayores y j\u00f3venes que van con m\u00e1s o menos prisa, por algo propio o de alguien cercano. <\/span><\/span><\/span><\/p>\n<p style=\"text-align: justify;\"><span style=\"font-size: large;\"><span style=\"font-family: inherit; font-weight: normal;\"><span>La sala de extracciones es una de las zonas calientes del centro. En la zona de espera hay grupitos de personas sentadas, aunque la mayor\u00eda est\u00e1 de pie. La cola no deja de moverse, pero siempre hay gente nueva que llega y la alimenta. <\/span><\/span><\/span><\/p>\n<p style=\"text-align: justify;\"><span style=\"font-size: large;\"><span style=\"font-family: inherit; font-weight: normal;\"><span>En la ventanilla, dos enfermeras dan tubos, cogen muestras, ponen pegatinas y explican todo a modo de instrucciones r\u00e1pidas y eficaces. Hay un murmullo constante y una voz que peri\u00f3dicamente dice \u00a1Siguiente! destacando entre las dem\u00e1s voces de la sala.<\/span><\/span><br \/><\/span><\/p>\n<p>[\/et_pb_text][et_pb_image src=\u00bbhttps:\/\/migrantesenigualdad.es\/wp-content\/uploads\/2021\/10\/Sala-de-Espera-Quirurgica.jpg\u00bb title_text=\u00bbSala-de-Espera-Quirurgica\u00bb align=\u00bbcenter\u00bb _builder_version=\u00bb4.10.6&#8243; global_colors_info=\u00bb{}\u00bb][\/et_pb_image][et_pb_text _builder_version=\u00bb4.2.2&#8243; background_size=\u00bbinitial\u00bb background_position=\u00bbtop_left\u00bb background_repeat=\u00bbrepeat\u00bb min_height=\u00bb46px\u00bb inline_fonts=\u00bbAbril Fatface,Abel\u00bb global_colors_info=\u00bb{}\u00bb]<\/p>\n<p style=\"text-align: center;\"><span style=\"font-size: large;\"><span style=\"font-family: inherit; font-weight: normal; font-size: medium;\">Imagen extra\u00edda de https:\/\/isanidad.com\/<\/span><br \/><\/span><\/p>\n<p>[\/et_pb_text][\/et_pb_column][\/et_pb_row][et_pb_row _builder_version=\u00bb4.2.2&#8243; background_size=\u00bbinitial\u00bb background_position=\u00bbtop_left\u00bb background_repeat=\u00bbrepeat\u00bb custom_margin=\u00bb35px|auto|-55px|auto|false|false\u00bb custom_padding=\u00bb0px|||||\u00bb global_colors_info=\u00bb{}\u00bb][et_pb_column type=\u00bb4_4&#8243; _builder_version=\u00bb3.25&#8243; custom_padding=\u00bb|||\u00bb global_colors_info=\u00bb{}\u00bb custom_padding__hover=\u00bb|||\u00bb][et_pb_text _builder_version=\u00bb4.2.2&#8243; background_size=\u00bbinitial\u00bb background_position=\u00bbtop_left\u00bb background_repeat=\u00bbrepeat\u00bb locked=\u00bboff\u00bb inline_fonts=\u00bbAbril Fatface,Abel\u00bb global_colors_info=\u00bb{}\u00bb]<\/p>\n<p style=\"text-align: justify;\"><span style=\"font-size: large;\"><span style=\"font-family: inherit; font-weight: normal;\">En un momento, esa voz se oye un poco m\u00e1s alta mientras atiende a un usuario. La gente mira y ve al hombre al que atiende un poco confundido. No se est\u00e1 enterando bien, se nota. Y la enfermera, la de la voz del \u00a1Siguiente!, da las instrucciones en un volumen m\u00e1s alto y se la oye repiti\u00e9ndolas una y otra vez. La voz empieza a crisparse y la gente se siente inc\u00f3moda. A la enfermera se le est\u00e1 acabando la paciencia. <\/span><\/span><\/p>\n<p style=\"text-align: justify;\"><span style=\"font-size: large;\"><span style=\"font-family: inherit; font-weight: normal;\">La otra enfermera entiende la situaci\u00f3n. Tienen que atender de manera eficaz y sin errores, no se pueden confundir las pegatinas de unos tubos con las de otros, es esencial llevar un orden meticuloso y hay que hacerlo a un ritmo sin pausa, porque la gente se acumula en los pasillos. <\/span><\/span><\/p>\n<p style=\"text-align: justify;\"><span style=\"font-size: large;\"><span style=\"font-family: inherit; font-weight: normal;\">La enfermera sigue alzando la voz y acaba pregunt\u00e1ndole al paciente: \u201cPero, \u00bft\u00fa hablas mi idioma?\u201d No es dif\u00edcil percibir el bloqueo del hombre. Se ha puesto tan nervioso que no sabe qu\u00e9 hacer y la mira con cara de p\u00e1nico. La gente de la sala lo observa y \u00e9l lo nota. Un chico joven le dice a la mujer a su lado, que parece su madre: <\/span><\/span><\/p>\n<p style=\"text-align: justify;\"><span style=\"font-size: large;\"><span style=\"font-family: inherit; font-weight: normal;\">\u2013Es un inmigrante. Por culpa de esta gente hay la cola que hay. Y encima los medicamentos les salen gratis. <\/span><\/span><\/p>\n<p style=\"text-align: justify;\"><span style=\"font-size: large;\"><span style=\"font-family: inherit; font-weight: normal;\">La madre asiente, distra\u00edda. Otra mujer que lo oye se le queda mirando. <\/span><\/span><\/p>\n<p style=\"text-align: justify;\"><span style=\"font-size: large;\"><span style=\"font-family: inherit; font-weight: normal;\">La enfermera sigue con las instrucciones, ahora ya casi gritando. La otra enfermera la interrumpe: <\/span><\/span><\/p>\n<p style=\"text-align: justify;\"><span style=\"font-size: large;\"><span style=\"font-family: inherit; font-weight: normal;\">\u2013Oye, el hombre est\u00e1 nervioso, est\u00e1 bloqueado. Se ve que entiende regular y no lo va a entender mejor porque le gritemos m\u00e1s. <\/span><\/span><\/p>\n<p style=\"text-align: justify;\"><span style=\"font-size: large;\"><span style=\"font-family: inherit; font-weight: normal;\">La enfermera del \u00a1Siguiente! mira a su compa\u00f1era con sorpresa, lo piensa un momento y asiente. Es verdad. No es cuesti\u00f3n de volumen.<\/span><\/span><\/p>\n<p style=\"text-align: justify;\"><span style=\"font-size: large;\"><span style=\"font-family: inherit; font-weight: normal;\"><span style=\"font-size: 18px; font-family: inherit;\">En la sala hay una chica sentada que no pierde de vista la escena. Intuye que el hombre tiene la misma lengua materna que ella y se levanta a preguntarle:<\/span><\/span><\/span><\/p>\n<p style=\"text-align: justify;\"><span style=\"font-size: 18px; font-family: inherit;\">\u2013Perdone, se\u00f1or, \u00bfpuedo ayudarle? \u2013, le dice en su idioma. <\/span><\/p>\n<p>[\/et_pb_text][\/et_pb_column][\/et_pb_row][et_pb_row column_structure=\u00bb1_3,2_3&#8243; _builder_version=\u00bb4.2.2&#8243; background_size=\u00bbinitial\u00bb background_position=\u00bbtop_left\u00bb background_repeat=\u00bbrepeat\u00bb custom_margin=\u00bb|auto|-47px|auto|false|false\u00bb custom_padding=\u00bb21px|||||\u00bb global_colors_info=\u00bb{}\u00bb][et_pb_column type=\u00bb1_3&#8243; _builder_version=\u00bb3.25&#8243; custom_padding=\u00bb|||\u00bb global_colors_info=\u00bb{}\u00bb custom_padding__hover=\u00bb|||\u00bb][et_pb_image src=\u00bbhttps:\/\/migrantesenigualdad.es\/wp-content\/uploads\/2021\/10\/200406_su_medicos_del_mundo-a4_3.jpg\u00bb title_text=\u00bb200406_su_medicos_del_mundo-a4_3&#8243; _builder_version=\u00bb4.10.6&#8243; global_colors_info=\u00bb{}\u00bb][\/et_pb_image][et_pb_text _builder_version=\u00bb4.10.6&#8243; background_size=\u00bbinitial\u00bb background_position=\u00bbtop_left\u00bb background_repeat=\u00bbrepeat\u00bb min_height=\u00bb30px\u00bb custom_margin=\u00bb-47px|||||\u00bb custom_padding=\u00bb|4px||||\u00bb inline_fonts=\u00bbAbril Fatface,Abel\u00bb global_colors_info=\u00bb{}\u00bb]<\/p>\n<p style=\"text-align: center;\"><span style=\"font-size: large;\"><span style=\"font-family: inherit; font-weight: normal;\"><span><span style=\"font-family: 'Abril Fatface'; font-weight: normal; font-size: x-large;\"><\/span><\/span><\/span><\/span><\/p>\n<p style=\"text-align: center;\"><span style=\"font-size: medium; font-family: inherit;\">Campa\u00f1a de M\u00e9dicos del Mundo <\/span><\/p>\n<p>[\/et_pb_text][\/et_pb_column][et_pb_column type=\u00bb2_3&#8243; _builder_version=\u00bb3.25&#8243; custom_padding=\u00bb|||\u00bb global_colors_info=\u00bb{}\u00bb custom_padding__hover=\u00bb|||\u00bb][et_pb_text _builder_version=\u00bb4.2.2&#8243; background_size=\u00bbinitial\u00bb background_position=\u00bbtop_left\u00bb background_repeat=\u00bbrepeat\u00bb inline_fonts=\u00bbAbril Fatface,Abel\u00bb global_colors_info=\u00bb{}\u00bb]<\/p>\n<p style=\"text-align: justify;\"><span style=\"font-size: large;\"><span style=\"font-family: inherit; font-weight: normal;\"><span><span style=\"font-family: 'Abril Fatface'; font-weight: normal; font-size: x-large;\"><\/span><\/span><\/span><\/span><\/p>\n<p style=\"text-align: justify;\"><span style=\"font-size: 18px; font-family: inherit;\">La cara del hombre cambia repentinamente, hace un gesto de agradecimiento toc\u00e1ndose el coraz\u00f3n y le contesta: <\/span><\/p>\n<p style=\"text-align: justify;\"><span style=\"font-size: 18px; font-family: inherit;\">\u2013S\u00ed, por favor. <\/span><\/p>\n<p style=\"text-align: justify;\"><span style=\"font-size: 18px; font-family: inherit;\">La chica les dice a las enfermeras que ella puede traducir y las enfermeras acogen la propuesta con entusiasmo. Le repiten las instrucciones con calma y precisi\u00f3n y la chica va traduciendo cada una de las palabras. Cuando acaban, el hombre mira a las enfermeras y sonr\u00ede. Las enfermeras sonr\u00eden de vuelta. Antes de irse al sitio indicado, el hombre agradece a la chica su ofrecimiento y la joven le dice que no le ha costado nada. Lo mismo les dice a las enfermeras cuando tambi\u00e9n le dan las gracias: <\/span><\/p>\n<p style=\"text-align: justify;\"><span style=\"font-size: 18px; font-family: inherit;\">\u2013No me ha costado nada.<\/span><\/p>\n<p style=\"text-align: justify;\">\n<p>[\/et_pb_text][\/et_pb_column][\/et_pb_row][et_pb_row _builder_version=\u00bb4.2.2&#8243; background_size=\u00bbinitial\u00bb background_position=\u00bbtop_left\u00bb background_repeat=\u00bbrepeat\u00bb custom_margin=\u00bb35px|auto|-55px|auto|false|false\u00bb custom_padding=\u00bb0px|||||\u00bb global_colors_info=\u00bb{}\u00bb][et_pb_column type=\u00bb4_4&#8243; _builder_version=\u00bb3.25&#8243; custom_padding=\u00bb|||\u00bb global_colors_info=\u00bb{}\u00bb custom_padding__hover=\u00bb|||\u00bb][et_pb_text _builder_version=\u00bb4.2.2&#8243; background_size=\u00bbinitial\u00bb background_position=\u00bbtop_left\u00bb background_repeat=\u00bbrepeat\u00bb locked=\u00bboff\u00bb inline_fonts=\u00bbAbril Fatface,Abel\u00bb global_colors_info=\u00bb{}\u00bb]<\/p>\n<p style=\"text-align: justify;\"><span style=\"font-size: large;\"><span style=\"font-family: inherit; font-weight: normal;\"><\/span><\/span><\/p>\n<p style=\"text-align: justify;\"><span style=\"font-size: large;\"><span style=\"font-family: inherit; font-weight: normal;\">La mujer que est\u00e1 frente al chico joven y su madre acaba de ver la escena y en un impulso le dice al chico: <\/span><\/span><\/p>\n<p style=\"text-align: justify;\"><span style=\"font-size: large;\"><span style=\"font-family: inherit; font-weight: normal;\">\u2013Oye \u2013el chico la mira\u2013 no es verdad que los medicamentos sean gratis para las personas migrantes. Y otra cosa, <span style=\"font-family: 'Abril Fatface'; font-size: x-large;\">la salud es un derecho humano<\/span> y yo estoy orgullosa de que en mi centro de salud se atienda a todo el mundo por igual. <\/span><\/span><\/p>\n<p style=\"text-align: justify;\"><span style=\"font-size: large;\"><span style=\"font-family: inherit; font-weight: normal;\">El chico parpadea de asombro y la madre, d\u00e1ndole con el codo, le dice: <\/span><\/span><\/p>\n<p style=\"text-align: justify;\"><span style=\"font-size: large;\"><span style=\"font-family: inherit; font-weight: normal;\">\u2013\u00bfHas o\u00eddo? Pues eso. <\/span><\/span><\/p>\n<p style=\"text-align: justify;\"><span style=\"font-size: large;\"><span style=\"font-family: inherit; font-weight: normal;\">La cola sigue su ritmo habitual, el murmullo contin\u00faa interrumpido por un \u00a1Siguiente! que de forma peri\u00f3dica alcanza, por turnos, a una persona que siente que no est\u00e1 sola porque est\u00e1 acompa\u00f1ada por las otras personas de la sala que pueden ayudarla, si lo necesita, sin que les cueste nada, y sabiendo que, como ella, tienen acceso a un servicio fundamental.<\/span><\/span><\/p>\n<p style=\"text-align: justify;\">\n<p>[\/et_pb_text][et_pb_text _builder_version=\u00bb4.2.2&#8243; background_size=\u00bbinitial\u00bb background_position=\u00bbtop_left\u00bb background_repeat=\u00bbrepeat\u00bb locked=\u00bboff\u00bb inline_fonts=\u00bbAbril Fatface,Abel\u00bb global_colors_info=\u00bb{}\u00bb]<\/p>\n<p style=\"text-align: justify;\"><span style=\"font-size: medium;\"><span style=\"font-family: inherit; font-weight: normal;\"><\/span><\/span><\/p>\n<p style=\"text-align: justify;\"><span style=\"font-size: medium;\"><span style=\"font-family: inherit; font-weight: normal;\"><\/span><\/span><\/p>\n<p style=\"text-align: justify;\"><span style=\"font-size: medium;\"><span style=\"font-family: inherit; font-weight: normal;\">Para ver m\u00e1s sobre migraci\u00f3n y el derecho a la salud:<\/span><span style=\"font-family: inherit; font-weight: normal;\"><\/span><\/span><\/p>\n<p style=\"text-align: justify;\"><span style=\"font-size: medium;\"><span style=\"font-family: inherit; font-weight: normal;\"><a href=\"https:\/\/www.medicosdelmundo.org\/que-hacemos\/espana\/migracion-y-salud\">M\u00e9dicos del mundo<\/a>\u00a0 <\/span><\/span><\/p>\n<p style=\"text-align: justify;\"><span style=\"font-size: medium;\"><span style=\"font-family: inherit; font-weight: normal;\"><a href=\"https:\/\/yosisanidaduniversal.net\/\">Yo S\u00ed, Sanidad Universal<\/a>\u00a0\u00a0<\/span><\/span><\/p>\n<p>[\/et_pb_text][\/et_pb_column][\/et_pb_row][\/et_pb_section]<\/p>\n","protected":false},"excerpt":{"rendered":"<p>\u00a0 El derecho a la salud abarca el acceso a un sistema de protecci\u00f3n de la salud que ofrezca a todas las personas las mismas oportunidades de disfrutar del grado m\u00e1ximo de salud que se pueda alcanzar\u00a0 Organizaci\u00f3n Mundial de la SaludEn el centro de salud de mi barrio hay d\u00edas tranquilos y d\u00edas en [&hellip;]<\/p>\n","protected":false},"author":1,"featured_media":2433,"comment_status":"open","ping_status":"closed","sticky":false,"template":"","format":"standard","meta":{"_et_pb_use_builder":"on","_et_pb_old_content":"","_et_gb_content_width":"","_jetpack_newsletter_access":"","_jetpack_dont_email_post_to_subs":false,"_jetpack_newsletter_tier_id":0,"_jetpack_memberships_contains_paywalled_content":false,"_jetpack_feature_clip_id":0,"_jetpack_memberships_contains_paid_content":false,"footnotes":"","jetpack_post_was_ever_published":false},"categories":[1,107],"tags":[13,47,38,14,35,61],"class_list":["post-2429","post","type-post","status-publish","format-standard","has-post-thumbnail","hentry","category-actualidad","category-tienes-un-minuto","tag-antirracismo","tag-comunidad","tag-convivencia","tag-migrantes","tag-prejuicios","tag-sanidad"],"jetpack_sharing_enabled":true,"jetpack_featured_media_url":"https:\/\/i0.wp.com\/migrantesenigualdad.es\/wp-content\/uploads\/2021\/10\/Centro-de-salud-de-mi-barrio.png?fit=806%2C496&ssl=1","post_mailing_queue_ids":[],"_links":{"self":[{"href":"https:\/\/migrantesenigualdad.es\/index.php\/wp-json\/wp\/v2\/posts\/2429","targetHints":{"allow":["GET"]}}],"collection":[{"href":"https:\/\/migrantesenigualdad.es\/index.php\/wp-json\/wp\/v2\/posts"}],"about":[{"href":"https:\/\/migrantesenigualdad.es\/index.php\/wp-json\/wp\/v2\/types\/post"}],"author":[{"embeddable":true,"href":"https:\/\/migrantesenigualdad.es\/index.php\/wp-json\/wp\/v2\/users\/1"}],"replies":[{"embeddable":true,"href":"https:\/\/migrantesenigualdad.es\/index.php\/wp-json\/wp\/v2\/comments?post=2429"}],"version-history":[{"count":0,"href":"https:\/\/migrantesenigualdad.es\/index.php\/wp-json\/wp\/v2\/posts\/2429\/revisions"}],"wp:featuredmedia":[{"embeddable":true,"href":"https:\/\/migrantesenigualdad.es\/index.php\/wp-json\/wp\/v2\/media\/2433"}],"wp:attachment":[{"href":"https:\/\/migrantesenigualdad.es\/index.php\/wp-json\/wp\/v2\/media?parent=2429"}],"wp:term":[{"taxonomy":"category","embeddable":true,"href":"https:\/\/migrantesenigualdad.es\/index.php\/wp-json\/wp\/v2\/categories?post=2429"},{"taxonomy":"post_tag","embeddable":true,"href":"https:\/\/migrantesenigualdad.es\/index.php\/wp-json\/wp\/v2\/tags?post=2429"}],"curies":[{"name":"wp","href":"https:\/\/api.w.org\/{rel}","templated":true}]}}