{"id":2360,"date":"2021-10-08T06:36:30","date_gmt":"2021-10-08T06:36:30","guid":{"rendered":"https:\/\/migrantesenigualdad.es\/?p=2360"},"modified":"2021-10-08T07:03:42","modified_gmt":"2021-10-08T07:03:42","slug":"nvahracismo-chano","status":"publish","type":"post","link":"https:\/\/migrantesenigualdad.es\/index.php\/2021\/10\/08\/nvahracismo-chano\/","title":{"rendered":"No vengo a hablar de racismo &#8211; Chano Ram\u00edrez"},"content":{"rendered":"<p>[et_pb_section fb_built=\u00bb1&#8243; _builder_version=\u00bb4.10.6&#8243; custom_padding=\u00bb0px|||||\u00bb global_colors_info=\u00bb{}\u00bb][et_pb_row _builder_version=\u00bb4.2.2&#8243; background_size=\u00bbinitial\u00bb background_position=\u00bbtop_left\u00bb background_repeat=\u00bbrepeat\u00bb custom_margin=\u00bb|auto|-42px|auto||\u00bb custom_padding=\u00bb0px|||||\u00bb collapsed=\u00bboff\u00bb global_colors_info=\u00bb{}\u00bb][et_pb_column type=\u00bb4_4&#8243; _builder_version=\u00bb3.25&#8243; custom_padding=\u00bb|||\u00bb global_colors_info=\u00bb{}\u00bb custom_padding__hover=\u00bb|||\u00bb][et_pb_text _builder_version=\u00bb4.10.6&#8243; text_font=\u00bbBelgrano||||||||\u00bb text_line_height=\u00bb2em\u00bb background_size=\u00bbinitial\u00bb background_position=\u00bbtop_left\u00bb background_repeat=\u00bbrepeat\u00bb custom_padding=\u00bb0px||0px||false|false\u00bb hover_enabled=\u00bb0&#8243; inline_fonts=\u00bbAbril Fatface,Abel,Aleo\u00bb global_colors_info=\u00bb{}\u00bb sticky_enabled=\u00bb0&#8243;]<\/p>\n<h2><strong>No vengo a hablar de racismo. Cap\u00edtulo 6.\u00a0<\/strong><\/h2>\n<p>En este cap\u00edtulo conocemos a <strong>Chano Ram\u00edrez<\/strong>, chisparrero desde hace ya unos cuantos a\u00f1os.<\/p>\n<p>Chano disfruta enormemente del cuidado de las plantas y todo tipo de flora. Tanto que con otras personas est\u00e1n montando una asociaci\u00f3n de defensa de la flora en el Campo de Gibraltar. Adem\u00e1s, para que quede claro cu\u00e1l es su pasi\u00f3n, trabaja en el <a href=\"https:\/\/www.facebook.com\/Vivero-Los-Planteles-271896039504614\">vivero Los planteles<\/a> de Castellar de la Frontera, localidad donde tambi\u00e9n reside.<\/p>\n<p>Puntos de inflexi\u00f3n en la vida, una pasi\u00f3n y sobre todo muy <em>buena onda<\/em> la que nos transmiti\u00f3 Chano cuando le entrevistamos.<\/p>\n<p>\u00a1Much\u00edsimas gracias por compartir con nosotras tu historia!<\/p>\n<p style=\"text-align: justify;\">[\/et_pb_text][\/et_pb_column][\/et_pb_row][et_pb_row _builder_version=\u00bb4.2.2&#8243; min_height=\u00bb100px\u00bb custom_margin=\u00bb0px|auto|0px|auto|false|false\u00bb custom_padding=\u00bb20px||0px||false|false\u00bb collapsed=\u00bboff\u00bb global_colors_info=\u00bb{}\u00bb][et_pb_column type=\u00bb4_4&#8243; _builder_version=\u00bb4.2.2&#8243; global_colors_info=\u00bb{}\u00bb][et_pb_video src=\u00bbhttps:\/\/youtu.be\/864VZqYeJGg\u00bb play_icon_color=\u00bb#e09900&#8243; _builder_version=\u00bb4.10.6&#8243; global_colors_info=\u00bb{}\u00bb][\/et_pb_video][\/et_pb_column][\/et_pb_row][et_pb_row _builder_version=\u00bb4.2.2&#8243; background_size=\u00bbinitial\u00bb background_position=\u00bbtop_left\u00bb background_repeat=\u00bbrepeat\u00bb custom_margin=\u00bb|auto|-42px|auto||\u00bb custom_padding=\u00bb0px|||||\u00bb collapsed=\u00bboff\u00bb global_colors_info=\u00bb{}\u00bb][et_pb_column type=\u00bb4_4&#8243; _builder_version=\u00bb3.25&#8243; custom_padding=\u00bb|||\u00bb global_colors_info=\u00bb{}\u00bb custom_padding__hover=\u00bb|||\u00bb][et_pb_text _builder_version=\u00bb4.10.6&#8243; text_font=\u00bbBelgrano||||||||\u00bb text_line_height=\u00bb2em\u00bb background_size=\u00bbinitial\u00bb background_position=\u00bbtop_left\u00bb background_repeat=\u00bbrepeat\u00bb custom_padding=\u00bb0px||0px||false|false\u00bb inline_fonts=\u00bbAbril Fatface,Abel,Aleo\u00bb global_colors_info=\u00bb{}\u00bb]<\/p>\n<p>Anteriores cap\u00edtulos de la serie:<\/p>\n<ul>\n<li><a href=\"https:\/\/migrantesenigualdad.es\/index.php\/2021\/05\/24\/no-vengo-a-hablar-de-racismo-dahabi-salem-uma-adaptabilidad\/\">Cap\u00edtulo 1: Dahabi Salem Uma<\/a><\/li>\n<li><a href=\"https:\/\/migrantesenigualdad.es\/index.php\/2021\/06\/01\/nvahde-racismo-2-sasha\/\">Cap\u00edtulo 2: Yi Lin (Shasha)<\/a><\/li>\n<li><a href=\"https:\/\/migrantesenigualdad.es\/index.php\/2021\/06\/24\/no-vengo-a-hablar-de-racismo-mohamed-sabir\/\">Cap\u00edtulo 3: Mohamed Sabir<\/a><\/li>\n<li><a href=\"https:\/\/migrantesenigualdad.es\/index.php\/2021\/08\/05\/nvah-racismo-chaimae\/\">Cap\u00edtulo 4: Chaimae Afailal Tribak<\/a><\/li>\n<li><a href=\"https:\/\/www.youtube.com\/watch?v=Y1bjh-_5V70\">Cap\u00edtulo 5: Favour Patrick Ayoro<\/a><\/li>\n<\/ul>\n<p>&nbsp;<\/p>\n<p>[\/et_pb_text][\/et_pb_column][\/et_pb_row][\/et_pb_section]<\/p>\n","protected":false},"excerpt":{"rendered":"<p>No vengo a hablar de racismo. Cap\u00edtulo 6.\u00a0 En este cap\u00edtulo conocemos a Chano Ram\u00edrez, chisparrero desde hace ya unos cuantos a\u00f1os. Chano disfruta enormemente del cuidado de las plantas y todo tipo de flora. Tanto que con otras personas est\u00e1n montando una asociaci\u00f3n de defensa de la flora en el Campo de Gibraltar. Adem\u00e1s, [&hellip;]<\/p>\n","protected":false},"author":1,"featured_media":2375,"comment_status":"open","ping_status":"closed","sticky":false,"template":"","format":"standard","meta":{"_et_pb_use_builder":"on","_et_pb_old_content":"","_et_gb_content_width":"","_jetpack_newsletter_access":"","_jetpack_dont_email_post_to_subs":false,"_jetpack_newsletter_tier_id":0,"_jetpack_memberships_contains_paywalled_content":false,"_jetpack_feature_clip_id":0,"_jetpack_memberships_contains_paid_content":false,"footnotes":"","jetpack_post_was_ever_published":false},"categories":[39],"tags":[13,66,65,47,38,60,40,48,64],"class_list":["post-2360","post","type-post","status-publish","format-standard","has-post-thumbnail","hentry","category-no-vengo-a-hablar-de-racismo","tag-antirracismo","tag-bonsais","tag-castellar","tag-comunidad","tag-convivencia","tag-negocios","tag-no-vengo-a-hablar-de-racismo","tag-pueblo","tag-vivero"],"jetpack_sharing_enabled":true,"jetpack_featured_media_url":"https:\/\/i0.wp.com\/migrantesenigualdad.es\/wp-content\/uploads\/2021\/10\/NVAHR-CHANO-1.png?fit=406%2C250&ssl=1","post_mailing_queue_ids":[],"_links":{"self":[{"href":"https:\/\/migrantesenigualdad.es\/index.php\/wp-json\/wp\/v2\/posts\/2360","targetHints":{"allow":["GET"]}}],"collection":[{"href":"https:\/\/migrantesenigualdad.es\/index.php\/wp-json\/wp\/v2\/posts"}],"about":[{"href":"https:\/\/migrantesenigualdad.es\/index.php\/wp-json\/wp\/v2\/types\/post"}],"author":[{"embeddable":true,"href":"https:\/\/migrantesenigualdad.es\/index.php\/wp-json\/wp\/v2\/users\/1"}],"replies":[{"embeddable":true,"href":"https:\/\/migrantesenigualdad.es\/index.php\/wp-json\/wp\/v2\/comments?post=2360"}],"version-history":[{"count":0,"href":"https:\/\/migrantesenigualdad.es\/index.php\/wp-json\/wp\/v2\/posts\/2360\/revisions"}],"wp:featuredmedia":[{"embeddable":true,"href":"https:\/\/migrantesenigualdad.es\/index.php\/wp-json\/wp\/v2\/media\/2375"}],"wp:attachment":[{"href":"https:\/\/migrantesenigualdad.es\/index.php\/wp-json\/wp\/v2\/media?parent=2360"}],"wp:term":[{"taxonomy":"category","embeddable":true,"href":"https:\/\/migrantesenigualdad.es\/index.php\/wp-json\/wp\/v2\/categories?post=2360"},{"taxonomy":"post_tag","embeddable":true,"href":"https:\/\/migrantesenigualdad.es\/index.php\/wp-json\/wp\/v2\/tags?post=2360"}],"curies":[{"name":"wp","href":"https:\/\/api.w.org\/{rel}","templated":true}]}}