{"id":2308,"date":"2021-09-24T08:04:56","date_gmt":"2021-09-24T08:04:56","guid":{"rendered":"https:\/\/migrantesenigualdad.es\/?p=2308"},"modified":"2022-09-20T11:58:53","modified_gmt":"2022-09-20T11:58:53","slug":"leomary-diagnosticando-a-lo-afro","status":"publish","type":"post","link":"https:\/\/migrantesenigualdad.es\/index.php\/2021\/09\/24\/leomary-diagnosticando-a-lo-afro\/","title":{"rendered":"Leomary. Diagnosticando a lo afro."},"content":{"rendered":"<p>[et_pb_section fb_built=\u00bb1&#8243; _builder_version=\u00bb4.16&#8243; global_colors_info=\u00bb{}\u00bb][et_pb_row _builder_version=\u00bb4.16&#8243; custom_padding=\u00bb0px||6px|||\u00bb global_colors_info=\u00bb{}\u00bb][et_pb_column type=\u00bb4_4&#8243; _builder_version=\u00bb4.16&#8243; global_colors_info=\u00bb{}\u00bb][et_pb_text _builder_version=\u00bb4.16&#8243; min_height=\u00bb483.3px\u00bb custom_padding=\u00bb0px||1px|||\u00bb inline_fonts=\u00bbAbril Fatface,Aleo\u00bb global_colors_info=\u00bb{}\u00bb]<\/p>\n<p style=\"text-align: justify;\"><span style=\"font-family: Aleo; font-weight: normal; font-size: large;\"><span style=\"font-family: 'Abril Fatface'; font-size: x-large;\">Leomary <\/span>Suriel es m\u00e9dica en la sanidad p\u00fablica. Tiene 35 a\u00f1os y un ir\u00f3nico sentido del humor. Conversamos con ella en una cafeter\u00eda, mientras su beb\u00e9 nos mira atenta. <\/span><\/p>\n<p style=\"text-align: justify;\"><span style=\"font-family: Aleo; font-weight: normal; font-size: large;\">Leomary es espa\u00f1ola y es dominicana. Estudi\u00f3 medicina en Rep\u00fablica Dominicana y tras homologar su t\u00edtulo vino en avi\u00f3n con un visado de estudiante a hacer el MIR. Nunca ha estado en el paro, nunca ha cobrado ayudas, nunca ha estado en situaci\u00f3n irregular. Su historia se aleja mucho de la imagen que tenemos y que nos llega desde los medios sobre la migraci\u00f3n, aunque sea una historia compartida con muchas otras personas procedentes de Am\u00e9rica Latina, y de hecho sea la historia m\u00e1s com\u00fan. <span style=\"font-family: 'Abril Fatface'; font-size: x-large;\">\u201cT\u00fa no eres as\u00ed\u201d <\/span>le dicen, cuando hablan de otros migrantes delante de ella. \u201cLo dicen porque estoy en frente, esas cosas cuesta decirlas a la cara\u201d. Pero ella sabe que es migrante, aunque la intenten tratar como \u201cla migrante buena\u201d. Y negra. Lo supo el d\u00eda en que se subi\u00f3 al metro de Madrid. \u00bfPor qu\u00e9 no se dio cuenta desde peque\u00f1a? <\/span><\/p>\n<p style=\"text-align: justify;\"><span style=\"font-family: Aleo; font-weight: normal; font-size: large;\">\u201cVengo de una sociedad que es mezclada, donde la mayor\u00eda es negra, pero como toda sociedad actual, bastante racista\u201d explica. \u201cMi color de piel no llega a ser negro, negro, negro, tampoco blanco, blanco, blanco, estoy ah\u00ed como en medio, pero eso en mi pa\u00eds es blanco y a m\u00ed me dec\u00edan rubia. Entonces <span style=\"font-family: 'Abril Fatface'; font-size: x-large;\">yo estaba asentada en mis privilegios, consciente o inconscientemente<\/span>, y les dec\u00eda \u201cnegros\u201d a los dem\u00e1s, porque yo no lo era\u201d. Sin embargo, un d\u00eda en el metro de la capital, junto a un amigo suyo de tez m\u00e1s oscura que ella, un se\u00f1or mayor la mand\u00f3 a su \u201cputo pa\u00eds\u201d y le escupi\u00f3. <span style=\"font-family: 'Abril Fatface'; font-size: x-large;\">\u201cEse d\u00eda me di cuenta de que era negra\u201d.<\/span><\/span><\/p>\n<p style=\"text-align: justify;\">\n<p>[\/et_pb_text][\/et_pb_column][\/et_pb_row][et_pb_row column_structure=\u00bb2_5,3_5&#8243; _builder_version=\u00bb4.16&#8243; min_height=\u00bb523.3px\u00bb custom_padding=\u00bb0px|||||\u00bb global_colors_info=\u00bb{}\u00bb][et_pb_column type=\u00bb2_5&#8243; _builder_version=\u00bb4.16&#8243; global_colors_info=\u00bb{}\u00bb][et_pb_image src=\u00bbhttps:\/\/migrantesenigualdad.es\/wp-content\/uploads\/2021\/09\/WhatsApp-Image-2021-09-23-at-13.34.16-1-1.jpeg\u00bb title_text=\u00bbWhatsApp Image 2021-09-23 at 13.34.16 (1)\u00bb _builder_version=\u00bb4.16&#8243; _module_preset=\u00bbdefault\u00bb global_colors_info=\u00bb{}\u00bb][\/et_pb_image][\/et_pb_column][et_pb_column type=\u00bb3_5&#8243; _builder_version=\u00bb4.16&#8243; global_colors_info=\u00bb{}\u00bb][et_pb_text _builder_version=\u00bb4.16&#8243; min_height=\u00bb476.3px\u00bb custom_margin=\u00bb||-362px|||\u00bb custom_padding=\u00bb0px||6px|||\u00bb inline_fonts=\u00bbAbril Fatface,Aleo\u00bb global_colors_info=\u00bb{}\u00bb]<\/p>\n<p style=\"text-align: justify;\"><span style=\"font-family: Aleo; font-weight: normal; font-size: large;\"><\/span><\/p>\n<p style=\"text-align: justify;\"><span style=\"font-family: Aleo; font-weight: normal; font-size: large;\">\u00abCon su viaje desde Rep\u00fablica Dominicana hasta Espa\u00f1a, hab\u00eda hecho adem\u00e1s otro viaje, como ella misma reconoce. Desde los privilegios hasta los microrracismos. \u201cAntes, esos microrracismos, como no iban para m\u00ed, porque yo no era negra en mi lugar, no los detectaba. Pero despu\u00e9s <span style=\"font-family: 'Abril Fatface'; font-size: x-large;\">empec\u00e9 a darme cuenta aqu\u00ed de que yo sin saberlo estaba sufriendo racismo<\/span>\u201d.<\/span><\/p>\n<p style=\"text-align: justify;\"><span style=\"font-family: Aleo; font-weight: normal; font-size: large;\">Ese choque con una sociedad europea, de mayor\u00eda blanca, donde ella era ahora la persona negra, le hizo reflexionar. Y le hizo valorar su herencia afro. <span style=\"font-family: 'Abril Fatface'; font-size: x-large;\">\u201cLa sociedad en la que me crie me ense\u00f1\u00f3 que el pelo afro es feo, que el pelo afro es \u201cpelo malo\u201d.<\/span> Yo quer\u00eda tener el \u201cpelo bueno\u201d y me lo alisaba. Llegu\u00e9 a este pa\u00eds con el pelo liso, hasta que me di cuenta de que mi herencia es negra y dej\u00e9 de alis\u00e1rmelo\u201d. Yo por la ma\u00f1ana cuando me levanto, me \u201cacomodo\u201d el pelo afro, no me lo \u201cdomo\u201d que es lo que dicen en los anuncios de los productos de pelo rizado.\u00bb<\/span><\/p>\n<p>[\/et_pb_text][\/et_pb_column][\/et_pb_row][et_pb_row _builder_version=\u00bb4.16&#8243; custom_padding=\u00bb0px||17px|||\u00bb global_colors_info=\u00bb{}\u00bb][et_pb_column type=\u00bb4_4&#8243; _builder_version=\u00bb4.16&#8243; global_colors_info=\u00bb{}\u00bb][et_pb_text _builder_version=\u00bb4.16&#8243; text_font=\u00bb||||||||\u00bb text_line_height=\u00bb2em\u00bb header_text_color=\u00bb#0c71c3&#8243; header_2_font=\u00bb|700|||||||\u00bb header_2_text_align=\u00bbleft\u00bb header_2_text_color=\u00bb#e0b8ff\u00bb header_2_line_height=\u00bb1.1em\u00bb header_3_font=\u00bb|600|||||||\u00bb header_3_text_color=\u00bb#0da0c5&#8243; width=\u00bb100%\u00bb module_alignment=\u00bbcenter\u00bb min_height=\u00bb187.8px\u00bb custom_margin=\u00bb||-57px||false|false\u00bb custom_padding=\u00bb||0px|||\u00bb inline_fonts=\u00bbFredericka the Great,Fredoka One,Frank Ruhl Libre,Annie Use Your Telescope\u00bb global_colors_info=\u00bb{}\u00bb]<\/p>\n<h2 style=\"text-align: justify;\"><span style=\"text-align: right;\"><span style=\"color: #0da0c5; font-size: xx-large; font-family: 'Annie Use Your Telescope'; font-weight: bold;\">\u201c<\/span><\/span><span style=\"text-align: right;\"><span style=\"color: #0da0c5; font-size: xx-large; font-family: 'Annie Use Your Telescope'; font-weight: bold;\">Yo por la ma\u00f1ana cuando me levanto,\u00a0<span style=\"color: #8300e9; font-family: 'Fredericka the Great'; font-weight: normal;\"><\/span><\/span><\/span><span style=\"text-align: right;\"><span style=\"color: #0da0c5; font-size: xx-large; font-family: 'Annie Use Your Telescope'; font-weight: bold;\"><span style=\"color: #8300e9; font-family: 'Fredericka the Great'; font-weight: normal;\">me &#8216;acomodo&#8217; el pelo afro,\u00a0<\/span><\/span><\/span><span style=\"text-align: right;\"><span style=\"color: #0da0c5; font-size: xx-large; font-family: 'Annie Use Your Telescope'; font-weight: bold;\"><span style=\"color: #8300e9; font-family: 'Fredericka the Great'; font-weight: normal;\"> no me lo &#8216;domo<\/span><\/span><\/span><span style=\"text-align: right;\"><span style=\"color: #0da0c5; font-size: xx-large; font-family: 'Annie Use Your Telescope'; font-weight: bold;\"><span style=\"color: #8300e9; font-family: 'Fredericka the Great'; font-weight: normal;\">&#8216;<\/span><\/span><\/span><span style=\"text-align: right;\"><span style=\"color: #0da0c5; font-size: xx-large; font-family: 'Annie Use Your Telescope'; font-weight: bold;\">,\u00a0<\/span><\/span><span style=\"text-align: right;\"><span style=\"color: #0da0c5; font-size: xx-large; font-family: 'Annie Use Your Telescope'; font-weight: bold;\">que es lo que dicen\u00a0<\/span><\/span><span style=\"text-align: right;\"><span style=\"color: #0da0c5; font-size: xx-large; font-family: 'Annie Use Your Telescope'; font-weight: bold;\">en los anuncios\u00a0<\/span><\/span><span style=\"text-align: right;\"><span style=\"color: #0da0c5; font-size: xx-large; font-family: 'Annie Use Your Telescope'; font-weight: bold;\">de los productos de pelo rizado\u00bb.<\/span><\/span><\/h2>\n<p><span style=\"text-align: right;\"><span style=\"color: #0da0c5; font-size: xx-large; font-family: 'Annie Use Your Telescope'; font-weight: bold;\"><\/span><\/span><\/p>\n<p>[\/et_pb_text][et_pb_text _builder_version=\u00bb4.16&#8243; min_height=\u00bb702.3px\u00bb custom_margin=\u00bb||-20px|||\u00bb custom_padding=\u00bb0px||6px|||\u00bb inline_fonts=\u00bbAbril Fatface,Aleo\u00bb global_colors_info=\u00bb{}\u00bb]<\/p>\n<p style=\"text-align: justify;\"><span style=\"font-family: Aleo; font-weight: normal; font-size: large;\">Esa nueva mirada y ese aprendizaje personal le ayudaron a entender muchas cosas. A <span style=\"font-family: 'Abril Fatface'; font-size: x-large;\">ponerse las gafas antirracistas<\/span>. \u201cYo misma estuve mucho tiempo que me manten\u00eda muy pasiva, hasta que empec\u00e9 a no callarme\u201d. Y aconseja a los dem\u00e1s hacerlo, contestar. \u201cHe visto a mucha gente que no es racista, pero no veo antirracismo. Es raro que la gente reaccione ante ciertas situaciones, aunque les parezca mal. Y con eso permiten que se perpet\u00faen las actitudes racistas\u201d. Aunque reconoce que a veces es dif\u00edcil responder. \u201cCuando te pillan de sorpresa, no sabes ni c\u00f3mo reaccionar\u201d. <\/span><\/p>\n<p style=\"text-align: justify;\"><span style=\"font-family: Aleo; font-weight: normal; font-size: large;\">Muchas de esas situaciones Leomary las ha vivido en su trabajo. En todas las sociedades, las personas que curan son respetadas, ejercen una autoridad social casi indiscutible. Sin embargo, por las an\u00e9cdotas que nos relata, parece que en nuestra sociedad eso es incompatible con ser negra. \u201cSi yo te digo que tienes cita a las cuatro en la consulta dos y solamente hay una persona con un pijama blanco o verde, con un fonendo enganchado, sentada escribiendo delante del ordenador que te llama por tu nombre\u2026<span style=\"font-family: 'Abril Fatface'; font-size: x-large;\"> \u00bfqui\u00e9n crees que es? Pues la gente entra preguntando por la doctora<\/span>\u201d asegura con cara de desconcierto. <\/span><\/p>\n<p style=\"text-align: justify;\"><span style=\"font-family: Aleo; font-weight: normal; font-size: large;\">\u201cUna vez en urgencias, en la consulta de respiratorio salgo con una camiseta que pone M\u00c9DICA por delante y por detr\u00e1s a explicarle a una se\u00f1ora que no es una urgencia y lo que tiene que hacer. Al momento sale un enfermero y ella deja de hablar conmigo, se dirige al enfermero y le repite todo lo que me dijo a m\u00ed. El enfermero le dice \u201cyo es que soy enfermero, tiene usted que hablar con la doctora\u201d, se\u00f1al\u00e1ndome a m\u00ed y ella pregunta <span style=\"font-family: 'Abril Fatface'; font-size: x-large;\">\u201c\u00bfy la doctora cu\u00e1ndo viene?\u201d. \u00bfPor qu\u00e9 esa mujer cree que no la ha visto ninguna doctora?<\/span>\u201d. <\/span><\/p>\n<p style=\"text-align: justify;\"><span style=\"font-family: Aleo; font-weight: normal; font-size: large;\">Aunque ahora ejerce en un centro de salud de Algeciras, ella comenz\u00f3 en atenci\u00f3n primaria de Ceuta. All\u00ed conoci\u00f3 la palabra \u201csudaca\u201d. A lo que ella pens\u00f3 que \u201cincluso para ofender, hay que saber geograf\u00eda porque yo soy caribe\u00f1a\u201d sonr\u00ede. Recuerda tambi\u00e9n que all\u00ed <span style=\"font-family: 'Abril Fatface'; font-size: x-large;\">vivi\u00f3 un racismo y un machismo en varias direcciones<\/span>. \u201cMe confund\u00edan, por mis facciones, con marroqu\u00ed y sufr\u00ed un racismo que no me pertenec\u00eda. Pero tambi\u00e9n un machismo, porque algunos hombres musulmanes no quer\u00edan ser atendido por una mujer musulmana sin velo. Y aunque yo no era musulmana, asum\u00edan que s\u00ed\u201d. <\/span><\/p>\n<p style=\"text-align: justify;\"><span style=\"font-family: Aleo; font-weight: normal; font-size: large;\">Tambi\u00e9n ha vivido el racismo fuera de la consulta. Leomary recuerda una situaci\u00f3n que le pareci\u00f3 especialmente absurda: cuando fue a comprarse un coche. \u201cYo ten\u00eda mi trabajo indefinido con un buen sueldo y quer\u00eda comprarme un coche barato, porque era mi primer coche y cuando voy <span style=\"font-family: 'Abril Fatface'; font-size: x-large;\">me dicen que para darme el pr\u00e9stamo necesito un aval de una persona espa\u00f1ola<\/span>\u201d asegura. Pregunt\u00f3 si la otra persona ten\u00eda que tener ingresos para responder en caso de que ella no pudiera, y le dijeron que no,<span style=\"font-family: 'Abril Fatface'; font-size: x-large;\"> que daba igual que estuviese en el paro<\/span>. \u201cEso me pas\u00f3 en tres bancos\u201d afirma sorprendida. Duda que pasase igual con una persona de Estados Unidos o de Italia. \u201cNo creo que eso sea una cl\u00e1usula escrita del banco\u201d. Comprob\u00f3 que la norma cambiada radicalmente cuando, a\u00f1os despu\u00e9s, con un DNI en su cartera y no un NIE, pidi\u00f3 la hipoteca para comprar su casa.\u00a0<\/span><span style=\"font-family: Aleo; font-weight: normal; font-size: large;\"><\/span><\/p>\n<p>[\/et_pb_text][\/et_pb_column][\/et_pb_row][et_pb_row column_structure=\u00bb3_5,2_5&#8243; _builder_version=\u00bb4.16&#8243; custom_padding=\u00bb0px||17px|||\u00bb global_colors_info=\u00bb{}\u00bb][et_pb_column type=\u00bb3_5&#8243; _builder_version=\u00bb4.16&#8243; global_colors_info=\u00bb{}\u00bb][et_pb_text _builder_version=\u00bb4.16&#8243; min_height=\u00bb702.3px\u00bb custom_margin=\u00bb||-105px||false|false\u00bb custom_padding=\u00bb0px||6px|||\u00bb inline_fonts=\u00bbAbril Fatface,Aleo\u00bb global_colors_info=\u00bb{}\u00bb]<\/p>\n<p style=\"text-align: justify;\"><span style=\"font-family: Aleo; font-weight: normal; font-size: large;\">Pese a los obst\u00e1culos encontrados en el camino, Leomary contin\u00faa disfrutando su profesi\u00f3n y del buen trato y la relaci\u00f3n afectuosa que ha construido con muchos\/as de sus pacientes. \u201c<span style=\"font-family: 'Abril Fatface'; font-size: x-large;\">La nacionalidad, la negritud, el pelo, les da exactamente igual. Ellos vienen a ver a su m\u00e9dica y ya est\u00e1. <\/span>Hablo con algunos de m\u00e1s cosas, tenemos una relaci\u00f3n, y sucede tanto con personas mayores como j\u00f3venes\u201d. A veces hacen comentarios tambi\u00e9n, relata, pero \u201cno son ofensivos y eso se nota, en el contexto, el tono, la mirada\u201d. Y lo que s\u00ed celebra especialmente es cuando observa una evoluci\u00f3n a mejor con sus pacientes. \u201cPasa de un primer encuentro violento, donde yo noto su hostilidad y me pongo a la defensiva, y el trato es lo indispensable. Pero luego pasa el tiempo, hay m\u00e1s citas y se ve c\u00f3mo se va creando la relaci\u00f3n. Eso es bonito. <span style=\"font-family: 'Abril Fatface'; font-size: x-large;\">Eso es lo que espero que pase siempre<\/span>\u201d. <\/span><\/p>\n<p style=\"text-align: justify;\"><span style=\"font-family: Aleo; font-weight: normal; font-size: large;\">Ahora, antes de ponerse el pijama verde, que asegura le sienta mejor y se ensucia menos, \u201cse acomoda\u201d el pelo afro y con el fonendo al cuello, se dispone para una nueva jornada diagnosticando patolog\u00edas, incluida el racismo.<\/span><span style=\"font-family: Aleo; font-weight: normal; font-size: large;\"><\/span><\/p>\n<p>[\/et_pb_text][\/et_pb_column][et_pb_column type=\u00bb2_5&#8243; _builder_version=\u00bb4.16&#8243; global_colors_info=\u00bb{}\u00bb][et_pb_image src=\u00bbhttps:\/\/migrantesenigualdad.es\/wp-content\/uploads\/2021\/09\/WhatsApp-Image-2021-09-23-at-13.34.16-1.jpeg\u00bb title_text=\u00bbWhatsApp Image 2021-09-23 at 13.34.16&#8243; _builder_version=\u00bb4.16&#8243; _module_preset=\u00bbdefault\u00bb custom_margin=\u00bb43px||||false|false\u00bb global_colors_info=\u00bb{}\u00bb][\/et_pb_image][\/et_pb_column][\/et_pb_row][et_pb_row _builder_version=\u00bb4.16&#8243; _module_preset=\u00bbdefault\u00bb global_colors_info=\u00bb{}\u00bb][et_pb_column type=\u00bb4_4&#8243; _builder_version=\u00bb4.16&#8243; _module_preset=\u00bbdefault\u00bb global_colors_info=\u00bb{}\u00bb][et_pb_text _builder_version=\u00bb4.16&#8243; _module_preset=\u00bbdefault\u00bb inline_fonts=\u00bbAbril Fatface\u00bb global_colors_info=\u00bb{}\u00bb]<\/p>\n<p><span style=\"font-family: 'Abril Fatface'; font-weight: normal; font-size: large;\">Otras historias de vida:<\/span><\/p>\n<ul>\n<li><span style=\"font-family: 'Abril Fatface'; font-weight: normal; font-size: large;\"><a href=\"https:\/\/migrantesenigualdad.es\/index.php\/2021\/07\/09\/noura-una-historia-de-superacion\/\">Noura. Una historia de superaci\u00f3n.<\/a><\/span><\/li>\n<li><span style=\"font-family: 'Abril Fatface'; font-weight: normal; font-size: large;\"><a href=\"https:\/\/migrantesenigualdad.es\/index.php\/2021\/06\/22\/hablamos-de-futuro-con-yassine-y-hossny\/\">Yassine y Abderrahim. \u00abMe encanta ayudar a los chicos\u00bb.<\/a><\/span><\/li>\n<\/ul>\n<p>[\/et_pb_text][\/et_pb_column][\/et_pb_row][\/et_pb_section]<\/p>\n","protected":false},"excerpt":{"rendered":"<p>Leomary Suriel es m\u00e9dica en la sanidad p\u00fablica. Tiene 35 a\u00f1os y un ir\u00f3nico sentido del humor. Conversamos con ella en una cafeter\u00eda, mientras su beb\u00e9 nos mira atenta. Leomary es espa\u00f1ola y es dominicana. Estudi\u00f3 medicina en Rep\u00fablica Dominicana y tras homologar su t\u00edtulo vino en avi\u00f3n con un visado de estudiante a hacer [&hellip;]<\/p>\n","protected":false},"author":1,"featured_media":2327,"comment_status":"open","ping_status":"closed","sticky":false,"template":"","format":"standard","meta":{"_et_pb_use_builder":"on","_et_pb_old_content":"","_et_gb_content_width":"","_jetpack_newsletter_access":"","_jetpack_dont_email_post_to_subs":false,"_jetpack_newsletter_tier_id":0,"_jetpack_memberships_contains_paywalled_content":false,"_jetpack_feature_clip_id":0,"_jetpack_memberships_contains_paid_content":false,"footnotes":"","jetpack_post_was_ever_published":false},"categories":[189],"tags":[62,46,38,37,63,15,14,48,61],"class_list":["post-2308","post","type-post","status-publish","format-standard","has-post-thumbnail","hentry","category-historias-de-vida","tag-afro","tag-buenas-practicas","tag-convivencia","tag-empatia","tag-historias-de-vida","tag-igualdad","tag-migrantes","tag-pueblo","tag-sanidad"],"jetpack_sharing_enabled":true,"jetpack_featured_media_url":"https:\/\/i0.wp.com\/migrantesenigualdad.es\/wp-content\/uploads\/2021\/09\/Leomary-1.png?fit=812%2C500&ssl=1","post_mailing_queue_ids":[],"_links":{"self":[{"href":"https:\/\/migrantesenigualdad.es\/index.php\/wp-json\/wp\/v2\/posts\/2308","targetHints":{"allow":["GET"]}}],"collection":[{"href":"https:\/\/migrantesenigualdad.es\/index.php\/wp-json\/wp\/v2\/posts"}],"about":[{"href":"https:\/\/migrantesenigualdad.es\/index.php\/wp-json\/wp\/v2\/types\/post"}],"author":[{"embeddable":true,"href":"https:\/\/migrantesenigualdad.es\/index.php\/wp-json\/wp\/v2\/users\/1"}],"replies":[{"embeddable":true,"href":"https:\/\/migrantesenigualdad.es\/index.php\/wp-json\/wp\/v2\/comments?post=2308"}],"version-history":[{"count":0,"href":"https:\/\/migrantesenigualdad.es\/index.php\/wp-json\/wp\/v2\/posts\/2308\/revisions"}],"wp:featuredmedia":[{"embeddable":true,"href":"https:\/\/migrantesenigualdad.es\/index.php\/wp-json\/wp\/v2\/media\/2327"}],"wp:attachment":[{"href":"https:\/\/migrantesenigualdad.es\/index.php\/wp-json\/wp\/v2\/media?parent=2308"}],"wp:term":[{"taxonomy":"category","embeddable":true,"href":"https:\/\/migrantesenigualdad.es\/index.php\/wp-json\/wp\/v2\/categories?post=2308"},{"taxonomy":"post_tag","embeddable":true,"href":"https:\/\/migrantesenigualdad.es\/index.php\/wp-json\/wp\/v2\/tags?post=2308"}],"curies":[{"name":"wp","href":"https:\/\/api.w.org\/{rel}","templated":true}]}}