{"id":2287,"date":"2021-09-15T12:06:47","date_gmt":"2021-09-15T12:06:47","guid":{"rendered":"https:\/\/migrantesenigualdad.es\/?p=2287"},"modified":"2021-09-16T10:26:13","modified_gmt":"2021-09-16T10:26:13","slug":"nvahracismo-5-favour","status":"publish","type":"post","link":"https:\/\/migrantesenigualdad.es\/index.php\/2021\/09\/15\/nvahracismo-5-favour\/","title":{"rendered":"No vengo a hablar de racismo &#8211; Favour Patrick Ayoro"},"content":{"rendered":"<p>[et_pb_section fb_built=\u00bb1&#8243; _builder_version=\u00bb3.22&#8243; custom_padding=\u00bb0px|||||\u00bb global_colors_info=\u00bb{}\u00bb][et_pb_row _builder_version=\u00bb4.2.2&#8243; background_size=\u00bbinitial\u00bb background_position=\u00bbtop_left\u00bb background_repeat=\u00bbrepeat\u00bb custom_margin=\u00bb|auto|-42px|auto||\u00bb custom_padding=\u00bb0px|||||\u00bb collapsed=\u00bboff\u00bb global_colors_info=\u00bb{}\u00bb][et_pb_column type=\u00bb4_4&#8243; _builder_version=\u00bb3.25&#8243; custom_padding=\u00bb|||\u00bb global_colors_info=\u00bb{}\u00bb custom_padding__hover=\u00bb|||\u00bb][et_pb_text _builder_version=\u00bb4.10.6&#8243; text_font=\u00bbBelgrano||||||||\u00bb text_line_height=\u00bb2em\u00bb background_size=\u00bbinitial\u00bb background_position=\u00bbtop_left\u00bb background_repeat=\u00bbrepeat\u00bb custom_padding=\u00bb0px||0px||false|false\u00bb inline_fonts=\u00bbAbril Fatface,Abel,Aleo\u00bb global_colors_info=\u00bb{}\u00bb]<\/p>\n<h2><strong>No vengo a hablar de racismo. Cap\u00edtulo 5.\u00a0<\/strong><\/h2>\n<p>En este cap\u00edtulo conoceremos a <strong>Favour Patrick Ayoro<\/strong>, tarife\u00f1a de adopci\u00f3n desde hace casi veinte a\u00f1os.<\/p>\n<p>Favour abri\u00f3 una tienda hace hace 4 a\u00f1os y en ella ha volcado gran parte de su trabajo durante los \u00faltimos tiempos.<\/p>\n<p>Por supuesto si est\u00e1is en Tarifa os recomendamos que os acerqu\u00e9is a su tienda, que est\u00e1 en la <a href=\"https:\/\/www.google.com\/maps\/place\/Rasta+Flavour\/@36.0106219,-5.6066515,20.75z\/data=!4m13!1m7!3m6!1s0xd0c8ef9ac91498b:0xe3401e8d68e84550!2sC.+Mariano+Vinuesa,+5,+11380+Tarifa,+C%C3%A1diz!3b1!8m2!3d36.0106358!4d-5.6060692!3m4!1s0xd0c8f6910ec6ad5:0x23245147d96abdf0!8m2!3d36.0106178!4d-5.6064822\">calle Mariano Vinuesa n\u00ba 5.<\/a><\/p>\n<p>\u00a1Much\u00edsimas gracias por el tiempo que nos dedicastes!<\/p>\n<p style=\"text-align: justify;\">[\/et_pb_text][\/et_pb_column][\/et_pb_row][et_pb_row _builder_version=\u00bb4.2.2&#8243; min_height=\u00bb100px\u00bb custom_margin=\u00bb0px|auto|0px|auto|false|false\u00bb custom_padding=\u00bb20px||0px||false|false\u00bb collapsed=\u00bboff\u00bb global_colors_info=\u00bb{}\u00bb][et_pb_column type=\u00bb4_4&#8243; _builder_version=\u00bb4.2.2&#8243; global_colors_info=\u00bb{}\u00bb][et_pb_video src=\u00bbhttps:\/\/youtu.be\/Y1bjh-_5V70&#8243; play_icon_color=\u00bb#e09900&#8243; _builder_version=\u00bb4.10.6&#8243; global_colors_info=\u00bb{}\u00bb][\/et_pb_video][\/et_pb_column][\/et_pb_row][et_pb_row _builder_version=\u00bb4.2.2&#8243; background_size=\u00bbinitial\u00bb background_position=\u00bbtop_left\u00bb background_repeat=\u00bbrepeat\u00bb custom_margin=\u00bb|auto|-42px|auto||\u00bb custom_padding=\u00bb0px|||||\u00bb collapsed=\u00bboff\u00bb global_colors_info=\u00bb{}\u00bb][et_pb_column type=\u00bb4_4&#8243; _builder_version=\u00bb3.25&#8243; custom_padding=\u00bb|||\u00bb global_colors_info=\u00bb{}\u00bb custom_padding__hover=\u00bb|||\u00bb][et_pb_text _builder_version=\u00bb4.10.6&#8243; text_font=\u00bbBelgrano||||||||\u00bb text_line_height=\u00bb2em\u00bb background_size=\u00bbinitial\u00bb background_position=\u00bbtop_left\u00bb background_repeat=\u00bbrepeat\u00bb custom_padding=\u00bb0px||0px||false|false\u00bb inline_fonts=\u00bbAbril Fatface,Abel,Aleo\u00bb global_colors_info=\u00bb{}\u00bb]<\/p>\n<p>Anteriores cap\u00edtulos de la serie:<\/p>\n<ul>\n<li><a href=\"https:\/\/migrantesenigualdad.es\/index.php\/2021\/05\/24\/no-vengo-a-hablar-de-racismo-dahabi-salem-uma-adaptabilidad\/\">Cap\u00edtulo 1: Dahabi Salem Uma<\/a><\/li>\n<li><a href=\"https:\/\/migrantesenigualdad.es\/index.php\/2021\/06\/01\/nvahde-racismo-2-sasha\/\">Cap\u00edtulo 2: Yi Lin (Shasha)<\/a><\/li>\n<li><a href=\"https:\/\/migrantesenigualdad.es\/index.php\/2021\/06\/24\/no-vengo-a-hablar-de-racismo-mohamed-sabir\/\">Cap\u00edtulo 3: Mohamed Sabir<\/a><\/li>\n<li><a href=\"https:\/\/migrantesenigualdad.es\/index.php\/2021\/08\/05\/nvah-racismo-chaimae\/\">Cap\u00edtulo 4: Chaimae Afailal Tribak<\/a><\/li>\n<\/ul>\n<p>&nbsp;<\/p>\n<p>[\/et_pb_text][\/et_pb_column][\/et_pb_row][\/et_pb_section]<\/p>\n","protected":false},"excerpt":{"rendered":"<p>No vengo a hablar de racismo. Cap\u00edtulo 5.\u00a0 En este cap\u00edtulo conoceremos a Favour Patrick Ayoro, tarife\u00f1a de adopci\u00f3n desde hace casi veinte a\u00f1os. Favour abri\u00f3 una tienda hace hace 4 a\u00f1os y en ella ha volcado gran parte de su trabajo durante los \u00faltimos tiempos. Por supuesto si est\u00e1is en Tarifa os recomendamos que [&hellip;]<\/p>\n","protected":false},"author":1,"featured_media":2288,"comment_status":"open","ping_status":"closed","sticky":false,"template":"","format":"standard","meta":{"_et_pb_use_builder":"on","_et_pb_old_content":"","_et_gb_content_width":"","_jetpack_newsletter_access":"","_jetpack_dont_email_post_to_subs":false,"_jetpack_newsletter_tier_id":0,"_jetpack_memberships_contains_paywalled_content":false,"_jetpack_feature_clip_id":0,"_jetpack_memberships_contains_paid_content":false,"footnotes":"","jetpack_post_was_ever_published":false},"categories":[39],"tags":[13,47,38,60,40,48],"class_list":["post-2287","post","type-post","status-publish","format-standard","has-post-thumbnail","hentry","category-no-vengo-a-hablar-de-racismo","tag-antirracismo","tag-comunidad","tag-convivencia","tag-negocios","tag-no-vengo-a-hablar-de-racismo","tag-pueblo"],"jetpack_sharing_enabled":true,"jetpack_featured_media_url":"https:\/\/i0.wp.com\/migrantesenigualdad.es\/wp-content\/uploads\/2021\/09\/NVAHR-FAVOUR.png?fit=406%2C250&ssl=1","post_mailing_queue_ids":[],"_links":{"self":[{"href":"https:\/\/migrantesenigualdad.es\/index.php\/wp-json\/wp\/v2\/posts\/2287","targetHints":{"allow":["GET"]}}],"collection":[{"href":"https:\/\/migrantesenigualdad.es\/index.php\/wp-json\/wp\/v2\/posts"}],"about":[{"href":"https:\/\/migrantesenigualdad.es\/index.php\/wp-json\/wp\/v2\/types\/post"}],"author":[{"embeddable":true,"href":"https:\/\/migrantesenigualdad.es\/index.php\/wp-json\/wp\/v2\/users\/1"}],"replies":[{"embeddable":true,"href":"https:\/\/migrantesenigualdad.es\/index.php\/wp-json\/wp\/v2\/comments?post=2287"}],"version-history":[{"count":0,"href":"https:\/\/migrantesenigualdad.es\/index.php\/wp-json\/wp\/v2\/posts\/2287\/revisions"}],"wp:featuredmedia":[{"embeddable":true,"href":"https:\/\/migrantesenigualdad.es\/index.php\/wp-json\/wp\/v2\/media\/2288"}],"wp:attachment":[{"href":"https:\/\/migrantesenigualdad.es\/index.php\/wp-json\/wp\/v2\/media?parent=2287"}],"wp:term":[{"taxonomy":"category","embeddable":true,"href":"https:\/\/migrantesenigualdad.es\/index.php\/wp-json\/wp\/v2\/categories?post=2287"},{"taxonomy":"post_tag","embeddable":true,"href":"https:\/\/migrantesenigualdad.es\/index.php\/wp-json\/wp\/v2\/tags?post=2287"}],"curies":[{"name":"wp","href":"https:\/\/api.w.org\/{rel}","templated":true}]}}