{"id":2255,"date":"2021-09-03T09:01:56","date_gmt":"2021-09-03T09:01:56","guid":{"rendered":"https:\/\/migrantesenigualdad.es\/?p=2255"},"modified":"2021-09-03T09:01:59","modified_gmt":"2021-09-03T09:01:59","slug":"buenas-practicas-5","status":"publish","type":"post","link":"https:\/\/migrantesenigualdad.es\/index.php\/2021\/09\/03\/buenas-practicas-5\/","title":{"rendered":"Buenas pr\u00e1cticas en prensa 5. Celebran el &#8216;D\u00eda del Burkini&#8217;&#8230; (17\/08\/21)"},"content":{"rendered":"<p>[et_pb_section fb_built=\u00bb1&#8243; _builder_version=\u00bb4.2.2&#8243; custom_padding=\u00bb0px|||||\u00bb][et_pb_row _builder_version=\u00bb4.2.2&#8243; custom_padding=\u00bb0px|||||\u00bb collapsed=\u00bboff\u00bb][et_pb_column type=\u00bb4_4&#8243; _builder_version=\u00bb4.2.2&#8243;][et_pb_text admin_label=\u00bbTexto\u00bb _builder_version=\u00bb4.9.7&#8243; custom_margin=\u00bb0px||0px||false|false\u00bb custom_padding=\u00bb4px|||||\u00bb inline_fonts=\u00bbAbril Fatface,Aleo\u00bb]<\/p>\n<h1 style=\"text-align: justify;\"><span style=\"font-family: Aleo; font-weight: normal; font-size: large;\">El Observatorio de prensa y redes de Migrantes en igualdad analiza hoy como buena pr\u00e1ctica period\u00edstica <a href=\"https:\/\/elfarodeceuta.es\/celebran-dia-burkini-parque-maritimo-favor-tolerancia\/\">una noticia de El Faro de Ceuta<\/a> siguiendo las <span style=\"color: #3366ff;\"><a style=\"color: #3366ff; text-decoration: underline;\" href=\"https:\/\/www.respectwords.org\/wp-content\/uploads\/2017\/11\/Informar-sobre-procesos-migratorios-y-Minor%C3%ADas.pdf\" target=\"_blank\" rel=\"noopener\">recomendaciones del proyecto Respect Words<\/a><\/span>, utilizado por el <a href=\"https:\/\/periodistasandalucia.es\/\">Colegio Profesional de Periodistas de Andaluc\u00eda<\/a>.<\/span><\/h1>\n<p>&nbsp;<\/p>\n<p>[\/et_pb_text][et_pb_image src=\u00bbhttps:\/\/migrantesenigualdad.es\/wp-content\/uploads\/2021\/08\/Copy-of-Analisis-de-buenas-practicas1.png\u00bb title_text=\u00bbCopy of An\u00e1lisis de buenas pr\u00e1cticas(1)\u00bb admin_label=\u00bbImagen\u00bb _builder_version=\u00bb4.9.7&#8243;][\/et_pb_image][et_pb_text _builder_version=\u00bb4.2.2&#8243; custom_margin=\u00bb0px||0px||false|false\u00bb custom_padding=\u00bb4px|||||\u00bb inline_fonts=\u00bbAbril Fatface\u00bb]<\/p>\n<h1 style=\"text-align: justify;\"><\/h1>\n<h1 style=\"text-align: justify;\"><span style=\"font-family: 'Abril Fatface'; font-weight: normal; font-size: xx-large;\">Celebran el \u2018D\u00eda del burkini\u2019 en el Parque Mar\u00edtimo a favor de la tolerancia<\/span><\/h1>\n<p>[\/et_pb_text][et_pb_text _builder_version=\u00bb4.9.7&#8243; min_height=\u00bb80px\u00bb custom_margin=\u00bb||0px||false|false\u00bb custom_padding=\u00bb0px||0px||false|false\u00bb inline_fonts=\u00bbAbril Fatface\u00bb]<\/p>\n<p style=\"text-align: justify;\"><span style=\"font-family: 'Abril Fatface'; font-size: x-large; color: rgba(0, 0, 0, 0.66);\">Cerca de la entrada del parque se encontraba el diputado de Vox-Ceuta, Carlos Verdejo, quien se ha negado a dar declaraciones<\/span><\/p>\n<p>[\/et_pb_text][et_pb_text _builder_version=\u00bb4.9.7&#8243; text_font=\u00bb||||||||\u00bb text_line_height=\u00bb2em\u00bb header_text_color=\u00bb#0c71c3&#8243; header_2_font=\u00bb|700|||||||\u00bb header_2_text_align=\u00bbleft\u00bb header_2_text_color=\u00bb#e0b8ff\u00bb header_2_line_height=\u00bb1.1em\u00bb header_3_font=\u00bb|600|||||||\u00bb header_3_text_color=\u00bb#0da0c5&#8243; width=\u00bb100%\u00bb module_alignment=\u00bbcenter\u00bb custom_margin=\u00bb0px||-326px||false|false\u00bb custom_padding=\u00bb0px||349px||false|false\u00bb inline_fonts=\u00bbFredericka the Great,Fredoka One,Frank Ruhl Libre,Annie Use Your Telescope,Aleo\u00bb]<\/p>\n<p style=\"text-align: justify;\"><span style=\"font-family: Aleo; font-weight: normal; font-size: large;\">Poco antes de la 12.00 horas ha comenzado a concentrarse en la entrada del Parque Mar\u00edtimo del Mediterr\u00e1neo el grupo de mujeres que ha participado en el \u2018D\u00eda del Burkini\u2019,<span style=\"color: #ff5757;\"> convocado para pronunciarse en contra de la discriminaci\u00f3n, a ra\u00edz de un tuit del diputado de Vox-Ceuta, Carlos Verdejo, que ha sido el detonante. <\/span><\/span><\/p>\n<p style=\"text-align: justify;\"><span style=\"font-family: Aleo; font-weight: normal; font-size: large;\"><span style=\"color: #cb6ce6;\">Laila Abdeselam Mohamed, la promotora de esta iniciativa, ha recalcado las razones que la llevaron a hacer la convocatoria.<\/span> \u201cTodo surge a ra\u00edz de un tuit de una contestaci\u00f3n a una chica que le record\u00f3 al se\u00f1or Verdejo la Constituci\u00f3n Espa\u00f1ola, por lo que a ese se\u00f1or le da igual mandar a una espa\u00f1ola a leerse la Constituci\u00f3n de Afganist\u00e1n seg\u00fan \u00e9l, o la de Paquist\u00e1n, la que \u00e9l crea conveniente\u201d, ha comentado. <\/span><\/p>\n<p style=\"text-align: justify;\"><span style=\"font-family: Aleo; font-weight: normal; font-size: large;\">Poco a poco <span style=\"color: #ff914d;\">han ido llegado m\u00e1s mujeres llevando esta prenda de ba\u00f1o homologada, en compa\u00f1\u00eda de sus familiares y tambi\u00e9n de amigos, para pasar un d\u00eda de ocio<\/span>, <span style=\"color: #38b6ff;\">al mismo tiempo que enviaban un mensaje a favor de la igualdad. <\/span><\/span><\/p>\n<p style=\"text-align: justify;\"><span style=\"font-family: Aleo; font-weight: normal; font-size: large;\"><span style=\"color: #cb6ce6;\">La promotora de la actividad ha recalcado c\u00f3mo se sienten al ser se\u00f1aladas o v\u00edctimas de calificativos.<\/span> \u201cNos parece denigrante, si el parque tiene unas normativas y nosotros cumplimos con esas normativas, no entiendo por qu\u00e9 ese se\u00f1or (Verdejo) adelanta un futuro que si ganar\u00eda las pr\u00f3ximas elecciones nos quitar\u00eda ba\u00f1arnos como queramos\u201d, <span style=\"color: #cb6ce6;\">ha reclamado Laila. <\/span><\/span><\/p>\n<p style=\"text-align: justify;\"><span style=\"font-family: Aleo; font-weight: normal; font-size: large;\"><span style=\"color: #cb6ce6;\">Ha se\u00f1alado adem\u00e1s cu\u00e1l es el prop\u00f3sito que ha movido a todas las mujeres que han decidido acercarse al Parque Mar\u00edtimo con sus burkinis.<\/span> \u201c<span style=\"color: #7ed957;\">El mensaje es la tolerancia, que igual que respetamos que se nos respete, que cada cual vaya como quiera, sea en bikini, sea en burkini, sea en topless, como cada una quiera. Igual que respetamos al que est\u00e1 al lado yendo en ba\u00f1ador, que nos respeten, simplemente eso, es un d\u00eda m\u00e1s de parque, como uno cualquiera, es lo que pedimos, la tolerancia sobre todo\u201d. <\/span><\/span><\/p>\n<p style=\"text-align: justify;\"><span style=\"font-family: Aleo; font-weight: normal; font-size: large;\">Rafael Montero \u00c1valos, director gerente del Parque Mar\u00edtimo del Mediterr\u00e1neo, tambi\u00e9n se ha pronunciado y ha hablado sobre la postura del parque. <\/span><\/p>\n<p style=\"text-align: justify;\"><span style=\"font-family: Aleo; font-weight: normal; font-size: large;\">Ha se\u00f1alado que \u201cel parque no es que tiene una postura ni pol\u00edtica, ni religiosa, ni siquiera est\u00e9tica. <span style=\"color: #ff5757;\">Nosotros tenemos una normativa que es la que tenemos que hacer que se cumpla y que adem\u00e1s llevamos much\u00edsimos a\u00f1os haciendo que se cumpla, y se cumple sin ning\u00fan problema, y entendemos que este a\u00f1o no tiene que ser distinto, la diferencia este a\u00f1o estar\u00e1 en el tema Covid, pero no en el tema del traje de ba\u00f1o, y eso est\u00e1 perfectamente claro\u201d<\/span>. Ha recordado que no se trata de algo nuevo, pero ha asegurado que el parque no va a entrar en ning\u00fan tipo de pol\u00e9mica. <\/span><\/p>\n<p style=\"text-align: justify;\"><span style=\"font-family: Aleo; font-weight: normal; font-size: large;\"><span style=\"color: #cb6ce6;\">Otras mujeres que participaron en el \u2018D\u00eda del Burkini\u2019 pero que prefirieron no dar sus nombres, expresaron<\/span> <span style=\"color: #38b6ff;\">la importancia de respetar las diferencias y de promover la convivencia entre todos los que forman parte de una ciudad multicultural. <\/span><\/span><\/p>\n<p style=\"text-align: justify;\"><span style=\"font-family: Aleo; font-weight: normal; font-size: large;\">Asimismo, <span style=\"color: #ff914d;\">destacaron que las mujeres no deben ser etiquetadas y han dejado claro que para ellas la libertad significa, entre muchas otras cosas, que las dejen ba\u00f1arse con burkinis.<\/span> <\/span><\/p>\n<p style=\"text-align: justify;\"><span style=\"font-family: Aleo; font-weight: normal; font-size: large;\">Cerca de la entrada del parque se encontraba precisamente el diputado de Vox-Ceuta, Carlos Verdejo, quien se ha negado a dar declaraciones. <\/span><\/p>\n<p>[\/et_pb_text][\/et_pb_column][\/et_pb_row][\/et_pb_section]<\/p>\n","protected":false},"excerpt":{"rendered":"<p>El Observatorio de prensa y redes de Migrantes en igualdad analiza hoy como buena pr\u00e1ctica period\u00edstica una noticia de El Faro de Ceuta siguiendo las recomendaciones del proyecto Respect Words, utilizado por el Colegio Profesional de Periodistas de Andaluc\u00eda. &nbsp; Celebran el \u2018D\u00eda del burkini\u2019 en el Parque Mar\u00edtimo a favor de la toleranciaCerca de [&hellip;]<\/p>\n","protected":false},"author":1,"featured_media":2279,"comment_status":"open","ping_status":"closed","sticky":false,"template":"","format":"standard","meta":{"_et_pb_use_builder":"on","_et_pb_old_content":"","_et_gb_content_width":"","_jetpack_newsletter_access":"","_jetpack_dont_email_post_to_subs":false,"_jetpack_newsletter_tier_id":0,"_jetpack_memberships_contains_paywalled_content":false,"_jetpack_feature_clip_id":0,"_jetpack_memberships_contains_paid_content":false,"footnotes":"","jetpack_post_was_ever_published":false},"categories":[26],"tags":[13,46,50,42,59,57,14,58,45,44,43],"class_list":["post-2255","post","type-post","status-publish","format-standard","has-post-thumbnail","hentry","category-observatorio","tag-antirracismo","tag-buenas-practicas","tag-campo-de-gibraltar","tag-ceuta","tag-interculturalidad","tag-islam","tag-migrantes","tag-mujeres","tag-observatorio","tag-periodismo","tag-prensa"],"jetpack_sharing_enabled":true,"jetpack_featured_media_url":"https:\/\/i0.wp.com\/migrantesenigualdad.es\/wp-content\/uploads\/2021\/09\/Copy-of-Buenas-practicas-II.gif?fit=806%2C496&ssl=1","post_mailing_queue_ids":[],"_links":{"self":[{"href":"https:\/\/migrantesenigualdad.es\/index.php\/wp-json\/wp\/v2\/posts\/2255","targetHints":{"allow":["GET"]}}],"collection":[{"href":"https:\/\/migrantesenigualdad.es\/index.php\/wp-json\/wp\/v2\/posts"}],"about":[{"href":"https:\/\/migrantesenigualdad.es\/index.php\/wp-json\/wp\/v2\/types\/post"}],"author":[{"embeddable":true,"href":"https:\/\/migrantesenigualdad.es\/index.php\/wp-json\/wp\/v2\/users\/1"}],"replies":[{"embeddable":true,"href":"https:\/\/migrantesenigualdad.es\/index.php\/wp-json\/wp\/v2\/comments?post=2255"}],"version-history":[{"count":0,"href":"https:\/\/migrantesenigualdad.es\/index.php\/wp-json\/wp\/v2\/posts\/2255\/revisions"}],"wp:featuredmedia":[{"embeddable":true,"href":"https:\/\/migrantesenigualdad.es\/index.php\/wp-json\/wp\/v2\/media\/2279"}],"wp:attachment":[{"href":"https:\/\/migrantesenigualdad.es\/index.php\/wp-json\/wp\/v2\/media?parent=2255"}],"wp:term":[{"taxonomy":"category","embeddable":true,"href":"https:\/\/migrantesenigualdad.es\/index.php\/wp-json\/wp\/v2\/categories?post=2255"},{"taxonomy":"post_tag","embeddable":true,"href":"https:\/\/migrantesenigualdad.es\/index.php\/wp-json\/wp\/v2\/tags?post=2255"}],"curies":[{"name":"wp","href":"https:\/\/api.w.org\/{rel}","templated":true}]}}