{"id":2118,"date":"2021-08-09T08:10:08","date_gmt":"2021-08-09T08:10:08","guid":{"rendered":"https:\/\/migrantesenigualdad.es\/?p=2118"},"modified":"2021-08-09T11:45:20","modified_gmt":"2021-08-09T11:45:20","slug":"espiritu-olimpico-deporte-herramienta-convivencia","status":"publish","type":"post","link":"https:\/\/migrantesenigualdad.es\/index.php\/2021\/08\/09\/espiritu-olimpico-deporte-herramienta-convivencia\/","title":{"rendered":"Esp\u00edritu ol\u00edmpico. El deporte como herramienta social, como fuente de convivencia."},"content":{"rendered":"<p>[et_pb_section fb_built=\u00bb1&#8243; _builder_version=\u00bb3.22&#8243; custom_padding=\u00bb0px|||||\u00bb][et_pb_row _builder_version=\u00bb4.2.2&#8243; background_size=\u00bbinitial\u00bb background_position=\u00bbtop_left\u00bb background_repeat=\u00bbrepeat\u00bb custom_margin=\u00bb35px|auto|-55px|auto|false|false\u00bb custom_padding=\u00bb0px|||||\u00bb][et_pb_column type=\u00bb4_4&#8243; _builder_version=\u00bb3.25&#8243; custom_padding=\u00bb|||\u00bb custom_padding__hover=\u00bb|||\u00bb][et_pb_text _builder_version=\u00bb4.9.7&#8243; text_font_size=\u00bb18px\u00bb text_letter_spacing=\u00bb1px\u00bb background_size=\u00bbinitial\u00bb background_position=\u00bbtop_left\u00bb background_repeat=\u00bbrepeat\u00bb inline_fonts=\u00bbAbril Fatface,Abel\u00bb]<\/p>\n<p>El domingo 8 de agosto de 2021 se clausuraron los juegos de Tokio 2020. Hemos tenido en los telediarios, en los medios escritos y en los digitales, historias de superaci\u00f3n personal, ya sea por ganar una medalla, o sea por cumplir el sue\u00f1o de poder competir en unos juegos de tal envergadura y saber qu\u00e9 es eso del esp\u00edritu ol\u00edmpico. Ese esp\u00edritu se nos revela en otras <strong>historias de convivencia, de compa\u00f1erismo, de celebraci\u00f3n.<\/strong><\/p>\n<p>Hemos visto <a href=\"https:\/\/www.publico.es\/tremending\/2021\/08\/01\/las-redes-aplauden-la-celebracion-del-italiano-tamberi-y-el-catari-barshim-por-compartir-el-oro-en-salto-de-altura\/\">a un atleta italiano y a uno catar\u00ed<\/a> debatir delante del juez de la prueba y decidir finalmente que los dos fueran medalla de oro y no tener que seguir compitiendo para ver qui\u00e9n de los dos ganaba. La<strong> decisi\u00f3n compartida<\/strong> y el abrazo posterior ha sido una de las im\u00e1genes de estos juegos y sigue poniendo los vellos de punta.<\/p>\n<p>[\/et_pb_text][\/et_pb_column][\/et_pb_row][et_pb_row _builder_version=\u00bb4.9.7&#8243; background_size=\u00bbinitial\u00bb background_position=\u00bbtop_left\u00bb background_repeat=\u00bbrepeat\u00bb custom_margin=\u00bb35px|auto|-55px|auto|false|false\u00bb custom_padding=\u00bb0px|||||\u00bb][et_pb_column type=\u00bb4_4&#8243; _builder_version=\u00bb3.25&#8243; custom_padding=\u00bb|||\u00bb custom_padding__hover=\u00bb|||\u00bb][et_pb_code _builder_version=\u00bb4.9.7&#8243; _module_preset=\u00bbdefault\u00bb text_orientation=\u00bbcenter\u00bb animation_style=\u00bbfade\u00bb]<iframe src='https:\/\/www.eurosport.es\/atletismo\/juegos-olimpicos-tokio-2020\/2021\/tokio-2020-salto-altura-video-oro-compartido_vid1518283\/embed-video.shtml' width=\"560\" height=\"315\" allowfullscreen frameborder=0><\/iframe>[\/et_pb_code][\/et_pb_column][\/et_pb_row][et_pb_row _builder_version=\u00bb4.2.2&#8243; background_size=\u00bbinitial\u00bb background_position=\u00bbtop_left\u00bb background_repeat=\u00bbrepeat\u00bb custom_margin=\u00bb35px|auto|-55px|auto|false|false\u00bb custom_padding=\u00bb0px|||||\u00bb][et_pb_column type=\u00bb4_4&#8243; _builder_version=\u00bb3.25&#8243; custom_padding=\u00bb|||\u00bb custom_padding__hover=\u00bb|||\u00bb][et_pb_text _builder_version=\u00bb4.9.7&#8243; text_font_size=\u00bb18px\u00bb text_letter_spacing=\u00bb1px\u00bb background_size=\u00bbinitial\u00bb background_position=\u00bbtop_left\u00bb background_repeat=\u00bbrepeat\u00bb inline_fonts=\u00bbAbril Fatface,Abel\u00bb]<\/p>\n<p>Aqu\u00ed vemos el <strong>deporte como herramienta social<\/strong>, como fuente de convivencia.<\/p>\n<p>En nuestro pa\u00eds hemos tenido dos casos que, si pudi\u00e9ramos, entrevistar\u00edamos dentro de nuestra serie \u201c<strong>No voy a hablar de racismo<\/strong>\u201d: <a href=\"https:\/\/twitter.com\/apeleteirob?lang=es\">Ana Peleteiro<\/a> y <a href=\"https:\/\/twitter.com\/rayderley\">Ray Zapata<\/a>.<\/p>\n<p style=\"text-align: justify;\">En este v\u00eddeo, Ana nos contar\u00eda que ya fue campeona del mundo junior en 2012, adem\u00e1s de haber ganado otras medallas en competiciones inferiores. No nos hablar\u00eda de su padre africano que no conoce, ni de que ha nacido en Galicia, pero s\u00ed de las dificultades del paso a competir con atletas senior. No nos contar\u00eda lo que le pas\u00f3 en una gasolinera de Guadalajara, pero s\u00ed de su primera final en un mundial de atletismo, de su paso por los juegos, de su <strong>bronce ol\u00edmpico<\/strong>. Justo despu\u00e9s de asegurarse esa medalla salt\u00f3 la venezolana <a href=\"https:\/\/es.wikipedia.org\/wiki\/Yulimar_Rojas\" target=\"_blank\" rel=\"noopener\">Yulimar Rojas<\/a>. Medalla de oro. <strong>R\u00e9cord del mundo<\/strong>. Ana estaba cerca, se llev\u00f3 las manos a la cabeza y <strong>sali\u00f3 corriendo a abrazarla<\/strong>. En nuestra entrevista nos contar\u00eda si en ese momento pens\u00f3 algo o simplemente sinti\u00f3 una alegr\u00eda inmensa por la proeza de su compa\u00f1era.<\/p>\n<p>[\/et_pb_text][\/et_pb_column][\/et_pb_row][et_pb_row _builder_version=\u00bb4.9.7&#8243; background_size=\u00bbinitial\u00bb background_position=\u00bbtop_left\u00bb background_repeat=\u00bbrepeat\u00bb custom_margin=\u00bb35px|auto|-55px|auto|false|false\u00bb custom_padding=\u00bb0px|||||\u00bb][et_pb_column type=\u00bb4_4&#8243; _builder_version=\u00bb3.25&#8243; custom_padding=\u00bb|||\u00bb custom_padding__hover=\u00bb|||\u00bb][et_pb_code _builder_version=\u00bb4.9.7&#8243; _module_preset=\u00bbdefault\u00bb text_orientation=\u00bbcenter\u00bb animation_style=\u00bbfade\u00bb]<iframe src='https:\/\/www.eurosport.es\/atletismo\/juegos-olimpicos-tokio-2020\/2021\/video-resumen-salto-yulimar-rojas-medalla-oro-record-del-mundo-resultado-hoy_vid1517845\/embed-video.shtml' width=\"560\" height=\"315\" allowfullscreen frameborder=0><\/iframe>[\/et_pb_code][\/et_pb_column][\/et_pb_row][et_pb_row _builder_version=\u00bb4.2.2&#8243; background_size=\u00bbinitial\u00bb background_position=\u00bbtop_left\u00bb background_repeat=\u00bbrepeat\u00bb custom_margin=\u00bb35px|auto|-55px|auto|false|false\u00bb custom_padding=\u00bb0px|||||\u00bb][et_pb_column type=\u00bb4_4&#8243; _builder_version=\u00bb3.25&#8243; custom_padding=\u00bb|||\u00bb custom_padding__hover=\u00bb|||\u00bb][et_pb_text _builder_version=\u00bb4.9.7&#8243; text_font_size=\u00bb18px\u00bb text_letter_spacing=\u00bb1px\u00bb background_size=\u00bbinitial\u00bb background_position=\u00bbtop_left\u00bb background_repeat=\u00bbrepeat\u00bb inline_fonts=\u00bbAbril Fatface,Abel\u00bb]<\/p>\n<p><strong>Ray<\/strong> nos contar\u00eda qu\u00e9 se siente cuando en los <strong>Juegos<\/strong> de R\u00edo de <strong>2016 no se clasifica<\/strong> para la <strong>final<\/strong> del aparato que es su especialidad. C\u00f3mo y por qu\u00e9 empez\u00f3 a practicar gimnasia. No nos contar\u00eda que lleg\u00f3 a Lanzarote con 9 a\u00f1os, pero s\u00ed que desde adolescente <strong>entrena con<\/strong> <a href=\"https:\/\/es.wikipedia.org\/wiki\/Gervasio_Deferr\" target=\"_blank\" rel=\"noopener\">Gervasio Deferr (3 medallas ol\u00edmpicas)<\/a> en el Centro de Alto Rendimiento de San Cugat. No nos hablar\u00eda de que naci\u00f3 en Santo Domingo, Rep\u00fablica Dominicana, pero s\u00ed de que la madrina de su hija va a ser una de sus mejores amigas, una atleta que ha sido bronce en triple salto en Tokio 2020, el mismo d\u00eda que \u00e9l consigui\u00f3 su medalla, Ana Peleteiro. Y terminar\u00eda ri\u00e9ndose y cont\u00e1ndonos que, aunque suene a cachondeo, su <strong>hija<\/strong> de dos meses se llama <strong>Olimpia.<\/strong><\/p>\n<p>Ana y Ray son los que han obtenido medalla en estos juegos, pero la entrevista se la podr\u00edamos haber realizado a Usman Garuba, Nikoloz Sherazadishvili, Galia Dvorak, Mar\u00eda Xiao Yao, Thierno Diallo, Mohamed Katir, Abdel Mechaal, Mar\u00eda Vicente, F\u00e1tima Diame, o Aauri Bokesa, por poner algunos ejemplos. A esta \u00faltima le har\u00edamos la t\u00edpica pregunta que le hacen a ella de c\u00f3mo se puede ser \u00e9lite en dos deportes: \u00bfc\u00f3mo se pasa de jugar en la primera plantilla de Estudiantes a ser internacional en los 400 m.?<\/p>\n<p>Cualquiera de ellas\/os nos dar\u00eda una entrevista preciosa. Se han terminado los juegos. Es <strong>ahora<\/strong> cuando <strong>empieza la Olimpiada.<\/strong><\/p>\n<p><strong><\/strong><\/p>\n<p>[\/et_pb_text][et_pb_image src=\u00bbhttps:\/\/migrantesenigualdad.es\/wp-content\/uploads\/2021\/08\/convivencia-deportiva.jpg\u00bb alt=\u00bbconvivencia\u00bb title_text=\u00bbconvivencia deportiva\u00bb _builder_version=\u00bb4.9.7&#8243; _module_preset=\u00bbdefault\u00bb max_width=\u00bb70%\u00bb module_alignment=\u00bbcenter\u00bb][\/et_pb_image][et_pb_text _builder_version=\u00bb4.9.7&#8243; text_font_size=\u00bb18px\u00bb text_letter_spacing=\u00bb1px\u00bb background_size=\u00bbinitial\u00bb background_position=\u00bbtop_left\u00bb background_repeat=\u00bbrepeat\u00bb inline_fonts=\u00bbAbril Fatface,Abel\u00bb]<\/p>\n<p>Y es que el <strong>deporte<\/strong> es una <strong>herramienta de transformaci\u00f3n social<\/strong> desde la base. Si un chico de familia espa\u00f1ola comparte equipo de baloncesto con un chico de familia marroqu\u00ed le conocer\u00e1 por su nombre y apellidos, si una chica de familia espa\u00f1ola tiene en su equipo de f\u00fatbol a una compa\u00f1era senegalesa se dirigir\u00e1 a ella con nombre y apellidos. Esta<strong> experiencia de convivencia<\/strong> que les ofrece el deporte les acompa\u00f1ar\u00e1 el resto de su vida y cuando crezcan y tengan vecinos\/as de distintas nacionalidades, compa\u00f1eros\/as de trabajo con familias de distintos pa\u00edses, \u2026 este chico y esta chica ver\u00e1n personas con sus nombres y sus apellidos.<\/p>\n<p>[\/et_pb_text][\/et_pb_column][\/et_pb_row][\/et_pb_section]<\/p>\n","protected":false},"excerpt":{"rendered":"<p>El domingo 8 de agosto de 2021 se clausuraron los juegos de Tokio 2020. Hemos tenido en los telediarios, en los medios escritos y en los digitales, historias de superaci\u00f3n personal, ya sea por ganar una medalla, o sea por cumplir el sue\u00f1o de poder competir en unos juegos de tal envergadura y saber qu\u00e9 [&hellip;]<\/p>\n","protected":false},"author":1,"featured_media":2120,"comment_status":"open","ping_status":"closed","sticky":false,"template":"","format":"standard","meta":{"_et_pb_use_builder":"on","_et_pb_old_content":"","_et_gb_content_width":"","_jetpack_newsletter_access":"","_jetpack_dont_email_post_to_subs":false,"_jetpack_newsletter_tier_id":0,"_jetpack_memberships_contains_paywalled_content":false,"_jetpack_feature_clip_id":0,"_jetpack_memberships_contains_paid_content":false,"footnotes":"","jetpack_post_was_ever_published":false},"categories":[1],"tags":[55,54,47,38,53,14,35,56],"class_list":["post-2118","post","type-post","status-publish","format-standard","has-post-thumbnail","hentry","category-actualidad","tag-ana-peleteiro","tag-companerismo","tag-comunidad","tag-convivencia","tag-juegos-olimpicos","tag-migrantes","tag-prejuicios","tag-ray-zapata"],"jetpack_sharing_enabled":true,"jetpack_featured_media_url":"https:\/\/i0.wp.com\/migrantesenigualdad.es\/wp-content\/uploads\/2021\/08\/entrada-blog-juegos.png?fit=406%2C250&ssl=1","post_mailing_queue_ids":[],"_links":{"self":[{"href":"https:\/\/migrantesenigualdad.es\/index.php\/wp-json\/wp\/v2\/posts\/2118","targetHints":{"allow":["GET"]}}],"collection":[{"href":"https:\/\/migrantesenigualdad.es\/index.php\/wp-json\/wp\/v2\/posts"}],"about":[{"href":"https:\/\/migrantesenigualdad.es\/index.php\/wp-json\/wp\/v2\/types\/post"}],"author":[{"embeddable":true,"href":"https:\/\/migrantesenigualdad.es\/index.php\/wp-json\/wp\/v2\/users\/1"}],"replies":[{"embeddable":true,"href":"https:\/\/migrantesenigualdad.es\/index.php\/wp-json\/wp\/v2\/comments?post=2118"}],"version-history":[{"count":0,"href":"https:\/\/migrantesenigualdad.es\/index.php\/wp-json\/wp\/v2\/posts\/2118\/revisions"}],"wp:featuredmedia":[{"embeddable":true,"href":"https:\/\/migrantesenigualdad.es\/index.php\/wp-json\/wp\/v2\/media\/2120"}],"wp:attachment":[{"href":"https:\/\/migrantesenigualdad.es\/index.php\/wp-json\/wp\/v2\/media?parent=2118"}],"wp:term":[{"taxonomy":"category","embeddable":true,"href":"https:\/\/migrantesenigualdad.es\/index.php\/wp-json\/wp\/v2\/categories?post=2118"},{"taxonomy":"post_tag","embeddable":true,"href":"https:\/\/migrantesenigualdad.es\/index.php\/wp-json\/wp\/v2\/tags?post=2118"}],"curies":[{"name":"wp","href":"https:\/\/api.w.org\/{rel}","templated":true}]}}