{"id":2096,"date":"2021-08-05T07:43:32","date_gmt":"2021-08-05T07:43:32","guid":{"rendered":"https:\/\/migrantesenigualdad.es\/?p=2096"},"modified":"2021-08-05T11:35:45","modified_gmt":"2021-08-05T11:35:45","slug":"nvah-racismo-chaimae","status":"publish","type":"post","link":"https:\/\/migrantesenigualdad.es\/index.php\/2021\/08\/05\/nvah-racismo-chaimae\/","title":{"rendered":"No vengo a hablar de racismo &#8211; Chaimae Afailal Tribak"},"content":{"rendered":"<p>[et_pb_section fb_built=\u00bb1&#8243; _builder_version=\u00bb3.22&#8243; custom_padding=\u00bb0px|||||\u00bb][et_pb_row _builder_version=\u00bb4.2.2&#8243; background_size=\u00bbinitial\u00bb background_position=\u00bbtop_left\u00bb background_repeat=\u00bbrepeat\u00bb custom_margin=\u00bb|auto|-42px|auto||\u00bb custom_padding=\u00bb0px|||||\u00bb collapsed=\u00bboff\u00bb][et_pb_column type=\u00bb4_4&#8243; _builder_version=\u00bb3.25&#8243; custom_padding=\u00bb|||\u00bb custom_padding__hover=\u00bb|||\u00bb][et_pb_text _builder_version=\u00bb4.9.7&#8243; text_font=\u00bbBelgrano||||||||\u00bb text_line_height=\u00bb2em\u00bb background_size=\u00bbinitial\u00bb background_position=\u00bbtop_left\u00bb background_repeat=\u00bbrepeat\u00bb custom_padding=\u00bb0px||0px||false|false\u00bb inline_fonts=\u00bbAbril Fatface,Abel,Aleo\u00bb]<\/p>\n<p>En nuestra serie\u00a0<strong>No vengo a hablar de racismo<\/strong>, vamos a conocer m\u00e1s a fondo a una de las profesoras de la <a href=\"https:\/\/www.sanroque.es\/up?fbclid=IwAR1Y4pcj2LsvZLbyj5ic5rhhFKsNJ_B5pXVLylsZ0au09ymqUMmbQz3rDvM\" target=\"_blank\" rel=\"noopener\">Universidad Popular de San Roque.<\/a><\/p>\n<p><strong>Chaimae Afailal Tribak<\/strong> comenz\u00f3 su trabajo como profesora de cocina \u00e1rabe pero poco a poco, ha ido ampliando la cartera de talleres llegando a impartir m\u00e1s de 20 clases semanales de tem\u00e1tica diversa. Adem\u00e1s, ha abierto su propio <a href=\"https:\/\/www.youtube.com\/channel\/UCcPYXhD3aARfEMKizGr4gOg\" target=\"_blank\" rel=\"noopener\">canal en Youtube<\/a> en el que comparte recetas con su comunidad.<\/p>\n<p>Much\u00edsimas gracias por este ratito que pasaste con nosotras. No podemos dejar de recomendaros que pas\u00e9is por sus clases y, si pod\u00e9is, que prob\u00e9is cualquiera de sus platos. \u00a1\u00a1Nosotras lo hicimos y los hemos disfrutado!!<\/p>\n<p style=\"text-align: justify;\">[\/et_pb_text][\/et_pb_column][\/et_pb_row][et_pb_row _builder_version=\u00bb4.2.2&#8243; min_height=\u00bb100px\u00bb custom_margin=\u00bb0px|auto|0px|auto|false|false\u00bb custom_padding=\u00bb20px||0px||false|false\u00bb collapsed=\u00bboff\u00bb][et_pb_column type=\u00bb4_4&#8243; _builder_version=\u00bb4.2.2&#8243;][et_pb_video src=\u00bbhttps:\/\/youtu.be\/cqeInGEvCQg\u00bb play_icon_color=\u00bb#e09900&#8243; _builder_version=\u00bb4.9.7&#8243;][\/et_pb_video][\/et_pb_column][\/et_pb_row][\/et_pb_section]<\/p>\n","protected":false},"excerpt":{"rendered":"<p>En nuestra serie\u00a0No vengo a hablar de racismo, vamos a conocer m\u00e1s a fondo a una de las profesoras de la Universidad Popular de San Roque. Chaimae Afailal Tribak comenz\u00f3 su trabajo como profesora de cocina \u00e1rabe pero poco a poco, ha ido ampliando la cartera de talleres llegando a impartir m\u00e1s de 20 clases [&hellip;]<\/p>\n","protected":false},"author":1,"featured_media":2100,"comment_status":"open","ping_status":"closed","sticky":false,"template":"","format":"standard","meta":{"_et_pb_use_builder":"on","_et_pb_old_content":"","_et_gb_content_width":"","_jetpack_newsletter_access":"","_jetpack_dont_email_post_to_subs":false,"_jetpack_newsletter_tier_id":0,"_jetpack_memberships_contains_paywalled_content":false,"_jetpack_feature_clip_id":0,"_jetpack_memberships_contains_paid_content":false,"footnotes":"","jetpack_post_was_ever_published":false},"categories":[39],"tags":[13,47,38,40,48],"class_list":["post-2096","post","type-post","status-publish","format-standard","has-post-thumbnail","hentry","category-no-vengo-a-hablar-de-racismo","tag-antirracismo","tag-comunidad","tag-convivencia","tag-no-vengo-a-hablar-de-racismo","tag-pueblo"],"jetpack_sharing_enabled":true,"jetpack_featured_media_url":"https:\/\/i0.wp.com\/migrantesenigualdad.es\/wp-content\/uploads\/2021\/08\/Copia-de-NVAHR-CHAIMA.png?fit=406%2C250&ssl=1","post_mailing_queue_ids":[],"_links":{"self":[{"href":"https:\/\/migrantesenigualdad.es\/index.php\/wp-json\/wp\/v2\/posts\/2096","targetHints":{"allow":["GET"]}}],"collection":[{"href":"https:\/\/migrantesenigualdad.es\/index.php\/wp-json\/wp\/v2\/posts"}],"about":[{"href":"https:\/\/migrantesenigualdad.es\/index.php\/wp-json\/wp\/v2\/types\/post"}],"author":[{"embeddable":true,"href":"https:\/\/migrantesenigualdad.es\/index.php\/wp-json\/wp\/v2\/users\/1"}],"replies":[{"embeddable":true,"href":"https:\/\/migrantesenigualdad.es\/index.php\/wp-json\/wp\/v2\/comments?post=2096"}],"version-history":[{"count":0,"href":"https:\/\/migrantesenigualdad.es\/index.php\/wp-json\/wp\/v2\/posts\/2096\/revisions"}],"wp:featuredmedia":[{"embeddable":true,"href":"https:\/\/migrantesenigualdad.es\/index.php\/wp-json\/wp\/v2\/media\/2100"}],"wp:attachment":[{"href":"https:\/\/migrantesenigualdad.es\/index.php\/wp-json\/wp\/v2\/media?parent=2096"}],"wp:term":[{"taxonomy":"category","embeddable":true,"href":"https:\/\/migrantesenigualdad.es\/index.php\/wp-json\/wp\/v2\/categories?post=2096"},{"taxonomy":"post_tag","embeddable":true,"href":"https:\/\/migrantesenigualdad.es\/index.php\/wp-json\/wp\/v2\/tags?post=2096"}],"curies":[{"name":"wp","href":"https:\/\/api.w.org\/{rel}","templated":true}]}}