{"id":1780,"date":"2021-07-22T10:34:54","date_gmt":"2021-07-22T10:34:54","guid":{"rendered":"https:\/\/migrantesenigualdad.es\/?p=1780"},"modified":"2021-07-22T10:35:04","modified_gmt":"2021-07-22T10:35:04","slug":"buenas-practicas-en-prensa-estrecho-de-gibraltar-07-07-21","status":"publish","type":"post","link":"https:\/\/migrantesenigualdad.es\/index.php\/2021\/07\/22\/buenas-practicas-en-prensa-estrecho-de-gibraltar-07-07-21\/","title":{"rendered":"Buenas pr\u00e1cticas en prensa 4. El Estrecho de Gibraltar se cobr\u00f3&#8230; (07\/07\/21)"},"content":{"rendered":"<p>[et_pb_section fb_built=\u00bb1&#8243; _builder_version=\u00bb4.2.2&#8243; custom_padding=\u00bb0px|||||\u00bb][et_pb_row _builder_version=\u00bb4.2.2&#8243; custom_padding=\u00bb0px|||||\u00bb][et_pb_column type=\u00bb4_4&#8243; _builder_version=\u00bb4.2.2&#8243;][et_pb_text admin_label=\u00bbTexto\u00bb _builder_version=\u00bb4.9.7&#8243; custom_margin=\u00bb0px||0px||false|false\u00bb custom_padding=\u00bb4px|||||\u00bb inline_fonts=\u00bbAbril Fatface,Aleo\u00bb]<\/p>\n<h1 style=\"text-align: justify;\"><span style=\"font-family: Aleo; font-weight: normal; font-size: large;\">El Observatorio de Migrantes en igualdad analiza hoy <span style=\"text-decoration: underline;\"><span style=\"color: #3366ff;\"><a style=\"color: #3366ff; text-decoration: underline;\" href=\"https:\/\/www.europasur.es\/campo-de-gibraltar\/estrecho-vida-migrantes-enero-junio_0_1590142825.html\" target=\"_blank\" rel=\"noopener\">una noticia de Europa Sur<\/a><\/span><\/span>, medio del Campo de Gibraltar, siguiendo las <span style=\"color: #3366ff;\"><a style=\"color: #3366ff; text-decoration: underline;\" href=\"https:\/\/www.respectwords.org\/wp-content\/uploads\/2017\/11\/Informar-sobre-procesos-migratorios-y-Minor%C3%ADas.pdf\" target=\"_blank\" rel=\"noopener\">recomendaciones del proyecto Respect Words<\/a><\/span>, utilizado por el Colegio Profesional de Periodistas de Andaluc\u00eda.<\/span><\/h1>\n<p>&nbsp;<\/p>\n<p>[\/et_pb_text][et_pb_image src=\u00bbhttps:\/\/migrantesenigualdad.es\/wp-content\/uploads\/2021\/07\/Analisis-de-buenas-practicas-IV-1.png\u00bb title_text=\u00bbAn\u00e1lisis de buenas pr\u00e1cticas IV\u00bb admin_label=\u00bbImagen\u00bb _builder_version=\u00bb4.9.7&#8243;][\/et_pb_image][et_pb_text _builder_version=\u00bb4.2.2&#8243; custom_margin=\u00bb0px||0px||false|false\u00bb custom_padding=\u00bb4px|||||\u00bb inline_fonts=\u00bbAbril Fatface\u00bb]<\/p>\n<h1 style=\"text-align: justify;\"><span style=\"font-family: 'Abril Fatface'; font-weight: normal; font-size: xx-large;\"><\/span><\/h1>\n<h1 style=\"text-align: justify;\"><span style=\"font-family: 'Abril Fatface'; font-weight: normal; font-size: xx-large;\">El Estrecho de Gibraltar <span style=\"color: #cb6ce6;\">se cobr\u00f3 la vida de 36 migrantes<\/span> de enero a junio<\/span><\/h1>\n<p>&nbsp;<\/p>\n<p>[\/et_pb_text][et_pb_text _builder_version=\u00bb4.9.7&#8243; min_height=\u00bb100px\u00bb custom_margin=\u00bb||0px||false|false\u00bb custom_padding=\u00bb0px||0px||false|false\u00bb inline_fonts=\u00bbAbril Fatface\u00bb]<\/p>\n<p style=\"text-align: justify;\"><span style=\"font-family: 'Abril Fatface'; font-size: x-large; color: rgba(0, 0, 0, 0.66);\">Desde enero han fallecido <span style=\"color: #ff5757;\"><strong>2.087 personas<\/strong><\/span> que iban en patera, la mayor\u00eda en la ruta hacia las Islas Canarias.<\/span><\/p>\n<p>[\/et_pb_text][et_pb_text _builder_version=\u00bb4.9.7&#8243; text_font=\u00bb||||||||\u00bb text_line_height=\u00bb2em\u00bb header_text_color=\u00bb#0c71c3&#8243; header_2_font=\u00bb|700|||||||\u00bb header_2_text_align=\u00bbleft\u00bb header_2_text_color=\u00bb#e0b8ff\u00bb header_2_line_height=\u00bb1.1em\u00bb header_3_font=\u00bb|600|||||||\u00bb header_3_text_color=\u00bb#0da0c5&#8243; width=\u00bb100%\u00bb module_alignment=\u00bbcenter\u00bb custom_margin=\u00bb0px||0px||false|false\u00bb custom_padding=\u00bb0px||||false|false\u00bb inline_fonts=\u00bbFredericka the Great,Fredoka One,Frank Ruhl Libre,Annie Use Your Telescope,Aleo\u00bb]<\/p>\n<p style=\"text-align: justify;\"><span style=\"font-family: Aleo; font-weight: normal; font-size: large;\">Un total de <span style=\"color: #ff5757;\"><strong>36<\/strong><\/span> migrantes han fallecido <span style=\"color: #ff914d;\"><strong>en el Estrecho de Gibraltar<\/strong><\/span> cuando intentaban llegar en patera desde el norte de Marruecos hasta las costas espa\u00f1olas en el primer semestre del a\u00f1o. Entre todas las rutas hacia Espa\u00f1a, desde enero han muerto o desaparecido casi <strong><span style=\"color: #ff5757;\">2.100<\/span><\/strong> personas, tantas como en todo 2020 (<span style=\"color: #ff5757;\"><strong>2.087 frente a 2.170<\/strong><\/span>), en un a\u00f1o que amenaza con convertirse en el \u00abm\u00e1s dram\u00e1tico\u00bb de la historia y en el que<span style=\"color: #7ed957;\"><strong> la crisis diplom\u00e1tica con Marruecos<\/strong><\/span> \u00abest\u00e1 matando\u00bb a gente en la Ruta Canaria, <span style=\"color: #38b6ff;\"><strong>seg\u00fan advierte<\/strong> <strong>la ONG Caminando Fronteras<\/strong><\/span>.<\/span><\/p>\n<p style=\"text-align: justify;\"><span style=\"font-family: Aleo; font-weight: normal; font-size: large;\">\u00abHacemos un llamamiento al Estado espa\u00f1ol para que reaccione, para que al final de 2021 no hablemos de un a\u00f1o catastr\u00f3fico en la frontera\u00bb, ha se\u00f1alado <span style=\"color: #38b6ff;\"><strong>la portavoz de este colectivo, Helena Maleno<\/strong><\/span>, al presentar los datos de las 79 tragedias en el mar que han podido documentar desde enero en contacto con las autoridades de Espa\u00f1a y Marruecos, pero, sobre todo, con <span style=\"color: #cb6ce6;\"><strong>las familias de las v\u00edctimas.<\/strong><\/span><\/span><\/p>\n<p style=\"text-align: justify;\"><span style=\"font-family: Aleo; font-weight: normal; font-size: large;\"><span style=\"color: #38b6ff;\"><strong>De acuerdo con Caminando Fronteras<\/strong><\/span>, del 1 de enero al 30 de junio han muerto o desaparecido en Atl\u00e1ntico<strong><span style=\"color: #ff5757;\"> 1.922 <\/span><\/strong>personas en 57 <strong><span style=\"color: #cb6ce6;\">tragedias <\/span><span style=\"color: #ff914d;\">en la Ruta Canaria<\/span><\/strong> (m\u00e1s que en todo 2020, cuando perecieron 1.851), a las que se suman otras <strong><span style=\"color: #ff5757;\">165<\/span><\/strong> que fallecieron en el Mediterr\u00e1neo: <span style=\"color: #ff5757;\"><strong>93<\/strong><\/span> <span style=\"color: #ff914d;\"><strong>en la Ruta de Albor\u00e1n<\/strong><\/span>, <span style=\"color: #ff5757;\"><strong>36<\/strong><\/span><span style=\"color: #ff914d;\"><strong> en el Estrecho de Gibraltar<\/strong><\/span> y otras <span style=\"color: #ff5757;\"><strong>36<\/strong><\/span> en pateras salidas <strong><span style=\"color: #ff914d;\">desde la costa de Argelia<\/span><\/strong>.<\/span><\/p>\n<p style=\"text-align: justify;\"><span style=\"font-family: Aleo; font-weight: normal; font-size: large;\"><span style=\"color: #38b6ff;\"><strong>Maleno<\/strong><\/span> ha subrayado que estas cifras no solo igualan en seis meses el balance de 2020 en la mayor\u00eda de las rutas, en especial en Canarias, sino que no tienen precedentes para un periodo de medio a\u00f1o desde que en su ONG comenzaron a recopilar datos, en 2007.<\/span><\/p>\n<p style=\"text-align: justify;\"><span style=\"font-family: Aleo; font-weight: normal; font-size: large;\"><span style=\"color: #38b6ff;\"><strong>La activista<\/strong><\/span> se ha dirigido directamente al Gobierno de Espa\u00f1a para que convoque de inmediato una reuni\u00f3n \u00abal m\u00e1s alto nivel\u00bb, con todos los ministerios concernidos, y tome medidas urgentes, empezando por reforzar los medios a\u00e9reos y mar\u00edtimos de rescate asignados a Canarias, la ruta m\u00e1s activa con diferencia de todas.<\/span><\/p>\n<p style=\"text-align: justify;\"><span style=\"font-family: Aleo; font-weight: normal; font-size: large;\">En los seis meses de 2021, salvo en marzo, se han superado las 300 v\u00edctimas (<span style=\"color: #ff5757;\"><strong>326 en enero, 324 en marzo, 132 en marzo, 422 en abril, 418 en mayo y 465 en junio<\/strong><\/span>) y en al menos <span style=\"color: #ff5757;\"><strong>96<\/strong><\/span> casos se ha podido documentar que <span style=\"color: #cb6ce6;\"><strong>los muertos o desaparecidos eran ni\u00f1os<\/strong><\/span>, el \u00faltimo de ellos, <span style=\"color: #cb6ce6;\"><strong>la peque\u00f1a Yamila<\/strong><\/span>, que pereci\u00f3 en un helic\u00f3ptero de rescate <strong><span style=\"color: #ff5757;\">el 30 de junio<\/span><\/strong> despu\u00e9s de soportar dos semanas en el oc\u00e9ano.<\/span><\/p>\n<p style=\"text-align: justify;\"><span style=\"font-family: Aleo; font-weight: normal; font-size: large;\"><span style=\"color: #38b6ff;\"><strong>Caminando Fronteras<\/strong><\/span> viene detectando desde hace meses que los migrantes que se aventuran al Atl\u00e1ntico en la Ruta Canaria lo hacen cada vez en embarcaciones con peores condiciones -preocupan sobre todo las lanchas neum\u00e1ticas-, muchas veces sin que ninguno de ellos tenga experiencia en el mar o sepa realmente navegar, y con un n\u00famero de mujeres y ni\u00f1os a bordo que va al alza.<\/span><\/p>\n<p style=\"text-align: justify;\"><span style=\"font-family: Aleo; font-weight: normal; font-size: large;\">Pero tambi\u00e9n alerta de que detr\u00e1s de los datos de este primer semestre, o de parte de ellos, perciben con claridad <span style=\"color: #7ed957;\"><strong>las consecuencias de la crisis diplom\u00e1tica abierta entre Espa\u00f1a y Marruecos<\/strong><\/span>, que se deja notar sobre todo en las tragedias ocurridas en el entorno del Sahara, aunque las dimensiones del episodio que se vio en Ceuta las hayan relegado a un segundo plano.<\/span><\/p>\n<p style=\"text-align: justify;\"><span style=\"font-family: Aleo; font-weight: normal; font-size: large;\"><span style=\"color: #38b6ff;\"><strong>Maleno<\/strong> <\/span>ha denunciado que en varias ocasiones la Marina Marroqu\u00ed no ha acudido a rescatar a neum\u00e1ticas o pateras que ped\u00edan socorro cerca de las aguas del Sahara y ha dejado a sus ocupantes hundirse; o sus patrulleras han actuado de forma \u00abnegligente\u00bb y han hecho volcar a embarcaciones, con <span style=\"color: #ff5757;\"><strong>17 muertos<\/strong><\/span> como resultado en un caso; o <span style=\"color: #cb6ce6;\"><strong>han dejado atr\u00e1s a una mujer que luego fueron recogida del agua por un barco espa\u00f1ol de Salvamento<\/strong><\/span>, a cientos de kil\u00f3metros de Canarias.<\/span><\/p>\n<p style=\"text-align: justify;\"><span style=\"font-family: Aleo; font-weight: normal; font-size: large;\">Pero, adem\u00e1s, han constatado que <span style=\"color: #7ed957;\"><strong>durante los episodios de Ceuta y en los d\u00edas siguientes<\/strong><\/span>, salieron numerosos grupos de inmigrantes <span style=\"color: #ff914d;\"><strong>desde el entorno de El Aai\u00fan<\/strong><\/span>, casi siempre en neum\u00e1ticas en muy mal estado con las que trataban de aprovechar la ocasi\u00f3n para partir hacia Canarias sin ser detenidos por las autoridades de Marruecos. Y en esas semanas, ha a\u00f1adido, hubo <span style=\"color: #ff5757;\"><strong>m\u00e1s de 400<\/strong><\/span> desaparecidos.<\/span><\/p>\n<p style=\"text-align: justify;\"><span style=\"font-family: Aleo; font-weight: normal; font-size: large;\"><span style=\"color: #38b6ff;\"><strong>La portavoz de Caminando Fronteras<\/strong><\/span> ha subrayado que <span style=\"color: #7ed957;\"><strong>el Gobierno de Espa\u00f1a sabe que, desde entonces, la coordinaci\u00f3n en los rescates con Marruecos est\u00e1 fallando<\/strong><\/span> y que Rabat es reacia a movilizar medios propios, lo que est\u00e1 poniendo en riesgo \u00abmuchas vidas\u00bb.<\/span><\/p>\n<p style=\"text-align: justify;\"><span style=\"font-family: Aleo; font-weight: normal; font-size: large;\">Y, a su juicio, Espa\u00f1a deber\u00eda haber respondido a esa situaci\u00f3n reforzando la capacidad de Salvamento en Canarias, empezando por los aviones de rastreo, que cree insuficientes para la extensi\u00f3n que tiene asignada en esa zona del Atl\u00e1ntico (un mill\u00f3n de km2).<\/span><\/p>\n<p style=\"text-align: justify;\"><span style=\"font-family: Aleo; font-weight: normal; font-size: large;\">Maleno ha estado acompa\u00f1ada en esta rueda de prensa por <span style=\"color: #38b6ff;\"><strong>el secretario de la Federaci\u00f3n de Asociaciones Africanas en Canarias, Teodoro Bondyale<\/strong><\/span>, y <span style=\"color: #38b6ff;\"><strong>uno de los portavoces del Secretariado de Migraciones de la Di\u00f3cesis de Canarias, Jos\u00e9 Antonio Ben\u00edtez<\/strong><\/span>.<\/span><\/p>\n<p style=\"text-align: justify;\"><span style=\"font-family: Aleo; font-weight: normal; font-size: large;\"><span style=\"color: #38b6ff;\"><strong>Bondyale<\/strong><\/span> ha llamado la atenci\u00f3n sobre la cantidad de cayucos que son rescatados cerca de El Hierro, s\u00edntoma de que los inmigrantes se arriesgan a salir mucho m\u00e1s al sur: \u00abAlgunos de esos cayucos se pierden en el Atl\u00e1ntico, otros incluso aparecen en el Caribe, con sus ocupantes casi momificados. Acaba de pasar y no es nuevo. Ha ocurrido antes. Lo preocupante es que lo estemos normalizando\u00bb.<\/span><\/p>\n<p style=\"text-align: justify;\"><span style=\"font-family: Aleo; font-weight: normal; font-size: large;\">Por su parte, <strong><span style=\"color: #38b6ff;\">el sacerdote claretiano Jos\u00e9 Antonio Ben\u00edtez<\/span><\/strong> ha alertado de las dificultades que encuentran <strong><span style=\"color: #cb6ce6;\">las familias de las v\u00edctimas<\/span><\/strong> para encontrar informaci\u00f3n sobre los muertos o desaparecidos o para darles sepultura en Canarias conforme a sus creencias, en su mayor\u00eda musulmanas, por lo que ha demandado m\u00e1s sensibilidad y medios de atenci\u00f3n a las autoridades espa\u00f1olas.<\/span><\/p>\n<p>[\/et_pb_text][\/et_pb_column][\/et_pb_row][\/et_pb_section]<\/p>\n","protected":false},"excerpt":{"rendered":"<p>El Observatorio de Migrantes en igualdad analiza hoy una noticia de Europa Sur, medio del Campo de Gibraltar, siguiendo las recomendaciones del proyecto Respect Words, utilizado por el Colegio Profesional de Periodistas de Andaluc\u00eda. &nbsp; El Estrecho de Gibraltar se cobr\u00f3 la vida de 36 migrantes de enero a junio &nbsp;Desde enero han fallecido 2.087 [&hellip;]<\/p>\n","protected":false},"author":1,"featured_media":1781,"comment_status":"open","ping_status":"closed","sticky":false,"template":"","format":"standard","meta":{"_et_pb_use_builder":"on","_et_pb_old_content":"","_et_gb_content_width":"","_jetpack_newsletter_access":"","_jetpack_dont_email_post_to_subs":false,"_jetpack_newsletter_tier_id":0,"_jetpack_memberships_contains_paywalled_content":false,"_jetpack_feature_clip_id":0,"_jetpack_memberships_contains_paid_content":false,"footnotes":"","jetpack_post_was_ever_published":false},"categories":[26],"tags":[49,13,46,50,51,37,14,45,44,43],"class_list":["post-1780","post","type-post","status-publish","format-standard","has-post-thumbnail","hentry","category-observatorio","tag-algeciras","tag-antirracismo","tag-buenas-practicas","tag-campo-de-gibraltar","tag-ciudadanos-extranjeros","tag-empatia","tag-migrantes","tag-observatorio","tag-periodismo","tag-prensa"],"jetpack_sharing_enabled":true,"jetpack_featured_media_url":"https:\/\/i0.wp.com\/migrantesenigualdad.es\/wp-content\/uploads\/2021\/07\/Buenas-practicas-IV.gif?fit=806%2C496&ssl=1","post_mailing_queue_ids":[],"_links":{"self":[{"href":"https:\/\/migrantesenigualdad.es\/index.php\/wp-json\/wp\/v2\/posts\/1780","targetHints":{"allow":["GET"]}}],"collection":[{"href":"https:\/\/migrantesenigualdad.es\/index.php\/wp-json\/wp\/v2\/posts"}],"about":[{"href":"https:\/\/migrantesenigualdad.es\/index.php\/wp-json\/wp\/v2\/types\/post"}],"author":[{"embeddable":true,"href":"https:\/\/migrantesenigualdad.es\/index.php\/wp-json\/wp\/v2\/users\/1"}],"replies":[{"embeddable":true,"href":"https:\/\/migrantesenigualdad.es\/index.php\/wp-json\/wp\/v2\/comments?post=1780"}],"version-history":[{"count":0,"href":"https:\/\/migrantesenigualdad.es\/index.php\/wp-json\/wp\/v2\/posts\/1780\/revisions"}],"wp:featuredmedia":[{"embeddable":true,"href":"https:\/\/migrantesenigualdad.es\/index.php\/wp-json\/wp\/v2\/media\/1781"}],"wp:attachment":[{"href":"https:\/\/migrantesenigualdad.es\/index.php\/wp-json\/wp\/v2\/media?parent=1780"}],"wp:term":[{"taxonomy":"category","embeddable":true,"href":"https:\/\/migrantesenigualdad.es\/index.php\/wp-json\/wp\/v2\/categories?post=1780"},{"taxonomy":"post_tag","embeddable":true,"href":"https:\/\/migrantesenigualdad.es\/index.php\/wp-json\/wp\/v2\/tags?post=1780"}],"curies":[{"name":"wp","href":"https:\/\/api.w.org\/{rel}","templated":true}]}}