{"id":1697,"date":"2021-07-15T08:02:18","date_gmt":"2021-07-15T08:02:18","guid":{"rendered":"https:\/\/migrantesenigualdad.es\/?p=1697"},"modified":"2021-07-15T08:02:18","modified_gmt":"2021-07-15T08:02:18","slug":"la-biblioteca-humana-ii-el-experimento","status":"publish","type":"post","link":"https:\/\/migrantesenigualdad.es\/index.php\/2021\/07\/15\/la-biblioteca-humana-ii-el-experimento\/","title":{"rendered":"La biblioteca humana (II). El experimento."},"content":{"rendered":"<p>[et_pb_section fb_built=\u00bb1&#8243; _builder_version=\u00bb3.22&#8243; custom_padding=\u00bb0px|||||\u00bb][et_pb_row _builder_version=\u00bb4.2.2&#8243; background_size=\u00bbinitial\u00bb background_position=\u00bbtop_left\u00bb background_repeat=\u00bbrepeat\u00bb custom_margin=\u00bb35px|auto|-55px|auto|false|false\u00bb custom_padding=\u00bb0px|||||\u00bb][et_pb_column type=\u00bb4_4&#8243; _builder_version=\u00bb3.25&#8243; custom_padding=\u00bb|||\u00bb custom_padding__hover=\u00bb|||\u00bb][et_pb_text _builder_version=\u00bb4.2.2&#8243; background_size=\u00bbinitial\u00bb background_position=\u00bbtop_left\u00bb background_repeat=\u00bbrepeat\u00bb inline_fonts=\u00bbAbril Fatface,Abel\u00bb]<\/p>\n<p style=\"text-align: justify;\"><span style=\"font-size: large;\"><span style=\"font-family: inherit; font-weight: normal;\"><\/span><\/span><\/p>\n<p style=\"text-align: justify;\"><span style=\"font-size: large;\"><span style=\"font-family: inherit; font-weight: normal;\">\u00bfBiblioteca humana? <\/span><\/span><\/p>\n<p style=\"text-align: justify;\"><span style=\"font-size: large;\"><span style=\"font-family: inherit; font-weight: normal;\">Cuando son\u00f3 en la reuni\u00f3n, nadie entend\u00eda nada. Lo hab\u00eda dicho Nasrin, que ten\u00eda un hermano en Dinamarca y se lo hab\u00eda contado. Mamadou lo hab\u00eda le\u00eddo en la prensa cuando la organizaron en Sevilla. Nasrin lo explic\u00f3:<\/span><\/span><\/p>\n<p style=\"text-align: justify;\"><span style=\"font-size: large;\"><span style=\"font-family: inherit; font-weight: normal;\">\u201cSon bibliotecas en las que, en lugar de prestar libros, se prestan personas\u201d.<\/span><\/span><\/p>\n<p style=\"text-align: justify;\"><span style=\"font-size: large;\"><span style=\"font-family: inherit; font-weight: normal;\">\u201c\u00bfPuedo pedir una prestada para que me limpie el cuarto?\u201d, pregunt\u00f3 Lolo, el hijo peque\u00f1o de Sonia, provocando carcajadas.<\/span><\/span><\/p>\n<p style=\"text-align: justify;\"><span style=\"font-size: large;\"><span style=\"font-family: inherit; font-weight: normal;\">Nasrin aclar\u00f3: \u201cImaginaos: entras en la biblioteca y, adem\u00e1s de los libros, encuentras personas sentadas esperando. Te sientas enfrente de una y hablas con ella media horita. Le preguntas y te cuenta historias de su vida. O de su familia. Cosas que le han pasado o que le han contado sus amigos pero que son interesantes. Todos hemos vivido situaciones que se pueden compartir y de las que podemos aprender\u201d.<\/span><\/span><\/p>\n<p style=\"text-align: justify;\"><span style=\"font-size: large;\"><span style=\"font-family: inherit; font-weight: normal;\">Silencio. Paco el taxista pregunta: \u201c\u00bfY eso, para qu\u00e9?\u201d<\/span><\/span><\/p>\n<p style=\"text-align: justify;\"><span style=\"font-size: large;\"><span style=\"font-family: inherit; font-weight: normal;\">Mamadou le respondi\u00f3: \u201cYo te puedo contar c\u00f3mo era mi pueblo en Senegal, c\u00f3mo son los taxis all\u00ed, o por qu\u00e9 decid\u00ed venirme a Europa. Por qu\u00e9 estoy contento aqu\u00ed y por qu\u00e9, a veces, me paso el d\u00eda pensando en mi madre y en los que dej\u00e9 all\u00ed\u201d.<\/span><\/span><\/p>\n<p style=\"text-align: justify;\"><span style=\"font-size: large;\"><span style=\"font-family: inherit; font-weight: normal;\">\u201cYa, pero aqu\u00ed en el pueblo, nos conocemos todos\u201d, contest\u00f3 Paco y se escucharon risas.<\/span><\/span><\/p>\n<p style=\"text-align: justify;\"><span style=\"font-size: large;\"><span style=\"font-family: inherit; font-weight: normal;\">\u201cS\u00ed, yo s\u00e9 que trabajas mucho y que tienes un hijo muy guapo, pero no s\u00e9 nada de d\u00f3nde eres realmente, c\u00f3mo fue tu juventud, c\u00f3mo empezaste a trabajar en el taxi o por qu\u00e9 en las ciudades hay tantos taxistas que escuchan la Cope y hablan mal de los que venimos de otro pa\u00eds. A lo mejor t\u00fa, si me hablas en la biblioteca, me ayudas a comprender cosas\u201d, contest\u00f3 Mamadou.<\/span><\/span><\/p>\n<p style=\"text-align: justify;\"><span style=\"font-size: large;\"><span style=\"font-family: inherit; font-weight: normal;\">En el pueblo se conoc\u00edan algunas historias porque eran muy sonadas, como la de Blessing que sali\u00f3 huyendo de Nigeria porque le gustaban las mujeres, o como la de Chema, que ten\u00eda un trastorno del espectro autista. Pero todas\/os sab\u00edan que hab\u00eda otras muchas cosas que cada vecina\/o guarda, o comparte s\u00f3lo en la intimidad, y que pueden ser tan valiosas o interesantes como las de Blessing o Chema. Esto es lo que explic\u00f3 Pepe en el encuentro y lo que anim\u00f3 a la gente a participar en la experiencia. Salieron de la reuni\u00f3n con ilusi\u00f3n de poner en marcha la biblioteca humana.<\/span><\/span><\/p>\n<p style=\"text-align: justify;\"><span style=\"font-size: large;\"><span style=\"font-family: inherit; font-weight: normal;\"><\/span><\/span><\/p>\n<p>[\/et_pb_text][\/et_pb_column][\/et_pb_row][et_pb_row column_structure=\u00bb2_5,3_5&#8243; _builder_version=\u00bb4.2.2&#8243; background_size=\u00bbinitial\u00bb background_position=\u00bbtop_left\u00bb background_repeat=\u00bbrepeat\u00bb custom_margin=\u00bb35px|auto|-55px|auto|false|false\u00bb custom_padding=\u00bb0px|||||\u00bb][et_pb_column type=\u00bb2_5&#8243; _builder_version=\u00bb3.25&#8243; custom_padding=\u00bb|||\u00bb custom_padding__hover=\u00bb|||\u00bb][et_pb_image src=\u00bbhttps:\/\/migrantesenigualdad.es\/wp-content\/uploads\/2021\/07\/Biblioteca-humana-5.jpg\u00bb title_text=\u00bbBiblioteca-humana-5&#8243; _builder_version=\u00bb4.9.7&#8243; hover_enabled=\u00bb0&#8243; sticky_enabled=\u00bb0&#8243;][\/et_pb_image][\/et_pb_column][et_pb_column type=\u00bb3_5&#8243; _builder_version=\u00bb3.25&#8243; custom_padding=\u00bb|||\u00bb custom_padding__hover=\u00bb|||\u00bb][et_pb_text _builder_version=\u00bb4.2.2&#8243; background_size=\u00bbinitial\u00bb background_position=\u00bbtop_left\u00bb background_repeat=\u00bbrepeat\u00bb inline_fonts=\u00bbAbril Fatface,Abel\u00bb]<\/p>\n<p style=\"text-align: justify;\"><span style=\"font-size: large;\"><span style=\"font-family: inherit; font-weight: normal;\">Lo hicieron un domingo y repitieron a la semana siguiente. Descubrieron tantas cosas y vivieron momentos tan emocionantes, que decidieron abrirla al mundo. Hab\u00edan llegado a un consenso fundamental: lo m\u00e1s valioso que ten\u00eda el pueblo era su gente.<\/span><\/span><\/p>\n<p style=\"text-align: justify;\"><span style=\"font-size: large;\"><span style=\"font-family: inherit; font-weight: normal;\"><\/span><\/span><\/p>\n<p style=\"text-align: justify;\"><span style=\"font-size: large;\"><span style=\"font-family: inherit; font-weight: normal;\"><\/span><\/span><\/p>\n<p style=\"text-align: justify;\"><img data-recalc-dims=\"1\" decoding=\"async\" draggable=\"false\" class=\"emoji emoji-small\" src=\"https:\/\/i0.wp.com\/web.telegram.org\/z\/img-apple-64\/2b05.png?w=1080&#038;ssl=1\" alt=\"\u2b05\ufe0f\" \/> Imagen de Biblioteca Humana en Dinamarca<span style=\"font-size: large;\"><span style=\"font-family: inherit; font-weight: normal;\"><\/span><\/span><\/p>\n<p style=\"text-align: justify;\"><span style=\"font-size: large;\"><span style=\"font-family: inherit; font-weight: normal;\"><\/span><\/span><\/p>\n<p>[\/et_pb_text][\/et_pb_column][\/et_pb_row][et_pb_row _builder_version=\u00bb4.2.2&#8243; background_size=\u00bbinitial\u00bb background_position=\u00bbtop_left\u00bb background_repeat=\u00bbrepeat\u00bb custom_margin=\u00bb35px|auto|-55px|auto|false|false\u00bb custom_padding=\u00bb0px|||||\u00bb][et_pb_column type=\u00bb4_4&#8243; _builder_version=\u00bb3.25&#8243; custom_padding=\u00bb|||\u00bb custom_padding__hover=\u00bb|||\u00bb][et_pb_text _builder_version=\u00bb4.2.2&#8243; background_size=\u00bbinitial\u00bb background_position=\u00bbtop_left\u00bb background_repeat=\u00bbrepeat\u00bb hover_enabled=\u00bb0&#8243; inline_fonts=\u00bbAbril Fatface,Abel\u00bb sticky_enabled=\u00bb0&#8243;]<\/p>\n<p style=\"text-align: justify;\"><span style=\"font-size: large;\"><span style=\"font-family: inherit; font-weight: normal;\"><\/span><\/span><\/p>\n<p style=\"text-align: justify;\"><span style=\"font-size: large;\"><span style=\"font-family: inherit; font-weight: normal;\">Desde entonces, y cada fin de semana, distintas personas del pueblo te esperan en la biblioteca\/ludoteca que ocupa la planta de arriba del antiguo cuartel, actual centro c\u00edvico, para compartir sus vivencias, romper prejuicios y fomentar el respeto entre gente de diferentes pa\u00edses, culturas, religiones, capacidades, formas de vivir, de amar y de sentir. \u00bfTe apuntas?<\/span><\/span><\/p>\n<p style=\"text-align: justify;\"><span style=\"font-size: large;\"><span style=\"font-family: inherit; font-weight: normal;\"><\/span><\/span><\/p>\n<p style=\"text-align: justify;\"><span style=\"font-size: large;\"><span style=\"font-family: inherit; font-weight: normal;\"><\/span><\/span><\/p>\n<p style=\"text-align: justify;\">* Toda la informaci\u00f3n sobre la idea original en: https:\/\/humanlibrary.org\/<span style=\"font-size: large;\"><span style=\"font-family: inherit; font-weight: normal;\"><\/span><\/span><\/p>\n<p style=\"text-align: justify;\">\n<p>[\/et_pb_text][\/et_pb_column][\/et_pb_row][\/et_pb_section]<\/p>\n","protected":false},"excerpt":{"rendered":"<p>\u00bfBiblioteca humana? Cuando son\u00f3 en la reuni\u00f3n, nadie entend\u00eda nada. Lo hab\u00eda dicho Nasrin, que ten\u00eda un hermano en Dinamarca y se lo hab\u00eda contado. Mamadou lo hab\u00eda le\u00eddo en la prensa cuando la organizaron en Sevilla. Nasrin lo explic\u00f3: \u201cSon bibliotecas en las que, en lugar de prestar libros, se prestan personas\u201d. \u201c\u00bfPuedo pedir [&hellip;]<\/p>\n","protected":false},"author":1,"featured_media":1706,"comment_status":"open","ping_status":"closed","sticky":false,"template":"","format":"standard","meta":{"_et_pb_use_builder":"on","_et_pb_old_content":"","_et_gb_content_width":"","_jetpack_newsletter_access":"","_jetpack_dont_email_post_to_subs":false,"_jetpack_newsletter_tier_id":0,"_jetpack_memberships_contains_paywalled_content":false,"_jetpack_feature_clip_id":0,"_jetpack_memberships_contains_paid_content":false,"footnotes":"","jetpack_post_was_ever_published":false},"categories":[1],"tags":[33,13,47,38,14,35,36],"class_list":["post-1697","post","type-post","status-publish","format-standard","has-post-thumbnail","hentry","category-actualidad","tag-alteridad","tag-antirracismo","tag-comunidad","tag-convivencia","tag-migrantes","tag-prejuicios","tag-sesgos-cognitivos"],"jetpack_sharing_enabled":true,"jetpack_featured_media_url":"https:\/\/i0.wp.com\/migrantesenigualdad.es\/wp-content\/uploads\/2021\/07\/Biblioteca-humana-1.png?fit=806%2C496&ssl=1","post_mailing_queue_ids":[],"_links":{"self":[{"href":"https:\/\/migrantesenigualdad.es\/index.php\/wp-json\/wp\/v2\/posts\/1697","targetHints":{"allow":["GET"]}}],"collection":[{"href":"https:\/\/migrantesenigualdad.es\/index.php\/wp-json\/wp\/v2\/posts"}],"about":[{"href":"https:\/\/migrantesenigualdad.es\/index.php\/wp-json\/wp\/v2\/types\/post"}],"author":[{"embeddable":true,"href":"https:\/\/migrantesenigualdad.es\/index.php\/wp-json\/wp\/v2\/users\/1"}],"replies":[{"embeddable":true,"href":"https:\/\/migrantesenigualdad.es\/index.php\/wp-json\/wp\/v2\/comments?post=1697"}],"version-history":[{"count":0,"href":"https:\/\/migrantesenigualdad.es\/index.php\/wp-json\/wp\/v2\/posts\/1697\/revisions"}],"wp:featuredmedia":[{"embeddable":true,"href":"https:\/\/migrantesenigualdad.es\/index.php\/wp-json\/wp\/v2\/media\/1706"}],"wp:attachment":[{"href":"https:\/\/migrantesenigualdad.es\/index.php\/wp-json\/wp\/v2\/media?parent=1697"}],"wp:term":[{"taxonomy":"category","embeddable":true,"href":"https:\/\/migrantesenigualdad.es\/index.php\/wp-json\/wp\/v2\/categories?post=1697"},{"taxonomy":"post_tag","embeddable":true,"href":"https:\/\/migrantesenigualdad.es\/index.php\/wp-json\/wp\/v2\/tags?post=1697"}],"curies":[{"name":"wp","href":"https:\/\/api.w.org\/{rel}","templated":true}]}}