{"id":1685,"date":"2021-07-07T08:38:08","date_gmt":"2021-07-07T08:38:08","guid":{"rendered":"https:\/\/migrantesenigualdad.es\/?p=1685"},"modified":"2022-06-17T08:19:14","modified_gmt":"2022-06-17T08:19:14","slug":"pueblo-biblioteca-humana","status":"publish","type":"post","link":"https:\/\/migrantesenigualdad.es\/index.php\/2021\/07\/07\/pueblo-biblioteca-humana\/","title":{"rendered":"La biblioteca humana (I). El pueblo"},"content":{"rendered":"<p>[et_pb_section fb_built=\u00bb1&#8243; _builder_version=\u00bb3.22&#8243; custom_padding=\u00bb0px|||||\u00bb][et_pb_row _builder_version=\u00bb4.2.2&#8243; background_size=\u00bbinitial\u00bb background_position=\u00bbtop_left\u00bb background_repeat=\u00bbrepeat\u00bb custom_margin=\u00bb35px|auto|-55px|auto|false|false\u00bb custom_padding=\u00bb0px|||||\u00bb][et_pb_column type=\u00bb4_4&#8243; _builder_version=\u00bb3.25&#8243; custom_padding=\u00bb|||\u00bb custom_padding__hover=\u00bb|||\u00bb][et_pb_text _builder_version=\u00bb4.2.2&#8243; background_size=\u00bbinitial\u00bb background_position=\u00bbtop_left\u00bb background_repeat=\u00bbrepeat\u00bb inline_fonts=\u00bbAbril Fatface,Abel\u00bb]<\/p>\n<p style=\"text-align: justify;\"><span style=\"font-size: large;\"><span style=\"font-family: inherit; font-weight: normal;\">Un pueblo andaluz de la serran\u00eda se despert\u00f3 con una noticia sorprendente: iban a abrir un centro c\u00edvico en el antiguo cuartel que llevaba a\u00f1os cerrado. Lo hab\u00eda dado la radio local por la ma\u00f1ana y, a la hora de comer, estaba en los tablones informativos y en el facebook del ayuntamiento. En la noticia hab\u00eda <span style=\"font-family: 'Abril Fatface'; font-size: x-large;\">una cita, una convocatoria, una invitaci\u00f3n<\/span>: Plaza de la Constituci\u00f3n, seis y media de la tarde del viernes. Fue la comidilla en la panader\u00eda, en el kiosco, en la puerta del colegio rural.<\/span><\/span><\/p>\n<p>[\/et_pb_text][et_pb_text _builder_version=\u00bb4.2.2&#8243; background_size=\u00bbinitial\u00bb background_position=\u00bbtop_left\u00bb background_repeat=\u00bbrepeat\u00bb inline_fonts=\u00bbAbril Fatface,Abel,Abhaya Libre\u00bb]<\/p>\n<p style=\"text-align: justify;\"><span style=\"font-size: large;\"><span style=\"font-family: inherit; font-weight: normal;\">Aquellas\/os que acudieron a la cita se encontraron un mont\u00f3n de sillas dispuestas en c\u00edrculo. Cuando estaba todo el mundo sentado y en silencio la nueva alcaldesa expuso la propuesta: el pueblo iba a restaurar el antiguo cuartel e iba a convertirlo en un <span style=\"font-family: 'Abril Fatface'; font-size: x-large;\">centro c\u00edvico<\/span> y para ello se necesitaba la participaci\u00f3n de cada vecina\/o. El ayuntamiento hab\u00eda pedido financiaci\u00f3n para el proyecto y Diputaci\u00f3n hab\u00eda concedido todo el presupuesto requerido. Ese centro c\u00edvico que se propon\u00edan abrir iba a ser lo que quisieran que fuera. Solo ten\u00edan que empezar a <span style=\"font-family: 'Abril Fatface'; font-size: x-large;\">pensar, debatir<\/span> c\u00f3mo se iban a distribuir los espacios, qu\u00e9 actividades iba a albergar al centro c\u00edvico,<span style=\"font-family: 'Abril Fatface'; font-size: x-large;\"> organizarse <\/span>para decidir cu\u00e1les eran las ideas m\u00e1s populares y <span style=\"font-family: 'Abril Fatface'; font-size: x-large;\">ponerse manos a la obra<\/span>. Para ello, iban a tener reuniones cada viernes a la misma hora.\u00a0<\/span><\/span><\/p>\n<p style=\"text-align: justify;\"><span style=\"font-size: large;\"><span style=\"font-family: inherit; font-weight: normal;\"><span>Despu\u00e9s de un silencio m\u00e1s largo de lo habitual, Paqui la del estanco pregunt\u00f3: <\/span><\/span><\/span><\/p>\n<p>[\/et_pb_text][et_pb_text _builder_version=\u00bb4.9.7&#8243; background_size=\u00bbinitial\u00bb background_position=\u00bbtop_left\u00bb background_repeat=\u00bbrepeat\u00bb inline_fonts=\u00bbAbril Fatface,Abel\u00bb]<\/p>\n<p style=\"text-align: justify;\"><span style=\"font-size: large;\"><span style=\"font-family: inherit; font-weight: normal;\">\u201cPero, \u00bfa las reuniones viene cualquiera? \u00bfY lo que digamos se va a hacer?\u201d <\/span><\/span><\/p>\n<p style=\"text-align: justify;\"><span style=\"font-size: large;\"><span style=\"font-family: inherit; font-weight: normal;\">\u201c\u00c9sa es la idea\u201d, contest\u00f3 la nueva alcaldesa.\u00a0<\/span><\/span><\/p>\n<blockquote><\/blockquote>\n<p>[\/et_pb_text][et_pb_text _builder_version=\u00bb4.2.2&#8243; background_size=\u00bbinitial\u00bb background_position=\u00bbtop_left\u00bb background_repeat=\u00bbrepeat\u00bb inline_fonts=\u00bbAbril Fatface,Abel\u00bb]<\/p>\n<p style=\"text-align: justify;\"><span style=\"font-size: large;\"><span style=\"font-family: inherit; font-weight: normal;\">Los encuentros empezaron con unas pocas personas, pero cada viernes hab\u00eda <span style=\"font-family: 'Abril Fatface'; font-size: x-large;\">m\u00e1s y m\u00e1s gente.<\/span> El tercer d\u00eda de reuni\u00f3n, Carmina, la m\u00e9dica rural, apareci\u00f3 con unos pastelitos de almendras y miel y Abdelai, en la cafeter\u00eda de la plaza, se encarg\u00f3 de hacer t\u00e9 para todas\/os las\/os asistentes. Cuando Iv\u00e1n, el agente forestal, prometi\u00f3 para la pr\u00f3xima su famosa torta de pellizco, decidieron repartirse las tardes para traer merienda e hicieron una plantilla de turnos. El funcionamiento de los espacios de encuentro era desconocido para la mayor\u00eda, pero se dieron cuenta de que <span style=\"font-family: 'Abril Fatface'; font-size: x-large;\">organizarse no era tan dif\u00edcil como hab\u00edan pensado<\/span>. Despu\u00e9s de una decena de reuniones y unos cuantos kilos de az\u00facar, llegaron los consensos y empezaron las obras.<\/span><\/span><\/p>\n<p>[\/et_pb_text][et_pb_image src=\u00bbhttps:\/\/migrantesenigualdad.es\/wp-content\/uploads\/2021\/07\/Diseno-sin-titulo.png\u00bb _builder_version=\u00bb4.9.7&#8243; hover_enabled=\u00bb0&#8243; title_text=\u00bbDise\u00f1o sin t\u00edtulo\u00bb sticky_enabled=\u00bb0&#8243;][\/et_pb_image][et_pb_text _builder_version=\u00bb4.9.7&#8243; background_size=\u00bbinitial\u00bb background_position=\u00bbtop_left\u00bb background_repeat=\u00bbrepeat\u00bb min_height=\u00bb286px\u00bb custom_padding=\u00bb||0px|||\u00bb inline_fonts=\u00bbAbril Fatface,Abel,Fredericka the Great\u00bb]<\/p>\n<p style=\"text-align: justify;\"><span style=\"font-size: large;\"><span style=\"font-family: inherit; font-weight: normal;\">Si entras al pueblo ahora, ver\u00e1s el <span style=\"font-family: 'Abril Fatface'; font-size: x-large;\">mural <\/span>tan colorido que rodea el centro c\u00edvico por sus cuatro costados, con algunos de los acontecimientos m\u00e1s sonados del pueblo y una gu\u00eda audiovisual en la que se van escuchando las historias contadas por<span style=\"font-family: 'Abril Fatface'; font-size: x-large;\"> voces y acentos<\/span> de diferentes personas del pueblo. Dentro del centro, hay un espacio amplio donde contin\u00faan los encuentros de los viernes cada dos semanas y donde cualquier vecina\/o puede proponer una actividad, que se anuncia luego en los tablones de la calle y de la entrada. Tiene adem\u00e1s una biblioteca\/ludoteca que ocupa toda la planta de arriba y que se ha convertido en un atractivo tur\u00edstico del pueblo porque los fines de semana alberga <span style=\"font-family: 'Abril Fatface'; font-size: x-large;\">la \u00fanica biblioteca humana de toda la provincia<\/span>. <\/span><\/span><\/p>\n<p style=\"text-align: justify;\"><span style=\"font-size: large;\"><span style=\"font-family: inherit; font-weight: normal;\">Espera&#8230; \u00bfbiblioteca humana?\u00a0<\/span><\/span><\/p>\n<p style=\"text-align: right;\"><span style=\"color: #7f00e8; font-family: 'Fredericka the Great'; font-weight: normal; font-size: xx-large;\">Continuar\u00e1&#8230;<\/span><span style=\"font-size: large;\"><span style=\"font-family: inherit; font-weight: normal;\"><\/span><\/span><\/p>\n<p style=\"text-align: justify;\"><span style=\"font-size: large;\"><span style=\"font-family: inherit; font-weight: normal;\"><\/span><\/span><\/p>\n<p style=\"text-align: justify;\"><span style=\"font-size: large;\"><span style=\"font-family: inherit; font-weight: normal;\"><\/span><\/span><\/p>\n<p style=\"text-align: justify;\"><span style=\"font-size: large;\"><span style=\"font-family: inherit; font-weight: normal;\"><\/span><\/span><\/p>\n<p>[\/et_pb_text][\/et_pb_column][\/et_pb_row][et_pb_row _builder_version=\u00bb4.2.2&#8243; background_size=\u00bbinitial\u00bb background_position=\u00bbtop_left\u00bb background_repeat=\u00bbrepeat\u00bb min_height=\u00bb100px\u00bb custom_margin=\u00bb||0px||false|false\u00bb][et_pb_column type=\u00bb4_4&#8243; _builder_version=\u00bb3.25&#8243; custom_padding=\u00bb|||\u00bb custom_padding__hover=\u00bb|||\u00bb][et_pb_text _builder_version=\u00bb4.9.7&#8243; _module_preset=\u00bbdefault\u00bb]<\/p>\n<p style=\"text-align: justify;\"><span style=\"font-size: large;\"><em><\/em><\/span><\/p>\n<p style=\"text-align: justify;\"><span style=\"font-size: large;\"><em>Los hechos narrados en esta entrada son ficticios pero bien podr\u00edan haber ocurrido. Si quieres saber c\u00f3mo organizaron una biblioteca humana (de manera ficticia) y en qu\u00e9 consiste (eso s\u00ed, de manera real), sigue leyendo nuestro pr\u00f3xima entrada <\/em>Biblioteca humana (II). El experimento.<\/span><\/p>\n<p>[\/et_pb_text][\/et_pb_column][\/et_pb_row][\/et_pb_section]<\/p>\n","protected":false},"excerpt":{"rendered":"<p>Un pueblo andaluz de la serran\u00eda se despert\u00f3 con una noticia sorprendente: iban a abrir un centro c\u00edvico en el antiguo cuartel que llevaba a\u00f1os cerrado. Lo hab\u00eda dado la radio local por la ma\u00f1ana y, a la hora de comer, estaba en los tablones informativos y en el facebook del ayuntamiento. En la noticia [&hellip;]<\/p>\n","protected":false},"author":1,"featured_media":1700,"comment_status":"open","ping_status":"closed","sticky":false,"template":"","format":"standard","meta":{"_et_pb_use_builder":"on","_et_pb_old_content":"","_et_gb_content_width":"","_jetpack_newsletter_access":"","_jetpack_dont_email_post_to_subs":false,"_jetpack_newsletter_tier_id":0,"_jetpack_memberships_contains_paywalled_content":false,"_jetpack_feature_clip_id":0,"_jetpack_memberships_contains_paid_content":false,"footnotes":"","jetpack_post_was_ever_published":false},"categories":[107],"tags":[33,13,47,38,14,35,36],"class_list":["post-1685","post","type-post","status-publish","format-standard","has-post-thumbnail","hentry","category-tienes-un-minuto","tag-alteridad","tag-antirracismo","tag-comunidad","tag-convivencia","tag-migrantes","tag-prejuicios","tag-sesgos-cognitivos"],"jetpack_sharing_enabled":true,"jetpack_featured_media_url":"https:\/\/i0.wp.com\/migrantesenigualdad.es\/wp-content\/uploads\/2021\/07\/El-pueblo.png?fit=806%2C496&ssl=1","post_mailing_queue_ids":[],"_links":{"self":[{"href":"https:\/\/migrantesenigualdad.es\/index.php\/wp-json\/wp\/v2\/posts\/1685","targetHints":{"allow":["GET"]}}],"collection":[{"href":"https:\/\/migrantesenigualdad.es\/index.php\/wp-json\/wp\/v2\/posts"}],"about":[{"href":"https:\/\/migrantesenigualdad.es\/index.php\/wp-json\/wp\/v2\/types\/post"}],"author":[{"embeddable":true,"href":"https:\/\/migrantesenigualdad.es\/index.php\/wp-json\/wp\/v2\/users\/1"}],"replies":[{"embeddable":true,"href":"https:\/\/migrantesenigualdad.es\/index.php\/wp-json\/wp\/v2\/comments?post=1685"}],"version-history":[{"count":0,"href":"https:\/\/migrantesenigualdad.es\/index.php\/wp-json\/wp\/v2\/posts\/1685\/revisions"}],"wp:featuredmedia":[{"embeddable":true,"href":"https:\/\/migrantesenigualdad.es\/index.php\/wp-json\/wp\/v2\/media\/1700"}],"wp:attachment":[{"href":"https:\/\/migrantesenigualdad.es\/index.php\/wp-json\/wp\/v2\/media?parent=1685"}],"wp:term":[{"taxonomy":"category","embeddable":true,"href":"https:\/\/migrantesenigualdad.es\/index.php\/wp-json\/wp\/v2\/categories?post=1685"},{"taxonomy":"post_tag","embeddable":true,"href":"https:\/\/migrantesenigualdad.es\/index.php\/wp-json\/wp\/v2\/tags?post=1685"}],"curies":[{"name":"wp","href":"https:\/\/api.w.org\/{rel}","templated":true}]}}