{"id":1671,"date":"2021-07-01T12:38:49","date_gmt":"2021-07-01T12:38:49","guid":{"rendered":"https:\/\/migrantesenigualdad.es\/?p=1671"},"modified":"2021-07-22T07:49:28","modified_gmt":"2021-07-22T07:49:28","slug":"buenas-practicas-en-prensa-3-dos-detenidos-en-algeciras-30-06-21","status":"publish","type":"post","link":"https:\/\/migrantesenigualdad.es\/index.php\/2021\/07\/01\/buenas-practicas-en-prensa-3-dos-detenidos-en-algeciras-30-06-21\/","title":{"rendered":"Buenas pr\u00e1cticas en prensa 3. Dos detenidos en Algeciras&#8230; (30\/06\/21)"},"content":{"rendered":"<p>[et_pb_section fb_built=\u00bb1&#8243; _builder_version=\u00bb4.2.2&#8243; custom_padding=\u00bb0px|||||\u00bb][et_pb_row _builder_version=\u00bb4.2.2&#8243; custom_padding=\u00bb0px|||||\u00bb][et_pb_column type=\u00bb4_4&#8243; _builder_version=\u00bb4.2.2&#8243;][et_pb_text admin_label=\u00bbTexto\u00bb _builder_version=\u00bb4.2.2&#8243; custom_margin=\u00bb0px||0px||false|false\u00bb custom_padding=\u00bb4px|||||\u00bb inline_fonts=\u00bbAbril Fatface,Aleo\u00bb]<\/p>\n<h1 style=\"text-align: justify;\"><span style=\"font-family: Aleo; font-weight: normal; font-size: large;\">El Observatorio de Migrantes en igualdad analiza hoy <a href=\"https:\/\/www.8directo.com\/2021\/06\/30\/dos-detenidos-algeciras-trasladar-migrantes-ceuta-recreo\/\"><span style=\"text-decoration: underline; color: #3366ff;\"><em>una noticia de 8 Directo<\/em><\/span><\/a>, medio del Campo de Gibraltar,<span style=\"text-decoration: underline;\"><span style=\"color: #3366ff; text-decoration: underline;\"><\/span><\/span> siguiendo las recomendaciones de la <a href=\"https:\/\/migrantesenigualdad.es\/wp-content\/uploads\/2021\/06\/Inmigracion-e-informacion.-Recomendaciones-para-periodistas..pdf\"><span style=\"text-decoration: underline;\"><span style=\"color: #3366ff; text-decoration: underline;\"><em>Inmigraci\u00f3n e informaci\u00f3n. Recomendaciones para period\u00edstas<\/em><\/span><\/span><\/a> publicada por la <span style=\"color: #3366ff;\"><em><span style=\"text-decoration: underline;\"><a href=\"http:\/\/apcg.es\/\" style=\"color: #3366ff; text-decoration: underline;\">Asociaci\u00f3n de la Prensa del Campo de Gibraltar<\/a>.<\/span><\/em><\/span><\/span><\/h1>\n<p>&nbsp;<\/p>\n<p>[\/et_pb_text][et_pb_image src=\u00bbhttps:\/\/migrantesenigualdad.es\/wp-content\/uploads\/2021\/07\/Copy-of-Analisis-de-buenas-practicas1.png\u00bb _builder_version=\u00bb4.2.2&#8243;][\/et_pb_image][et_pb_text _builder_version=\u00bb4.9.7&#8243; custom_margin=\u00bb0px||0px||false|false\u00bb custom_padding=\u00bb4px|||||\u00bb inline_fonts=\u00bbAbril Fatface\u00bb]<\/p>\n<h1 style=\"text-align: justify;\"><span style=\"font-family: 'Abril Fatface'; font-weight: normal; font-size: xx-large;\">Dos detenidos en Algeciras acusados de trasladar <span style=\"color: #7ed957;\">migrantes <\/span>desde Ceuta en embarcaciones de recreo<\/span><\/h1>\n<p>&nbsp;<\/p>\n<p>[\/et_pb_text][et_pb_text _builder_version=\u00bb4.2.2&#8243; min_height=\u00bb100px\u00bb custom_margin=\u00bb||0px||false|false\u00bb custom_padding=\u00bb0px||||false|false\u00bb inline_fonts=\u00bbAbril Fatface\u00bb]<\/p>\n<p style=\"text-align: justify;\"><span style=\"font-family: 'Abril Fatface'; font-size: x-large; color: rgba(0, 0, 0, 0.66);\">Cobraban hasta 6.000 euros por <span style=\"color: #7ed957;\">pasajero<\/span> bajo la promesa de viajar en embarcaciones grandes y r\u00e1pidas que, posteriormente, no resultaban serlo.<\/span><\/p>\n<p>[\/et_pb_text][et_pb_text _builder_version=\u00bb4.2.2&#8243; text_font=\u00bb||||||||\u00bb text_line_height=\u00bb2em\u00bb header_text_color=\u00bb#0c71c3&#8243; header_2_font=\u00bb|700|||||||\u00bb header_2_text_align=\u00bbleft\u00bb header_2_text_color=\u00bb#e0b8ff\u00bb header_2_line_height=\u00bb1.1em\u00bb header_3_font=\u00bb|600|||||||\u00bb header_3_text_color=\u00bb#0da0c5&#8243; width=\u00bb100%\u00bb module_alignment=\u00bbcenter\u00bb custom_margin=\u00bb0px||0px||false|false\u00bb custom_padding=\u00bb25px||||false|false\u00bb inline_fonts=\u00bbFredericka the Great,Fredoka One,Frank Ruhl Libre,Annie Use Your Telescope,Aleo\u00bb]<\/p>\n<p style=\"text-align: justify;\"><span style=\"font-family: Aleo; font-weight: normal; font-size: large;\"><strong><span style=\"color: #7ed957;\"><\/span><\/strong>Agentes de la Polic\u00eda Nacional han detenido en Algeciras a dos individuos encargados de trasladar, presuntamente, a <span style=\"color: #7ed957;\">inmigrantes en situaci\u00f3n irregular <\/span>desde Ceuta hasta Algeciras en embarcaciones de recreo, cobrando hasta 6.000 euros por <span style=\"color: #7ed957;\">pasajero<\/span> bajo la promesa de viajar en embarcaciones grandes y r\u00e1pidas que, posteriormente, no resultaban serlo. Se les acusa de un <span style=\"color: #ff5757;\">delito contra los derechos de los ciudadanos extranjeros. <\/span><\/span><\/p>\n<p style=\"text-align: justify;\"><span style=\"font-family: Aleo; font-weight: normal; font-size: large;\"><span style=\"color: #cb6ce6;\">Las investigaciones comenzaron al tener conocimiento de la llegada de una embarcaci\u00f3n al Puerto de Algeciras en la que viajaban a bordo diez ciudadanos extranjeros, uno de ellos menor de edad. <\/span>Para ello, la organizaci\u00f3n criminal sustrajo una embarcaci\u00f3n de recreo en el Puerto Deportivo de Ceuta, <span style=\"color: #cb6ce6;\">con la que realiz\u00f3 el traslado de los ciudadanos extranjeros que hab\u00edan conseguido acceder a la ciudad aut\u00f3noma desde Marruecos.<\/span> Una segunda embarcaci\u00f3n sufri\u00f3 una aver\u00eda y comenz\u00f3 a hundirse con <span style=\"color: #7ed957;\">ocho inmigrantes<\/span> a bordo, <span style=\"color: #ff5757;\">llegando a pasar verdaderos momentos de p\u00e1nico hasta que fueron rescatados<\/span> por una patrullera de la Direcci\u00f3n Adjunta de Vigilancia Aduanera. <\/span><\/p>\n<p style=\"text-align: justify;\"><span style=\"font-family: Aleo; font-weight: normal; font-size: large;\">En ambos casos, las personas encargadas de pilotar la embarcaci\u00f3n se hicieron pasar por <span style=\"color: #7ed957;\">v\u00edctimas migrantes<\/span> para tratar de eludir la investigaci\u00f3n policial, siendo descubiertos por los agentes de la Polic\u00eda Nacional. Ambos han sido puestos a disposici\u00f3n judicial, ingresando en prisi\u00f3n uno de ellos.<\/span><\/p>\n<p>&nbsp;<\/p>\n<p>[\/et_pb_text][\/et_pb_column][\/et_pb_row][\/et_pb_section]<\/p>\n","protected":false},"excerpt":{"rendered":"<p>El Observatorio de Migrantes en igualdad analiza hoy una noticia de 8 Directo, medio del Campo de Gibraltar, siguiendo las recomendaciones de la Inmigraci\u00f3n e informaci\u00f3n. Recomendaciones para period\u00edstas publicada por la Asociaci\u00f3n de la Prensa del Campo de Gibraltar. &nbsp;Dos detenidos en Algeciras acusados de trasladar migrantes desde Ceuta en embarcaciones de recreo &nbsp;Cobraban [&hellip;]<\/p>\n","protected":false},"author":1,"featured_media":1679,"comment_status":"open","ping_status":"closed","sticky":false,"template":"","format":"standard","meta":{"_et_pb_use_builder":"on","_et_pb_old_content":"","_et_gb_content_width":"","_jetpack_newsletter_access":"","_jetpack_dont_email_post_to_subs":false,"_jetpack_newsletter_tier_id":0,"_jetpack_memberships_contains_paywalled_content":false,"_jetpack_feature_clip_id":0,"_jetpack_memberships_contains_paid_content":false,"footnotes":"","jetpack_post_was_ever_published":false},"categories":[26],"tags":[49,13,46,50,51,37,14,45,44,43],"class_list":["post-1671","post","type-post","status-publish","format-standard","has-post-thumbnail","hentry","category-observatorio","tag-algeciras","tag-antirracismo","tag-buenas-practicas","tag-campo-de-gibraltar","tag-ciudadanos-extranjeros","tag-empatia","tag-migrantes","tag-observatorio","tag-periodismo","tag-prensa"],"jetpack_sharing_enabled":true,"jetpack_featured_media_url":"https:\/\/i0.wp.com\/migrantesenigualdad.es\/wp-content\/uploads\/2021\/07\/Copy-of-Buenas-practicas-II.gif?fit=806%2C496&ssl=1","post_mailing_queue_ids":[],"_links":{"self":[{"href":"https:\/\/migrantesenigualdad.es\/index.php\/wp-json\/wp\/v2\/posts\/1671","targetHints":{"allow":["GET"]}}],"collection":[{"href":"https:\/\/migrantesenigualdad.es\/index.php\/wp-json\/wp\/v2\/posts"}],"about":[{"href":"https:\/\/migrantesenigualdad.es\/index.php\/wp-json\/wp\/v2\/types\/post"}],"author":[{"embeddable":true,"href":"https:\/\/migrantesenigualdad.es\/index.php\/wp-json\/wp\/v2\/users\/1"}],"replies":[{"embeddable":true,"href":"https:\/\/migrantesenigualdad.es\/index.php\/wp-json\/wp\/v2\/comments?post=1671"}],"version-history":[{"count":0,"href":"https:\/\/migrantesenigualdad.es\/index.php\/wp-json\/wp\/v2\/posts\/1671\/revisions"}],"wp:featuredmedia":[{"embeddable":true,"href":"https:\/\/migrantesenigualdad.es\/index.php\/wp-json\/wp\/v2\/media\/1679"}],"wp:attachment":[{"href":"https:\/\/migrantesenigualdad.es\/index.php\/wp-json\/wp\/v2\/media?parent=1671"}],"wp:term":[{"taxonomy":"category","embeddable":true,"href":"https:\/\/migrantesenigualdad.es\/index.php\/wp-json\/wp\/v2\/categories?post=1671"},{"taxonomy":"post_tag","embeddable":true,"href":"https:\/\/migrantesenigualdad.es\/index.php\/wp-json\/wp\/v2\/tags?post=1671"}],"curies":[{"name":"wp","href":"https:\/\/api.w.org\/{rel}","templated":true}]}}