{"id":1610,"date":"2021-07-09T08:25:18","date_gmt":"2021-07-09T08:25:18","guid":{"rendered":"https:\/\/migrantesenigualdad.es\/?p=1610"},"modified":"2022-09-20T11:59:17","modified_gmt":"2022-09-20T11:59:17","slug":"noura-una-historia-de-superacion","status":"publish","type":"post","link":"https:\/\/migrantesenigualdad.es\/index.php\/2021\/07\/09\/noura-una-historia-de-superacion\/","title":{"rendered":"Noura. Una historia de superaci\u00f3n"},"content":{"rendered":"<p>[et_pb_section fb_built=\u00bb1&#8243; _builder_version=\u00bb4.16&#8243; global_colors_info=\u00bb{}\u00bb][et_pb_row _builder_version=\u00bb4.16&#8243; custom_padding=\u00bb0px|||||\u00bb global_colors_info=\u00bb{}\u00bb][et_pb_column type=\u00bb4_4&#8243; _builder_version=\u00bb4.16&#8243; global_colors_info=\u00bb{}\u00bb][et_pb_text _builder_version=\u00bb4.16&#8243; min_height=\u00bb688.3px\u00bb custom_padding=\u00bb0px||1px|||\u00bb inline_fonts=\u00bbAbril Fatface,Aleo\u00bb global_colors_info=\u00bb{}\u00bb]<\/p>\n<p style=\"text-align: justify;\"><span style=\"font-family: Aleo; font-weight: normal; font-size: large;\"><span style=\"font-family: 'Abril Fatface'; font-size: x-large;\">Noura<\/span> es una joven marroqu\u00ed de 26 a\u00f1os que lleva casi toda su vida en Ceuta. Conversamos con ella en el mirador de la subida del Recinto, un lugar al aire libre con gran encanto por sus maravillosas vistas a la costa africana y a la ciudad que la vio crecer. <\/span><\/p>\n<p style=\"text-align: justify;\"><span style=\"font-family: Aleo; font-weight: normal; font-size: large;\"><span style=\"font-family: 'Abril Fatface'; font-size: x-large;\">Su historia de tr\u00e1nsito no es muy usual<\/span>. Con un a\u00f1o y medio, su padre la dej\u00f3 con su t\u00eda en Ceuta mientras su familia permanec\u00eda en Marruecos. Una ruptura dolorosa motivada por una raz\u00f3n de fuerza mayor: \u201cnac\u00ed con par\u00e1lisis cerebral y mis padres no ten\u00edan recursos para poder llevarme a un hospital\u201d. Noura nos explica que \u201cen Marruecos hay muchas dificultades, todo se consigue con dinero y mi familia es muy humilde. No ten\u00edan para hacer frente a mis necesidades, solo ten\u00edan para poder comer\u201d. <\/span><\/p>\n<p style=\"text-align: justify;\"><span style=\"font-family: Aleo; font-weight: normal; font-size: large;\"><span style=\"font-family: 'Abril Fatface'; font-size: x-large;\">Fue su t\u00eda en una visita la que dio la voz de alarma<\/span> al ver que Noura no avanzaba, no hablaba, no andaba. Su t\u00eda se dio cuenta de que no pod\u00eda esperar m\u00e1s y propuso acogerla. Su madre accedi\u00f3, dice Noura, porque \u201csab\u00eda que eso era lo mejor para m\u00ed\u201d. Un d\u00eda, su padre cruz\u00f3 la frontera con ella en brazos y la dej\u00f3 all\u00ed. En Ceuta, Noura sufri\u00f3 su primera crisis y la llevaron de urgencia al hospital.<\/span><\/p>\n<p style=\"text-align: justify;\"><span style=\"font-family: Aleo; font-weight: normal; font-size: large;\"> Durante la conversaci\u00f3n, hay una palabra que Noura repite a cada tanto: <span style=\"font-family: 'Abril Fatface'; font-size: x-large;\">gracias<\/span>. Nos explic\u00f3 que el equipo de menores que revis\u00f3 su acogida \u201cven\u00edan a ver c\u00f3mo estaba y se daban cuenta de que mi t\u00eda me llevaba muy bien, de que yo ten\u00eda una vida normal\u201d. Cuando le preguntamos por el tratamiento que recibi\u00f3 para su par\u00e1lisis cerebral, explica que \u201cel equipo m\u00e9dico fue muy profesional, nos ayudaron much\u00edsimo. Cada vez que iba se pon\u00edan muy contentos de ver mis avances\u201d. <\/span><\/p>\n<p style=\"text-align: justify;\"><span style=\"font-family: Aleo; font-weight: normal; font-size: large;\">Tambi\u00e9n gracias a su t\u00eda y a su familia ceut\u00ed: \u201cgracias a ellos tuve una infancia como la de cualquier otra persona, como cualquier otra ni\u00f1a\u201d, pese a vivir con las dificultades propias de su discapacidad. \u201cMi t\u00eda no ten\u00eda hijos,<span style=\"font-family: 'Abril Fatface'; font-size: x-large;\"> cuando yo llegu\u00e9 me convert\u00ed en su alegr\u00eda<\/span>\u201d, recuerda. <\/span><\/p>\n<p style=\"text-align: justify;\"><span style=\"font-family: Aleo; font-weight: normal; font-size: large;\">Es en la etapa escolar donde Noura se\u00f1ala algunos recuerdos negativos de su infancia. \u201cLos ni\u00f1os te apartan a veces, te ven como un bicho raro, te ven as\u00ed porque les cuesta o <span style=\"font-family: 'Abril Fatface'; font-size: x-large;\"><span style=\"font-family: Aleo; font-weight: normal; font-size: large;\">porque<\/span> los padres no les muestran que hay personas con discapacidad que son iguales a ellos\u201d<\/span>, lamenta. Pero tambi\u00e9n tiene recuerdos buenos de su paso por ese colegio p\u00fablico de Ceuta.<\/span><\/p>\n<p>[\/et_pb_text][\/et_pb_column][\/et_pb_row][et_pb_row column_structure=\u00bb2_5,3_5&#8243; _builder_version=\u00bb4.16&#8243; min_height=\u00bb664.3px\u00bb custom_padding=\u00bb0px|||||\u00bb global_colors_info=\u00bb{}\u00bb][et_pb_column type=\u00bb2_5&#8243; _builder_version=\u00bb4.16&#8243; global_colors_info=\u00bb{}\u00bb][et_pb_image src=\u00bbhttps:\/\/migrantesenigualdad.es\/wp-content\/uploads\/2021\/07\/WhatsApp-Image-2021-06-24-at-10.10.01.jpeg\u00bb title_text=\u00bbWhatsApp Image 2021-06-24 at 10.10.01&#8243; _builder_version=\u00bb4.16&#8243; _module_preset=\u00bbdefault\u00bb global_colors_info=\u00bb{}\u00bb][\/et_pb_image][\/et_pb_column][et_pb_column type=\u00bb3_5&#8243; _builder_version=\u00bb4.16&#8243; global_colors_info=\u00bb{}\u00bb][et_pb_text _builder_version=\u00bb4.16&#8243; min_height=\u00bb702.3px\u00bb custom_margin=\u00bb||-65px|||\u00bb custom_padding=\u00bb0px||6px|||\u00bb inline_fonts=\u00bbAbril Fatface,Aleo\u00bb global_colors_info=\u00bb{}\u00bb]<\/p>\n<p style=\"text-align: justify;\"><span style=\"font-family: Aleo; font-weight: normal; font-size: large;\"><\/span><\/p>\n<p style=\"text-align: justify;\"><span style=\"font-family: Aleo; font-weight: normal; font-size: large;\">De all\u00ed, los\/as psic\u00f3logos\/as decidieron mandarla a un colegio de educaci\u00f3n especial. Una decisi\u00f3n que para Noura,<span style=\"font-family: 'Abril Fatface'; font-size: x-large;\"> al principio, supuso \u201cmucha confusi\u00f3n\u201d<\/span> y explica: \u201cTampoco ve\u00eda que tuviera tantas necesidades, aunque iba un poco retrasada\u201d. Describe su llegada al nuevo centro como \u201cmuy muy dura\u201d porque no se sent\u00eda identificada con las otras personas discapacitadas: \u201cVe\u00eda a ese colectivo como si fuera de otro mundo\u201d. El d\u00eda de la presentaci\u00f3n, nos cuenta que \u201cuna ni\u00f1a que hab\u00eda con muchos problemas y no controlaba demasiado me dio mi primer bofet\u00f3n\u201d, lo que hizo que no quisiera estar all\u00ed. Ahora afirma que \u201c<span style=\"font-family: 'Abril Fatface'; font-size: x-large;\">fue lo mejor que me pas\u00f3 en mi vida<\/span>\u201d.<\/span><\/p>\n<p style=\"text-align: justify;\"><span style=\"font-family: Aleo; font-weight: normal; font-size: large;\"> Noura explica que su paso por el colegio de educaci\u00f3n especial le hizo cambiar su mirada sobre su propia realidad:<span style=\"font-family: 'Abril Fatface'; font-size: x-large;\"> \u201cAll\u00ed me abrieron la mente\u201d.<\/span> Si antes se hab\u00eda sentido rechazada, dependiente y sola, con la \u00fanica compa\u00f1\u00eda de su t\u00eda, en este nuevo colegio y con la ayuda de los\/as profesionales, empez\u00f3 a sentirse \u00fatil: \u201ca darme cuenta de lo mucho que valgo, a ser responsable y a ser adulta\u201d. Siente que aquellos\/as profesionales cambiaron su vida: <span style=\"font-family: 'Abril Fatface'; font-size: x-large;\">\u201csacaron a otra Noura de m\u00ed, otra Noura que yo no conoc\u00eda.<\/span> Son mi segunda familia\u201d. <\/span><\/p>\n<p style=\"text-align: justify;\">\n<p>[\/et_pb_text][\/et_pb_column][\/et_pb_row][et_pb_row _builder_version=\u00bb4.16&#8243; custom_padding=\u00bb0px||17px|||\u00bb global_colors_info=\u00bb{}\u00bb][et_pb_column type=\u00bb4_4&#8243; _builder_version=\u00bb4.16&#8243; global_colors_info=\u00bb{}\u00bb][et_pb_text _builder_version=\u00bb4.16&#8243; min_height=\u00bb702.3px\u00bb custom_margin=\u00bb||-20px|||\u00bb custom_padding=\u00bb0px||6px|||\u00bb inline_fonts=\u00bbAbril Fatface,Aleo\u00bb global_colors_info=\u00bb{}\u00bb]<\/p>\n<p style=\"text-align: justify;\"><span style=\"font-family: Aleo; font-weight: normal; font-size: large;\">Nos cuenta que cuando se quiso matricular de asignaturas de secundaria \u201clo \u00fanico que me ofertaron en el colegio fue poder hacer jardiner\u00eda, yo no quer\u00eda hacer jardiner\u00eda,<span style=\"font-family: 'Abril Fatface'; font-size: x-large;\"> las personas discapacitadas no solo podemos ser jardineras<\/span>.\u201d Ella quer\u00eda ocupar su tiempo estudiando lo que estudiaba todo el mundo a su edad, pero: \u201cla educaci\u00f3n no est\u00e1 muy preparada para personas como yo [\u2026] Te ponen muchas barreras.\u201d Intentaron desanimarla: \u201c<span style=\"font-family: 'Abril Fatface'; font-size: x-large;\">me dec\u00edan que tendr\u00eda que invertir muchos a\u00f1os de mi vida <span style=\"font-family: Aleo; font-weight: normal; font-size: large;\">y yo les contest\u00e9 que<\/span> los a\u00f1os eran m\u00edos y que los invert\u00eda en lo que a m\u00ed me apetec\u00eda<\/span>. Al final consegu\u00ed despu\u00e9s de mucha lucha que el Ministerio adaptara mis asignaturas. El profesorado me apoy\u00f3.\u201d Lleg\u00f3 hasta 4\u00ba de la ESO. <\/span><\/p>\n<p style=\"text-align: justify;\"><span style=\"font-family: Aleo; font-weight: normal; font-size: large;\">Noura es perfectamente consciente de la sociedad en la que vive y las dificultades extra a las que tiene que enfrentarse una persona migrante, mujer y discapacitada. Aunque no todas estas caracter\u00edsticas le han influido igual: \u201cPor ser inmigrante yo nunca he sentido esa discriminaci\u00f3n, llegu\u00e9 a Ceuta siendo muy peque\u00f1a. <span style=\"font-family: 'Abril Fatface'; font-size: x-large;\">Quiz\u00e1s mi discapacidad ha hecho que no me sienta discriminada por otras cosas<\/span>. Por ser discapacitada y mujer la sociedad creo que seguir\u00e1 discrimin\u00e1ndome\u201d. <\/span><\/p>\n<p style=\"text-align: justify;\"><span style=\"font-family: Aleo; font-weight: normal; font-size: large;\">Cuando su t\u00eda falleci\u00f3, hace cuatro a\u00f1os, pas\u00f3 uno de los momentos m\u00e1s duros de su vida. Tuvo que enfrentarse a tener que mudarse de casa o recibir ayudas de comida. Profesionales y familia la ayudaron a seguir adelante: <span style=\"font-family: 'Abril Fatface'; font-size: x-large;\">\u201cten\u00eda que levantarme y luchar por mi vida como quer\u00eda mi t\u00eda\u201d<\/span>. Noura quiere ser aut\u00f3noma, como cualquier persona adulta: \u201cQuiero mejorar mi futuro, superarme, conseguir una casa digna, no quiero ayudas, hay personas que seguro las necesitan m\u00e1s que yo.\u201d <\/span><\/p>\n<p style=\"text-align: justify;\"><span style=\"font-family: Aleo; font-weight: normal; font-size: large;\">La llamada de una cadena de hipermercados para ofrecerle un trabajo no pudo llegar en un momento m\u00e1s oportuno. Noura entr\u00f3 pensando que ser\u00eda algo temporal, pero despu\u00e9s de un a\u00f1o, la hicieron indefinida. Destaca la buena relaci\u00f3n que tiene con sus compa\u00f1eros\/as de trabajo, aunque en su d\u00eda a d\u00eda puede encontrarse con el recordatorio de su discapacidad: \u201cA veces hay clientes que vienen a preguntarme algo, por ejemplo, d\u00f3nde est\u00e1 la leche y cuando ven alguna de mi dificultad me dicen que no me preocupe, que ya la buscan por su cuenta.\u201d <span style=\"font-size: x-large;\"><span style=\"font-family: 'Abril Fatface';\">Noura no se piensa como una persona con discapacidad<\/span>:<\/span> \u201cHay momentos en los que me olvido totalmente de ello\u201d, pero en esas ocasiones <span style=\"font-family: 'Abril Fatface'; font-size: x-large;\">es la sociedad la que se lo recuerda. <\/span><\/span><\/p>\n<p style=\"text-align: justify;\"><span style=\"font-family: Aleo; font-weight: normal; font-size: large;\">Aunque est\u00e1 muy contenta con su actual trabajo, ella <span style=\"font-family: 'Abril Fatface'; font-size: x-large;\">tiene un sue\u00f1o<\/span> desde hace tiempo: \u201ccuando llegu\u00e9 al colegio especial de San Antonio me di cuenta de que quer\u00eda ser conserje, ese es otro de mis sue\u00f1os. Yo s\u00e9 que ese trabajo lo puedo hacer perfectamente, es un trabajo digno\u201d. Se propuso opositar y fue a examinarse a Madrid. Nos cuenta que sac\u00f3 muy buenas notas, pero se qued\u00f3 a las puertas. Eso la anima para no abandonar su vocaci\u00f3n. <\/span><\/p>\n<p style=\"text-align: justify;\"><span style=\"font-family: Aleo; font-weight: normal; font-size: large;\"><span style=\"font-family: 'Abril Fatface'; font-size: x-large;\">Noura lo tiene claro y nos lo deja claro<\/span>. Pocas veces entrevistamos a alguien con tanta lucidez y un af\u00e1n de superaci\u00f3n como el suyo. Su motivaci\u00f3n para esta entrevista se ha cumplido:<\/span><\/p>\n<p>[\/et_pb_text][\/et_pb_column][\/et_pb_row][et_pb_row _builder_version=\u00bb4.16&#8243; background_size=\u00bbinitial\u00bb background_position=\u00bbtop_left\u00bb background_repeat=\u00bbrepeat\u00bb min_height=\u00bb100px\u00bb custom_margin=\u00bb||0px||false|false\u00bb global_colors_info=\u00bb{}\u00bb][et_pb_column type=\u00bb4_4&#8243; _builder_version=\u00bb4.16&#8243; custom_padding=\u00bb|||\u00bb global_colors_info=\u00bb{}\u00bb custom_padding__hover=\u00bb|||\u00bb][et_pb_text _builder_version=\u00bb4.16&#8243; text_font=\u00bb||||||||\u00bb text_line_height=\u00bb2em\u00bb header_text_color=\u00bb#0c71c3&#8243; header_2_font=\u00bb|700|||||||\u00bb header_2_text_align=\u00bbleft\u00bb header_2_text_color=\u00bb#e0b8ff\u00bb header_2_line_height=\u00bb1.1em\u00bb header_3_font=\u00bb|600|||||||\u00bb header_3_text_color=\u00bb#0da0c5&#8243; width=\u00bb100%\u00bb module_alignment=\u00bbcenter\u00bb min_height=\u00bb196.8px\u00bb custom_margin=\u00bb||-40px||false|false\u00bb custom_padding=\u00bb||0px|||\u00bb inline_fonts=\u00bbFredericka the Great,Fredoka One,Frank Ruhl Libre,Annie Use Your Telescope\u00bb global_colors_info=\u00bb{}\u00bb]<\/p>\n<h2 style=\"text-align: right;\"><span style=\"text-align: right;\"><span style=\"color: #0da0c5; font-size: xx-large; font-family: 'Annie Use Your Telescope'; font-weight: bold;\">\u201cEsto lo hago para demostrar que hay miles de personas como yo <\/span><\/span><\/h2>\n<h2 style=\"text-align: right;\"><span style=\"text-align: right;\"><span style=\"color: #0da0c5; font-size: xx-large; font-family: 'Annie Use Your Telescope'; font-weight: bold;\">que se ven apartadas y que tienen mucho que ense\u00f1ar<\/span><\/span><span style=\"text-align: right;\"><span style=\"color: #0da0c5; font-size: xx-large; font-family: 'Annie Use Your Telescope'; font-weight: bold;\">.\u00bb<\/span><\/span><\/h2>\n<h2 style=\"text-align: right;\"><span style=\"text-align: right;\"><span color=\"#8300e9\" face=\"Fredericka the Great\" size=\"6\" style=\"color: #8300e9; font-family: 'Fredericka the Great'; font-size: xx-large;\"><span style=\"font-weight: 400;\">Noura. De Ceuta.<\/span><\/span><\/span><\/h2>\n<p>[\/et_pb_text][et_pb_image src=\u00bbhttps:\/\/migrantesenigualdad.es\/wp-content\/uploads\/2021\/07\/WhatsApp-Image-2021-06-24-at-10.11.09.jpeg\u00bb title_text=\u00bbWhatsApp Image 2021-06-24 at 10.11.09&#8243; _builder_version=\u00bb4.16&#8243; _module_preset=\u00bbdefault\u00bb custom_padding=\u00bb0px|||||\u00bb global_colors_info=\u00bb{}\u00bb][\/et_pb_image][\/et_pb_column][\/et_pb_row][et_pb_row _builder_version=\u00bb4.16&#8243; _module_preset=\u00bbdefault\u00bb global_colors_info=\u00bb{}\u00bb][et_pb_column type=\u00bb4_4&#8243; _builder_version=\u00bb4.16&#8243; _module_preset=\u00bbdefault\u00bb global_colors_info=\u00bb{}\u00bb][et_pb_text _builder_version=\u00bb4.16&#8243; _module_preset=\u00bbdefault\u00bb global_colors_info=\u00bb{}\u00bb]<\/p>\n<p><span style=\"font-family: 'Abril Fatface'; font-weight: normal; font-size: large;\">Otras historias de vida:<\/span><\/p>\n<ul>\n<li><a href=\"https:\/\/migrantesenigualdad.es\/index.php\/2021\/09\/24\/leomary-diagnosticando-a-lo-afro\/\"><span style=\"font-family: 'Abril Fatface'; font-weight: normal; font-size: large;\">Leomary. Diagnosticando a lo afro.<\/span><\/a><\/li>\n<li><span style=\"font-family: 'Abril Fatface'; font-weight: normal; font-size: large;\"><a href=\"https:\/\/migrantesenigualdad.es\/index.php\/2021\/06\/22\/hablamos-de-futuro-con-yassine-y-hossny\/\">Yassine y Abderrahim. \u00abMe encanta ayudar a los chicos\u00bb.<\/a><\/span><\/li>\n<\/ul>\n<p>[\/et_pb_text][\/et_pb_column][\/et_pb_row][\/et_pb_section]<\/p>\n","protected":false},"excerpt":{"rendered":"<p>Noura es una joven marroqu\u00ed de 26 a\u00f1os que lleva casi toda su vida en Ceuta. Conversamos con ella en el mirador de la subida del Recinto, un lugar al aire libre con gran encanto por sus maravillosas vistas a la costa africana y a la ciudad que la vio crecer. Su historia de tr\u00e1nsito [&hellip;]<\/p>\n","protected":false},"author":1,"featured_media":1611,"comment_status":"open","ping_status":"closed","sticky":false,"template":"","format":"standard","meta":{"_et_pb_use_builder":"on","_et_pb_old_content":"","_et_gb_content_width":"","_jetpack_newsletter_access":"","_jetpack_dont_email_post_to_subs":false,"_jetpack_newsletter_tier_id":0,"_jetpack_memberships_contains_paywalled_content":false,"_jetpack_feature_clip_id":0,"_jetpack_memberships_contains_paid_content":false,"footnotes":"","jetpack_post_was_ever_published":false},"categories":[189],"tags":[41,33,46,42,38,37,63,15,14,48],"class_list":["post-1610","post","type-post","status-publish","format-standard","has-post-thumbnail","hentry","category-historias-de-vida","tag-adaptabilidad","tag-alteridad","tag-buenas-practicas","tag-ceuta","tag-convivencia","tag-empatia","tag-historias-de-vida","tag-igualdad","tag-migrantes","tag-pueblo"],"jetpack_sharing_enabled":true,"jetpack_featured_media_url":"https:\/\/i0.wp.com\/migrantesenigualdad.es\/wp-content\/uploads\/2021\/06\/2.-Ceuta.png?fit=406%2C250&ssl=1","post_mailing_queue_ids":[],"_links":{"self":[{"href":"https:\/\/migrantesenigualdad.es\/index.php\/wp-json\/wp\/v2\/posts\/1610","targetHints":{"allow":["GET"]}}],"collection":[{"href":"https:\/\/migrantesenigualdad.es\/index.php\/wp-json\/wp\/v2\/posts"}],"about":[{"href":"https:\/\/migrantesenigualdad.es\/index.php\/wp-json\/wp\/v2\/types\/post"}],"author":[{"embeddable":true,"href":"https:\/\/migrantesenigualdad.es\/index.php\/wp-json\/wp\/v2\/users\/1"}],"replies":[{"embeddable":true,"href":"https:\/\/migrantesenigualdad.es\/index.php\/wp-json\/wp\/v2\/comments?post=1610"}],"version-history":[{"count":0,"href":"https:\/\/migrantesenigualdad.es\/index.php\/wp-json\/wp\/v2\/posts\/1610\/revisions"}],"wp:featuredmedia":[{"embeddable":true,"href":"https:\/\/migrantesenigualdad.es\/index.php\/wp-json\/wp\/v2\/media\/1611"}],"wp:attachment":[{"href":"https:\/\/migrantesenigualdad.es\/index.php\/wp-json\/wp\/v2\/media?parent=1610"}],"wp:term":[{"taxonomy":"category","embeddable":true,"href":"https:\/\/migrantesenigualdad.es\/index.php\/wp-json\/wp\/v2\/categories?post=1610"},{"taxonomy":"post_tag","embeddable":true,"href":"https:\/\/migrantesenigualdad.es\/index.php\/wp-json\/wp\/v2\/tags?post=1610"}],"curies":[{"name":"wp","href":"https:\/\/api.w.org\/{rel}","templated":true}]}}